{"id":4318,"date":"2022-02-16T08:19:31","date_gmt":"2022-02-16T08:19:31","guid":{"rendered":"https:\/\/did-dev.net\/mineddte\/?p=4318"},"modified":"2022-10-20T13:25:53","modified_gmt":"2022-10-20T13:25:53","slug":"mission-devaluation-des-preparatifs-cop15-jean-luc-assi-rassure-la-delegation-onusienne-venue-dallemagne","status":"publish","type":"post","link":"https:\/\/did-dev.net\/mineddte\/mission-devaluation-des-preparatifs-cop15-jean-luc-assi-rassure-la-delegation-onusienne-venue-dallemagne\/","title":{"rendered":"MISSION D&#8217;EVALUATION DES PREPARATIFS COP15 : JEAN-LUC ASSI RASSURE LA DELEGATION ONUSIENNE VENUE D\u2019ALLEMAGNE"},"content":{"rendered":"<p style=\"text-align: justify;\"><span style=\"font-family: verdana, geneva, sans-serif;\"><img decoding=\"async\" loading=\"lazy\" class=\"size-full wp-image-4319 aligncenter\" src=\"https:\/\/did-dev.net\/mineddte\/wp-content\/uploads\/2022\/10\/COP-7-scaled.jpg\" alt=\"\" width=\"2560\" height=\"1003\" srcset=\"https:\/\/did-dev.net\/mineddte\/wp-content\/uploads\/2022\/10\/COP-7-scaled.jpg 2560w, https:\/\/did-dev.net\/mineddte\/wp-content\/uploads\/2022\/10\/COP-7-262x103.jpg 262w, https:\/\/did-dev.net\/mineddte\/wp-content\/uploads\/2022\/10\/COP-7-847x332.jpg 847w, https:\/\/did-dev.net\/mineddte\/wp-content\/uploads\/2022\/10\/COP-7-100x39.jpg 100w, https:\/\/did-dev.net\/mineddte\/wp-content\/uploads\/2022\/10\/COP-7-1536x602.jpg 1536w, https:\/\/did-dev.net\/mineddte\/wp-content\/uploads\/2022\/10\/COP-7-2048x803.jpg 2048w\" sizes=\"(max-width: 2560px) 100vw, 2560px\" \/><\/span><\/p>\n<p style=\"text-align: justify;\"><span style=\"font-family: verdana, geneva, sans-serif;\">Monsieur Jean-Luc ASSI, Ministre de l\u2019Environnement et du D\u00e9veloppement Durable a eu une s\u00e9ance de travail avec une d\u00e9l\u00e9gation de la Convention des Nations Unies sur la Lutte Contre la D\u00e9sertification et la S\u00e8cheresse (CNULCD), le mardi 15 f\u00e9vrier 2022, \u00e0 son Cabinet, sis au Plateau Cit\u00e9 Administrative, tour D. Cette rencontre s\u2019inscrit dans le cadre d&#8217;une mission de planification des pr\u00e9paratifs de la COP 15 qu\u2019effectue la d\u00e9l\u00e9gation en C\u00f4te d\u2019Ivoire, lieu qui abritera du 09 au 20 mai, la COP15.<\/span><\/p>\n<p style=\"text-align: justify;\"><span style=\"font-family: verdana, geneva, sans-serif;\">Plusieurs points ont \u00e9t\u00e9 abord\u00e9s, notamment les questions d\u2019ordre s\u00e9curitaire, logistique, sanitaire, d\u2019h\u00e9bergement et du site de la COP15. Monsieur Rajeb Boulharouf, Chef de la d\u00e9l\u00e9gation, s\u2019est dit satisfait de l\u2019\u00e9tat d\u2019avancement des pr\u00e9paratifs. <em>\u00ab Nous sommes l\u00e0 aujourd\u2019hui pour peaufiner les tous derniers d\u00e9tails de la mise en \u0153uvre du plan logistique et op\u00e9rationnel. Et le ministre a \u00e9t\u00e9 en mesure de nous rassurer sur tous les points que nous avons soulev\u00e9s. \u00bb<\/em> a-t-il soulign\u00e9.<\/span><\/p>\n<p style=\"text-align: justify;\"><span style=\"font-family: verdana, geneva, sans-serif;\">Le ministre Jean-Luc ASSI s\u2019est f\u00e9licit\u00e9 de cet entretien et a rassur\u00e9 ses h\u00f4tes de son enti\u00e8re disponibilit\u00e9 \u00e0 faire le n\u00e9cessaire pour lever toutes les contraintes auxquelles peuvent \u00eatre confront\u00e9s le Comit\u00e9 d&#8217;Organisation.<\/span><\/p>\n<p style=\"text-align: justify;\"><span style=\"font-family: verdana, geneva, sans-serif;\">Du 14 au 18 f\u00e9vrier, la d\u00e9l\u00e9gation a pr\u00e9vu plusieurs rencontres et s\u00e9ances de travail avec les autorit\u00e9s gouvernementales, de m\u00eame qu&#8217;avec les acteurs et prestataires impliqu\u00e9s.<\/span><\/p>\n<p style=\"text-align: justify;\"><span style=\"font-family: verdana, geneva, sans-serif;\">Rappelons que la COP 15 est plac\u00e9e sous le th\u00e8me : \u00ab Terres. Vies. Patrimoines : D\u2019un monde pr\u00e9caire vers un avenir prosp\u00e8re \u00bb. Elle drainera des milliers de personnes dont des Chefs d\u2019Etat, des Ministres, des pl\u00e9nipotentiaires, des scientifiques, des journalistes et de nombreux repr\u00e9sentants de la soci\u00e9t\u00e9 civile. Ce sont au total 197 pays membres de Convention qui sont attendus.<\/span><\/p>\n<p style=\"text-align: justify;\">\u00a0<\/p>\n","protected":false},"excerpt":{"rendered":"<p>Monsieur Jean-Luc ASSI, Ministre de l\u2019Environnement et du D\u00e9veloppement Durable a eu une s\u00e9ance de travail avec une d\u00e9l\u00e9gation de la Convention des Nations Unies sur la Lutte Contre la [&hellip;]<\/p>\n","protected":false},"author":1,"featured_media":4319,"comment_status":"closed","ping_status":"closed","sticky":false,"template":"","format":"standard","meta":{"_lmt_disableupdate":"no","_lmt_disable":"","pgc_sgb_lightbox_settings":""},"categories":[58],"tags":[],"post_folder":[59],"modified_by":"MINEDD","_links":{"self":[{"href":"https:\/\/did-dev.net\/mineddte\/wp-json\/wp\/v2\/posts\/4318"}],"collection":[{"href":"https:\/\/did-dev.net\/mineddte\/wp-json\/wp\/v2\/posts"}],"about":[{"href":"https:\/\/did-dev.net\/mineddte\/wp-json\/wp\/v2\/types\/post"}],"author":[{"embeddable":true,"href":"https:\/\/did-dev.net\/mineddte\/wp-json\/wp\/v2\/users\/1"}],"replies":[{"embeddable":true,"href":"https:\/\/did-dev.net\/mineddte\/wp-json\/wp\/v2\/comments?post=4318"}],"version-history":[{"count":1,"href":"https:\/\/did-dev.net\/mineddte\/wp-json\/wp\/v2\/posts\/4318\/revisions"}],"predecessor-version":[{"id":4320,"href":"https:\/\/did-dev.net\/mineddte\/wp-json\/wp\/v2\/posts\/4318\/revisions\/4320"}],"wp:featuredmedia":[{"embeddable":true,"href":"https:\/\/did-dev.net\/mineddte\/wp-json\/wp\/v2\/media\/4319"}],"wp:attachment":[{"href":"https:\/\/did-dev.net\/mineddte\/wp-json\/wp\/v2\/media?parent=4318"}],"wp:term":[{"taxonomy":"category","embeddable":true,"href":"https:\/\/did-dev.net\/mineddte\/wp-json\/wp\/v2\/categories?post=4318"},{"taxonomy":"post_tag","embeddable":true,"href":"https:\/\/did-dev.net\/mineddte\/wp-json\/wp\/v2\/tags?post=4318"},{"taxonomy":"post_folder","embeddable":true,"href":"https:\/\/did-dev.net\/mineddte\/wp-json\/wp\/v2\/post_folder?post=4318"}],"curies":[{"name":"wp","href":"https:\/\/api.w.org\/{rel}","templated":true}]}}