{"id":4308,"date":"2022-02-23T14:44:34","date_gmt":"2022-02-23T14:44:34","guid":{"rendered":"https:\/\/did-dev.net\/mineddte\/?p=4308"},"modified":"2022-10-20T12:47:42","modified_gmt":"2022-10-20T12:47:42","slug":"passation-de-charges-au-minedd-deux-nouveaux-directeurs-prennent-la-tete-de-la-direction-generale-de-lenvironnement-et-la-direction-des-dechets-industriels-et-substances-chimiques","status":"publish","type":"post","link":"https:\/\/did-dev.net\/mineddte\/passation-de-charges-au-minedd-deux-nouveaux-directeurs-prennent-la-tete-de-la-direction-generale-de-lenvironnement-et-la-direction-des-dechets-industriels-et-substances-chimiques\/","title":{"rendered":"PASSATION DE CHARGES AU MINEDD : DEUX NOUVEAUX DIRECTEURS PRENNENT LA TETE DE LA DIRECTION GENERALE DE L\u2019ENVIRONNEMENT ET LA DIRECTION DES DECHETS INDUSTRIELS ET SUBSTANCES CHIMIQUES."},"content":{"rendered":"<p style=\"text-align: justify;\"><span style=\"font-family: verdana, geneva, sans-serif;\"><img decoding=\"async\" loading=\"lazy\" class=\"size-full wp-image-4301 aligncenter\" src=\"https:\/\/did-dev.net\/mineddte\/wp-content\/uploads\/2022\/10\/PASSA-scaled.jpg\" alt=\"\" width=\"2560\" height=\"1003\" srcset=\"https:\/\/did-dev.net\/mineddte\/wp-content\/uploads\/2022\/10\/PASSA-scaled.jpg 2560w, https:\/\/did-dev.net\/mineddte\/wp-content\/uploads\/2022\/10\/PASSA-262x103.jpg 262w, https:\/\/did-dev.net\/mineddte\/wp-content\/uploads\/2022\/10\/PASSA-847x332.jpg 847w, https:\/\/did-dev.net\/mineddte\/wp-content\/uploads\/2022\/10\/PASSA-100x39.jpg 100w, https:\/\/did-dev.net\/mineddte\/wp-content\/uploads\/2022\/10\/PASSA-1536x602.jpg 1536w, https:\/\/did-dev.net\/mineddte\/wp-content\/uploads\/2022\/10\/PASSA-2048x803.jpg 2048w\" sizes=\"(max-width: 2560px) 100vw, 2560px\" \/>La salle de conf\u00e9rence du Minist\u00e8re de l\u2019Environnement et du D\u00e9veloppement Durable (MINEDD), sise \u00e0 la Rivi\u00e9ra BONOUMIN, a servi de cadre, ce mercredi 23 f\u00e9vrier 2022, pour les passations de Service entre monsieur LAVRY Grah Nazaire, Directeur G\u00e9n\u00e9ral de l\u2019Environnement (DGE) sortant et son successeur, monsieur DAGNOGO Sidi Bra\u00efma dans un premier temps et Dr TIE Yro Hyacinthe, Directeur int\u00e9rimaire des D\u00e9chets Industriels et Substances Chimiques (DDISC) et monsieur SEYHI Brahima.<\/span><\/p>\n<p style=\"text-align: justify;\"><span style=\"font-family: verdana, geneva, sans-serif;\">C\u2019\u00e9tait en pr\u00e9sence de monsieur Kouassi Kouam\u00e9, Chef de Cabinet, repr\u00e9sentant monsieur Jean-Luc ASSI, Ministre de l\u2019Environnement et du D\u00e9veloppement Durable, de monsieur DIOMANDE Younoussa, Directeur des Ressources Humaines du MINEDD et du Dr ABBET Nicaise Sosth\u00e8ne, Inspecteur Technique charg\u00e9 des Programmes et Projets.<\/span><\/p>\n<p style=\"text-align: justify;\"><span style=\"font-family: verdana, geneva, sans-serif;\">Les Directeurs sortants ont traduit toute leur gratitude et leur reconnaissance pour la franche collaboration entretenue avec le minist\u00e8re. Ensuite, ils ont indiqu\u00e9 \u00eatre disponible pour toute consultation en vue de contribuer au bon fonctionnement des nouvelles missions assign\u00e9es \u00e0 leurs coll\u00e8gues entrants.<\/span><\/p>\n","protected":false},"excerpt":{"rendered":"<p>La salle de conf\u00e9rence du Minist\u00e8re de l\u2019Environnement et du D\u00e9veloppement Durable (MINEDD), sise \u00e0 la Rivi\u00e9ra BONOUMIN, a servi de cadre, ce mercredi 23 f\u00e9vrier 2022, pour les passations [&hellip;]<\/p>\n","protected":false},"author":1,"featured_media":4301,"comment_status":"closed","ping_status":"closed","sticky":false,"template":"","format":"standard","meta":{"_lmt_disableupdate":"no","_lmt_disable":"","pgc_sgb_lightbox_settings":""},"categories":[58],"tags":[],"post_folder":[59],"modified_by":"MINEDD","_links":{"self":[{"href":"https:\/\/did-dev.net\/mineddte\/wp-json\/wp\/v2\/posts\/4308"}],"collection":[{"href":"https:\/\/did-dev.net\/mineddte\/wp-json\/wp\/v2\/posts"}],"about":[{"href":"https:\/\/did-dev.net\/mineddte\/wp-json\/wp\/v2\/types\/post"}],"author":[{"embeddable":true,"href":"https:\/\/did-dev.net\/mineddte\/wp-json\/wp\/v2\/users\/1"}],"replies":[{"embeddable":true,"href":"https:\/\/did-dev.net\/mineddte\/wp-json\/wp\/v2\/comments?post=4308"}],"version-history":[{"count":1,"href":"https:\/\/did-dev.net\/mineddte\/wp-json\/wp\/v2\/posts\/4308\/revisions"}],"predecessor-version":[{"id":4309,"href":"https:\/\/did-dev.net\/mineddte\/wp-json\/wp\/v2\/posts\/4308\/revisions\/4309"}],"wp:featuredmedia":[{"embeddable":true,"href":"https:\/\/did-dev.net\/mineddte\/wp-json\/wp\/v2\/media\/4301"}],"wp:attachment":[{"href":"https:\/\/did-dev.net\/mineddte\/wp-json\/wp\/v2\/media?parent=4308"}],"wp:term":[{"taxonomy":"category","embeddable":true,"href":"https:\/\/did-dev.net\/mineddte\/wp-json\/wp\/v2\/categories?post=4308"},{"taxonomy":"post_tag","embeddable":true,"href":"https:\/\/did-dev.net\/mineddte\/wp-json\/wp\/v2\/tags?post=4308"},{"taxonomy":"post_folder","embeddable":true,"href":"https:\/\/did-dev.net\/mineddte\/wp-json\/wp\/v2\/post_folder?post=4308"}],"curies":[{"name":"wp","href":"https:\/\/api.w.org\/{rel}","templated":true}]}}