{"id":4307,"date":"2022-02-22T13:12:08","date_gmt":"2022-02-22T13:12:08","guid":{"rendered":"https:\/\/did-dev.net\/mineddte\/?p=4307"},"modified":"2022-10-20T13:14:50","modified_gmt":"2022-10-20T13:14:50","slug":"kenya-5e-session-de-lassemblee-des-nations-unis-sur-lenvironnement-la-cote-divoire-participe-a-la-mise-en-oeuvre-de-solutions-basees-sur-la-nature-pour-atteindre-les-odd-5","status":"publish","type":"post","link":"https:\/\/did-dev.net\/mineddte\/kenya-5e-session-de-lassemblee-des-nations-unis-sur-lenvironnement-la-cote-divoire-participe-a-la-mise-en-oeuvre-de-solutions-basees-sur-la-nature-pour-atteindre-les-odd-5\/","title":{"rendered":"CAFE-CACAO : LES ACTEURS DE LA FILIERE FONT LE POINT DES TRAVAUX DE TRA\u00c7ABILITE AU PREMIER MINISTRE PATRICK ACHI"},"content":{"rendered":"<p style=\"text-align: justify;\"><span style=\"font-family: verdana, geneva, sans-serif;\"><img decoding=\"async\" loading=\"lazy\" class=\"size-full wp-image-4314 aligncenter\" src=\"https:\/\/did-dev.net\/mineddte\/wp-content\/uploads\/2022\/10\/CAFE-scaled.jpg\" alt=\"\" width=\"2560\" height=\"1003\" srcset=\"https:\/\/did-dev.net\/mineddte\/wp-content\/uploads\/2022\/10\/CAFE-scaled.jpg 2560w, https:\/\/did-dev.net\/mineddte\/wp-content\/uploads\/2022\/10\/CAFE-262x103.jpg 262w, https:\/\/did-dev.net\/mineddte\/wp-content\/uploads\/2022\/10\/CAFE-847x332.jpg 847w, https:\/\/did-dev.net\/mineddte\/wp-content\/uploads\/2022\/10\/CAFE-100x39.jpg 100w, https:\/\/did-dev.net\/mineddte\/wp-content\/uploads\/2022\/10\/CAFE-1536x602.jpg 1536w, https:\/\/did-dev.net\/mineddte\/wp-content\/uploads\/2022\/10\/CAFE-2048x803.jpg 2048w\" sizes=\"(max-width: 2560px) 100vw, 2560px\" \/>Le Premier Ministre ivoirien, Patrick Achi, a eu le 21 f\u00e9vrier 2022 \u00e0 Abidjan, un \u00e9change avec l\u2019ensemble des acteurs de la fili\u00e8re caf\u00e9-cacao sur l\u2019\u00e9tat d\u2019avancement de la mise en \u0153uvre du syst\u00e8me de tra\u00e7abilit\u00e9.<\/span><\/p>\n<p style=\"text-align: justify;\"><span style=\"font-family: verdana, geneva, sans-serif;\">\u00ab Le Premier Ministre nous a invit\u00e9s \u00e0 pr\u00e9senter l\u2019\u00e9tat d\u2019avancement de nos travaux sur la tra\u00e7abilit\u00e9 du caf\u00e9 et du cacao. Il a souhait\u00e9 que nous le fassions en pr\u00e9sence des exportateurs, avec lesquels nous sommes en contact quotidien\u2026 Nous avons la responsabilit\u00e9 de travailler ensemble de mani\u00e8re \u00e0 ce que le cacao de notre pays soit d\u00e9fendu face aux consommateurs. C\u2019est le m\u00eame produit et nous avons les m\u00eames int\u00e9r\u00eats. Par cons\u00e9quent, il n\u2019y aura pas plusieurs tra\u00e7abilit\u00e9s, mais une tra\u00e7abilit\u00e9 unique au plan national \u00bb, a d\u00e9clar\u00e9 le Directeur G\u00e9n\u00e9ral du Conseil Caf\u00e9-Cacao (CCC), Yves Brahima Kon\u00e9.<\/span><\/p>\n<p style=\"text-align: justify;\"><span style=\"font-family: verdana, geneva, sans-serif;\">Le Conseil a d\u00e9fini un syst\u00e8me de tra\u00e7abilit\u00e9 qui sera utilisable par tous les op\u00e9rateurs. C\u2019est dans ce cadre que s\u2019inscrit le recensement de l\u2019ensemble des producteurs de la fili\u00e8re. Tout comme le d\u00e9veloppement d\u2019outils d\u2019op\u00e9rationnalisation du syst\u00e8me de tra\u00e7abilit\u00e9. \u00ab D\u2019ici fin mars 2022, nous allons commencer \u00e0 distribuer les premi\u00e8res cartes aux planteurs \u00bb, a-t-il dit.<\/span><\/p>\n<p style=\"text-align: justify;\"><span style=\"font-family: verdana, geneva, sans-serif;\">Au regard de la r\u00e8glementation de l\u2019Union Europ\u00e9enne, \u00e0 savoir l&#8217;interdiction d\u2019importation dans sa zone de produits agricoles issus de la d\u00e9forestation, la pr\u00e9sidente du Groupement des exportateurs (GEPEX), Fran\u00e7oise Mariame Kon\u00e9 B\u00e9di\u00e9, a salu\u00e9 l\u2019initiative du gouvernement de mettre en place un syst\u00e8me de tra\u00e7abilit\u00e9 unique pour la C\u00f4te d\u2019Ivoire, avec le soutien du secteur priv\u00e9. \u00ab Nous avons beaucoup appr\u00e9ci\u00e9 cette invitation du Premier Ministre. Les \u00e9changes qui ont meubl\u00e9 la rencontre ont \u00e9t\u00e9 tr\u00e8s enrichissants \u00bb, s&#8217;est-elle r\u00e9jouie.<\/span><\/p>\n<p style=\"text-align: justify;\"><span style=\"font-family: verdana, geneva, sans-serif;\">Source : Primature<\/span><\/p>\n","protected":false},"excerpt":{"rendered":"<p>Le Premier Ministre ivoirien, Patrick Achi, a eu le 21 f\u00e9vrier 2022 \u00e0 Abidjan, un \u00e9change avec l\u2019ensemble des acteurs de la fili\u00e8re caf\u00e9-cacao sur l\u2019\u00e9tat d\u2019avancement de la mise [&hellip;]<\/p>\n","protected":false},"author":1,"featured_media":4314,"comment_status":"closed","ping_status":"closed","sticky":false,"template":"","format":"standard","meta":{"_lmt_disableupdate":"no","_lmt_disable":"","pgc_sgb_lightbox_settings":""},"categories":[58],"tags":[],"post_folder":[59],"modified_by":"MINEDD","_links":{"self":[{"href":"https:\/\/did-dev.net\/mineddte\/wp-json\/wp\/v2\/posts\/4307"}],"collection":[{"href":"https:\/\/did-dev.net\/mineddte\/wp-json\/wp\/v2\/posts"}],"about":[{"href":"https:\/\/did-dev.net\/mineddte\/wp-json\/wp\/v2\/types\/post"}],"author":[{"embeddable":true,"href":"https:\/\/did-dev.net\/mineddte\/wp-json\/wp\/v2\/users\/1"}],"replies":[{"embeddable":true,"href":"https:\/\/did-dev.net\/mineddte\/wp-json\/wp\/v2\/comments?post=4307"}],"version-history":[{"count":1,"href":"https:\/\/did-dev.net\/mineddte\/wp-json\/wp\/v2\/posts\/4307\/revisions"}],"predecessor-version":[{"id":4317,"href":"https:\/\/did-dev.net\/mineddte\/wp-json\/wp\/v2\/posts\/4307\/revisions\/4317"}],"wp:featuredmedia":[{"embeddable":true,"href":"https:\/\/did-dev.net\/mineddte\/wp-json\/wp\/v2\/media\/4314"}],"wp:attachment":[{"href":"https:\/\/did-dev.net\/mineddte\/wp-json\/wp\/v2\/media?parent=4307"}],"wp:term":[{"taxonomy":"category","embeddable":true,"href":"https:\/\/did-dev.net\/mineddte\/wp-json\/wp\/v2\/categories?post=4307"},{"taxonomy":"post_tag","embeddable":true,"href":"https:\/\/did-dev.net\/mineddte\/wp-json\/wp\/v2\/tags?post=4307"},{"taxonomy":"post_folder","embeddable":true,"href":"https:\/\/did-dev.net\/mineddte\/wp-json\/wp\/v2\/post_folder?post=4307"}],"curies":[{"name":"wp","href":"https:\/\/api.w.org\/{rel}","templated":true}]}}