{"id":4306,"date":"2022-02-18T10:05:52","date_gmt":"2022-02-18T10:05:52","guid":{"rendered":"https:\/\/did-dev.net\/mineddte\/?p=4306"},"modified":"2022-10-20T13:09:59","modified_gmt":"2022-10-20T13:09:59","slug":"kenya-5e-session-de-lassemblee-des-nations-unis-sur-lenvironnement-la-cote-divoire-participe-a-la-mise-en-oeuvre-de-solutions-basees-sur-la-nature-pour-atteindre-les-odd-4","status":"publish","type":"post","link":"https:\/\/did-dev.net\/mineddte\/kenya-5e-session-de-lassemblee-des-nations-unis-sur-lenvironnement-la-cote-divoire-participe-a-la-mise-en-oeuvre-de-solutions-basees-sur-la-nature-pour-atteindre-les-odd-4\/","title":{"rendered":"ENVIRONNEMENT : LE MINISTRE JEAN-LUC ASSI ASSAINIT LE SECTEUR DE COLLECTE ET DE TRAITEMENT DES HUILES USAGEES"},"content":{"rendered":"<p style=\"text-align: justify;\"><span style=\"font-family: verdana, geneva, sans-serif;\"><img decoding=\"async\" loading=\"lazy\" class=\"size-full wp-image-4315 aligncenter\" src=\"https:\/\/did-dev.net\/mineddte\/wp-content\/uploads\/2022\/10\/HUILE-scaled.jpg\" alt=\"\" width=\"2560\" height=\"1003\" srcset=\"https:\/\/did-dev.net\/mineddte\/wp-content\/uploads\/2022\/10\/HUILE-scaled.jpg 2560w, https:\/\/did-dev.net\/mineddte\/wp-content\/uploads\/2022\/10\/HUILE-262x103.jpg 262w, https:\/\/did-dev.net\/mineddte\/wp-content\/uploads\/2022\/10\/HUILE-847x332.jpg 847w, https:\/\/did-dev.net\/mineddte\/wp-content\/uploads\/2022\/10\/HUILE-100x39.jpg 100w, https:\/\/did-dev.net\/mineddte\/wp-content\/uploads\/2022\/10\/HUILE-1536x602.jpg 1536w, https:\/\/did-dev.net\/mineddte\/wp-content\/uploads\/2022\/10\/HUILE-2048x803.jpg 2048w\" sizes=\"(max-width: 2560px) 100vw, 2560px\" \/><\/span><\/p>\n<p style=\"text-align: justify;\"><span style=\"font-family: verdana, geneva, sans-serif;\">Dans la mise en \u0153uvre de la politique environnementale de la C\u00f4te d\u2019Ivoire, le cabinet du Minist\u00e8re de l\u2019Environnement et du D\u00e9veloppement Durable (MINEDD) a abrit\u00e9 une s\u00e9ance de travail avec les op\u00e9rateurs \u00e9conomiques de la fili\u00e8re de collecte, de valorisation et\/ou de traitement des huiles usag\u00e9es. C\u2019\u00e9tait le jeudi 17 f\u00e9vrier 2022 au Cabinet du MINEDD sis au Plateau, Cit\u00e9 Administrative Tour D.<\/span><\/p>\n<p style=\"text-align: justify;\"><span style=\"font-family: verdana, geneva, sans-serif;\">Cette rencontre fait suite aux \u00e9changes entam\u00e9s depuis le 25 novembre 2021 entre le minist\u00e8re et ces op\u00e9rateurs \u00e9conomiques de ce secteur. Il s\u2019agissait des modalit\u00e9s d\u2019application du nouvel arr\u00eat\u00e9 n\u00b000236\/MINEDD\/DGE du 19 ao\u00fbt 2021, pris par le Ministre et portant proc\u00e9dure de d\u00e9livrance d\u2019agr\u00e9ment pour la collecte, le stockage, la valorisation et\/ou l\u2019\u00e9limination des huiles usag\u00e9es.<\/span><\/p>\n<p style=\"text-align: justify;\"><span style=\"font-family: verdana, geneva, sans-serif;\">Ainsi, la composition du dossier de demande d\u2019agr\u00e9ment (article 5) ; le principe du pollueur-payeur (article 15) ; le d\u00e9lai d\u2019application du nouvel arr\u00eat\u00e9 et la gestion des structures de collecte ont \u00e9t\u00e9 les points abord\u00e9s.<\/span><\/p>\n<p style=\"text-align: justify;\"><span style=\"font-family: verdana, geneva, sans-serif;\">Ces \u00e9changes ont permis aux diff\u00e9rents acteurs de lever les zones d\u2019ombre quant \u00e0 la compr\u00e9hension et \u00e0 l\u2019application du pr\u00e9sent arr\u00eat\u00e9. Monsieur Parfait Kouadio, Directeur de Cabinet a, au nom du ministre Jean-Luc ASSI, rassur\u00e9 les parties prenantes de son enti\u00e8re disponibilit\u00e9 \u00e0 toutes discussions susceptibles de faciliter et d\u2019am\u00e9liorer la gestion \u00e9cologiquement rationnelle des huiles usag\u00e9e. <em>\u00ab Le ministre veut prendre en compte tous les acteurs intervenants dans le secteur et ne veut arracher le pain de la bouche de personne. Soyez-en rassurez ! \u00bb<\/em> a-t-il d\u00e9clar\u00e9.<\/span><\/p>\n<p style=\"text-align: justify;\"><span style=\"font-family: verdana, geneva, sans-serif;\">A l\u2019issue de cette rencontre, il convient de noter que la certification ISO dans la composition du dossier de demande d\u2019agr\u00e9ment reste facultative pour les acteurs. D\u2019un commun accord, le d\u00e9lai d\u2019application du nouvel arr\u00eat\u00e9 a \u00e9t\u00e9 prorog\u00e9 de deux (02) mois, \u00e0 compter du 19 f\u00e9vrier 2022, date initiale d\u2019entr\u00e9e en vigueur du nouvel arr\u00eat\u00e9. Quant aux structures de collecte, elles seront r\u00e9pertori\u00e9es et mises \u00e0 la disposition des acteurs du traitement des huiles usag\u00e9es.<\/span><\/p>\n<p style=\"text-align: justify;\"><span style=\"font-family: verdana, geneva, sans-serif;\">Rappelons que l\u2019arr\u00eat\u00e9 s\u2019applique aux activit\u00e9s de collecte, de stockage et de traitement des huiles usag\u00e9es issues de la vidange de v\u00e9hicules et autres engins motoris\u00e9s, des filtres \u00e0 huiles usag\u00e9es et des r\u00e9sidus d\u2019hydrocarbures issus des r\u00e9servoirs de stockage. Il vise \u00e0 renforcer le cadre r\u00e8glementaire et institutionnel de cette fili\u00e8re de sorte \u00e0 mieux encadrer les activit\u00e9s dans le domaine et contribuer \u00e0 la protection de l\u2019environnement. Certains acteurs de ce secteur mettent la vie des populations en danger. Ces huiles usag\u00e9es destin\u00e9es au recyclage se retrouvent parfois dans les boulangeries, p\u00e2tisseries, etc, ou encore d\u00e9vers\u00e9es dans la nature. Ce qui constitue un danger pour la sant\u00e9 de nos populations et de l\u2019environnement.<\/span><\/p>\n","protected":false},"excerpt":{"rendered":"<p>Dans la mise en \u0153uvre de la politique environnementale de la C\u00f4te d\u2019Ivoire, le cabinet du Minist\u00e8re de l\u2019Environnement et du D\u00e9veloppement Durable (MINEDD) a abrit\u00e9 une s\u00e9ance de travail [&hellip;]<\/p>\n","protected":false},"author":1,"featured_media":4315,"comment_status":"closed","ping_status":"closed","sticky":false,"template":"","format":"standard","meta":{"_lmt_disableupdate":"no","_lmt_disable":"","pgc_sgb_lightbox_settings":""},"categories":[58],"tags":[],"post_folder":[59],"modified_by":"MINEDD","_links":{"self":[{"href":"https:\/\/did-dev.net\/mineddte\/wp-json\/wp\/v2\/posts\/4306"}],"collection":[{"href":"https:\/\/did-dev.net\/mineddte\/wp-json\/wp\/v2\/posts"}],"about":[{"href":"https:\/\/did-dev.net\/mineddte\/wp-json\/wp\/v2\/types\/post"}],"author":[{"embeddable":true,"href":"https:\/\/did-dev.net\/mineddte\/wp-json\/wp\/v2\/users\/1"}],"replies":[{"embeddable":true,"href":"https:\/\/did-dev.net\/mineddte\/wp-json\/wp\/v2\/comments?post=4306"}],"version-history":[{"count":1,"href":"https:\/\/did-dev.net\/mineddte\/wp-json\/wp\/v2\/posts\/4306\/revisions"}],"predecessor-version":[{"id":4316,"href":"https:\/\/did-dev.net\/mineddte\/wp-json\/wp\/v2\/posts\/4306\/revisions\/4316"}],"wp:featuredmedia":[{"embeddable":true,"href":"https:\/\/did-dev.net\/mineddte\/wp-json\/wp\/v2\/media\/4315"}],"wp:attachment":[{"href":"https:\/\/did-dev.net\/mineddte\/wp-json\/wp\/v2\/media?parent=4306"}],"wp:term":[{"taxonomy":"category","embeddable":true,"href":"https:\/\/did-dev.net\/mineddte\/wp-json\/wp\/v2\/categories?post=4306"},{"taxonomy":"post_tag","embeddable":true,"href":"https:\/\/did-dev.net\/mineddte\/wp-json\/wp\/v2\/tags?post=4306"},{"taxonomy":"post_folder","embeddable":true,"href":"https:\/\/did-dev.net\/mineddte\/wp-json\/wp\/v2\/post_folder?post=4306"}],"curies":[{"name":"wp","href":"https:\/\/api.w.org\/{rel}","templated":true}]}}