{"id":4304,"date":"2022-02-25T12:49:57","date_gmt":"2022-02-25T12:49:57","guid":{"rendered":"https:\/\/did-dev.net\/mineddte\/?p=4304"},"modified":"2022-10-20T12:57:47","modified_gmt":"2022-10-20T12:57:47","slug":"kenya-5e-session-de-lassemblee-des-nations-unis-sur-lenvironnement-la-cote-divoire-participe-a-la-mise-en-oeuvre-de-solutions-basees-sur-la-nature-pour-atteindre-les-odd-2","status":"publish","type":"post","link":"https:\/\/did-dev.net\/mineddte\/kenya-5e-session-de-lassemblee-des-nations-unis-sur-lenvironnement-la-cote-divoire-participe-a-la-mise-en-oeuvre-de-solutions-basees-sur-la-nature-pour-atteindre-les-odd-2\/","title":{"rendered":"MOBILISATION DES FINANCEMENTS : L\u2019INSTITUT MONDIAL POUR LA CROISSANCE VERTE PREPARE LA COTE D\u2019IVOIRE A LA FINANCE CLIMATIQUE"},"content":{"rendered":"<p style=\"text-align: justify;\"><span style=\"font-family: verdana, geneva, sans-serif;\"><img decoding=\"async\" loading=\"lazy\" class=\"size-full wp-image-4310 aligncenter\" src=\"https:\/\/did-dev.net\/mineddte\/wp-content\/uploads\/2022\/10\/GGGI-scaled.jpg\" alt=\"\" width=\"2560\" height=\"1003\" srcset=\"https:\/\/did-dev.net\/mineddte\/wp-content\/uploads\/2022\/10\/GGGI-scaled.jpg 2560w, https:\/\/did-dev.net\/mineddte\/wp-content\/uploads\/2022\/10\/GGGI-262x103.jpg 262w, https:\/\/did-dev.net\/mineddte\/wp-content\/uploads\/2022\/10\/GGGI-847x332.jpg 847w, https:\/\/did-dev.net\/mineddte\/wp-content\/uploads\/2022\/10\/GGGI-100x39.jpg 100w, https:\/\/did-dev.net\/mineddte\/wp-content\/uploads\/2022\/10\/GGGI-1536x602.jpg 1536w, https:\/\/did-dev.net\/mineddte\/wp-content\/uploads\/2022\/10\/GGGI-2048x803.jpg 2048w\" sizes=\"(max-width: 2560px) 100vw, 2560px\" \/>Le Minist\u00e8re de l\u2019Environnement et du D\u00e9veloppement Durable, en collaboration avec l\u2019Institut Mondial pour la Croissance Verte ou Global Green Growth Institue (GGGI) a organis\u00e9 un atelier de lancement du programme de pr\u00e9paration de la C\u00f4te d\u2019Ivoire \u00e0 la finance climatique. C\u2019\u00e9tait le jeudi 24 f\u00e9vrier 2022, dans un r\u00e9ceptacle h\u00f4telier sis Plateau, en pr\u00e9sence du ministre Gouverneur du District Autonome d\u2019Abidjan, de plusieurs repr\u00e9sentants issus des minist\u00e8res techniques, des parlementaires, du conseil \u00e9conomique, social, environnemental et culturel, des partenaires techniques et financiers, du secteur priv\u00e9 et de la soci\u00e9t\u00e9 civile.<\/span><\/p>\n<p style=\"text-align: justify;\"><span style=\"font-family: verdana, geneva, sans-serif;\">L\u2019objet de la rencontre a port\u00e9 sur la pr\u00e9sentation du projet readiness \u00ab Appui \u00e0 la mise en place d&#8217;un v\u00e9hicule national de financement des b\u00e2timents et infrastructures \u00e9cologiques, au d\u00e9veloppement d&#8217;un syst\u00e8me de conformit\u00e9 minimale des b\u00e2timents \u00e9cologiques et \u00e0 la soumission du dossier d\u2019accr\u00e9ditation d\u2019une entit\u00e9 \u00e0 acc\u00e8s direct pour la Cote d&#8217;Ivoire \u00bb. Il vise \u00e0 aider la Banque Nationale d\u2019Investissement (BNI) \u00e0 soumettre sa demande d&#8217;accr\u00e9ditation, \u00e0 renforcer la capacit\u00e9 du gouvernement, \u00e0 d\u00e9velopper des comp\u00e9tences et \u00e0 mettre en \u0153uvre des projets climatiques en vue de soumettre des notes conceptuelles de projet au GCF. Au-del\u00e0, le projet contribuera \u00e0 l&#8217;\u00e9laboration d&#8217;un syst\u00e8me de conformit\u00e9 minimale pour les b\u00e2timents verts, d&#8217;une strat\u00e9gie verte pour la ville d\u2019Abidjan et d&#8217;un v\u00e9hicule financier national ax\u00e9 sur les b\u00e2timents et infrastructures verts.<\/span><\/p>\n<p style=\"text-align: justify;\"><span style=\"font-family: verdana, geneva, sans-serif;\">Monsieur KODEHI Gnahor\u00e9, Directeur de Cabinet Adjoint, repr\u00e9sentant le monsieur Jean-Luc ASSI, ministre de l\u2019Environnement et du D\u00e9veloppement Durable, a f\u00e9licit\u00e9 le GGGI pour son assistance technique. <em>\u00ab Cette assistance a permis d\u2019obtenir le financement de ce projet readiness qui contribuera \u00e0 acc\u00e9l\u00e9rer la transition vers une \u00e9conomie verte de notre pays notamment dans les secteurs de la finance climatique, des b\u00e2timents \u00e9cologiques et des villes vertes \u00bb.<\/em><\/span><\/p>\n<p style=\"text-align: justify;\"><span style=\"font-family: verdana, geneva, sans-serif;\">La repr\u00e9sentante Pays du GGGI, Madame VIEYRA Olola, a pour sa part exhort\u00e9 les participants de la rencontre \u00e0 \u00eatre des porte-paroles aupr\u00e8s des parties prenantes et autorit\u00e9s respectives, en vue d&#8217;une bonne c\u00e9l\u00e9rit\u00e9 des travaux \u00e0 mener.<\/span><\/p>\n<p style=\"text-align: justify;\"><span style=\"font-family: verdana, geneva, sans-serif;\">Soulignons que le GGGI appui les pays membres dans la mise en \u0153uvre de leur contribution nationale d\u00e9termin\u00e9e en vue de l\u2019atteinte des ODD d\u2019ici 2030. A travers un cadre de coop\u00e9ration, mis en vigueur le 08 f\u00e9vrier 2022, le GGGI appuie la C\u00f4te d\u2019Ivoire pour la transition vers une \u00e9conomie verte \u00e0 faible \u00e9mission de carbone.<\/span><\/p>\n","protected":false},"excerpt":{"rendered":"<p>Le Minist\u00e8re de l\u2019Environnement et du D\u00e9veloppement Durable, en collaboration avec l\u2019Institut Mondial pour la Croissance Verte ou Global Green Growth Institue (GGGI) a organis\u00e9 un atelier de lancement du [&hellip;]<\/p>\n","protected":false},"author":1,"featured_media":4310,"comment_status":"closed","ping_status":"closed","sticky":false,"template":"","format":"standard","meta":{"_lmt_disableupdate":"no","_lmt_disable":"","pgc_sgb_lightbox_settings":""},"categories":[58],"tags":[],"post_folder":[59],"modified_by":"MINEDD","_links":{"self":[{"href":"https:\/\/did-dev.net\/mineddte\/wp-json\/wp\/v2\/posts\/4304"}],"collection":[{"href":"https:\/\/did-dev.net\/mineddte\/wp-json\/wp\/v2\/posts"}],"about":[{"href":"https:\/\/did-dev.net\/mineddte\/wp-json\/wp\/v2\/types\/post"}],"author":[{"embeddable":true,"href":"https:\/\/did-dev.net\/mineddte\/wp-json\/wp\/v2\/users\/1"}],"replies":[{"embeddable":true,"href":"https:\/\/did-dev.net\/mineddte\/wp-json\/wp\/v2\/comments?post=4304"}],"version-history":[{"count":1,"href":"https:\/\/did-dev.net\/mineddte\/wp-json\/wp\/v2\/posts\/4304\/revisions"}],"predecessor-version":[{"id":4312,"href":"https:\/\/did-dev.net\/mineddte\/wp-json\/wp\/v2\/posts\/4304\/revisions\/4312"}],"wp:featuredmedia":[{"embeddable":true,"href":"https:\/\/did-dev.net\/mineddte\/wp-json\/wp\/v2\/media\/4310"}],"wp:attachment":[{"href":"https:\/\/did-dev.net\/mineddte\/wp-json\/wp\/v2\/media?parent=4304"}],"wp:term":[{"taxonomy":"category","embeddable":true,"href":"https:\/\/did-dev.net\/mineddte\/wp-json\/wp\/v2\/categories?post=4304"},{"taxonomy":"post_tag","embeddable":true,"href":"https:\/\/did-dev.net\/mineddte\/wp-json\/wp\/v2\/tags?post=4304"},{"taxonomy":"post_folder","embeddable":true,"href":"https:\/\/did-dev.net\/mineddte\/wp-json\/wp\/v2\/post_folder?post=4304"}],"curies":[{"name":"wp","href":"https:\/\/api.w.org\/{rel}","templated":true}]}}