{"id":4294,"date":"2022-03-04T14:24:34","date_gmt":"2022-03-04T14:24:34","guid":{"rendered":"https:\/\/did-dev.net\/mineddte\/?p=4294"},"modified":"2022-10-20T12:27:59","modified_gmt":"2022-10-20T12:27:59","slug":"kenya-5e-session-de-lassemblee-des-nations-unis-sur-lenvironnement-la-cote-divoire-participe-a-la-mise-en-oeuvre-de-solutions-basees-sur-la-nature-pour-atteindre-les-odd","status":"publish","type":"post","link":"https:\/\/did-dev.net\/mineddte\/kenya-5e-session-de-lassemblee-des-nations-unis-sur-lenvironnement-la-cote-divoire-participe-a-la-mise-en-oeuvre-de-solutions-basees-sur-la-nature-pour-atteindre-les-odd\/","title":{"rendered":"KENYA \/ 5E SESSION DE L\u2019ASSEMBLEE DES NATIONS UNIS SUR L\u2019ENVIRONNEMENT : LA COTE D\u2019IVOIRE PARTICIPE A LA MISE EN \u0152UVRE DE SOLUTIONS BASEES SUR LA NATURE POUR ATTEINDRE LES ODD"},"content":{"rendered":"<p style=\"text-align: justify;\"><span style=\"font-family: verdana, geneva, sans-serif;\"><img decoding=\"async\" loading=\"lazy\" class=\"size-full wp-image-4297 aligncenter\" src=\"https:\/\/did-dev.net\/mineddte\/wp-content\/uploads\/2022\/10\/KENYA-scaled.jpg\" alt=\"\" width=\"2560\" height=\"1003\" srcset=\"https:\/\/did-dev.net\/mineddte\/wp-content\/uploads\/2022\/10\/KENYA-scaled.jpg 2560w, https:\/\/did-dev.net\/mineddte\/wp-content\/uploads\/2022\/10\/KENYA-262x103.jpg 262w, https:\/\/did-dev.net\/mineddte\/wp-content\/uploads\/2022\/10\/KENYA-847x332.jpg 847w, https:\/\/did-dev.net\/mineddte\/wp-content\/uploads\/2022\/10\/KENYA-100x39.jpg 100w, https:\/\/did-dev.net\/mineddte\/wp-content\/uploads\/2022\/10\/KENYA-1536x602.jpg 1536w, https:\/\/did-dev.net\/mineddte\/wp-content\/uploads\/2022\/10\/KENYA-2048x803.jpg 2048w\" sizes=\"(max-width: 2560px) 100vw, 2560px\" \/><\/span><\/p>\n<p style=\"text-align: justify;\"><span style=\"font-family: verdana, geneva, sans-serif;\">Pr\u00e9sid\u00e9e par la Norv\u00e8ge, le si\u00e8ge de l\u2019Organisation des Nations Unis pour l\u2019Environnement (ONU-Environnement) \u00e0 Nairobi, au Kenya, accueille la 5e Assembl\u00e9e des Nations unies pour l\u2019environnement (ANUE-5.2) du 28 f\u00e9vrier au 04 mars 2022. Elle r\u00e9unit les ministres de l\u2019environnement du monde entier autour du th\u00e8me <em>\u00ab renforcer les actions en faveur de la nature pour atteindre les objectifs de d\u00e9veloppement durable \u00bb<\/em>. Cette session r\u00e9uni 193 \u00c9tats membres des Nations-Unies, des chefs d\u2019entreprise, la soci\u00e9t\u00e9 civile et des \u00e9cologistes du monde entier en vue de mettre en place des mesures plus fortes pour prot\u00e9ger et restaurer la nature, de proposer des solutions bas\u00e9es sur la nature pour atteindre les ODD dans ses trois dimensions compl\u00e9mentaires (sociale, \u00e9conomique et environnementale).<\/span><\/p>\n<p style=\"text-align: justify;\"><span style=\"font-family: verdana, geneva, sans-serif;\">Monsieur Jean-Luc ASSI, en sa qualit\u00e9 de Ministre en charge de l\u2019environnement, repr\u00e9sente la C\u00f4te d\u2019Ivoire \u00e0 ce rendez-vous mondial. Il s\u2019est exprim\u00e9 lors de la session d\u00e9di\u00e9e aux d\u00e9clarations minist\u00e9rielles.<\/span><\/p>\n<p style=\"text-align: justify;\"><span style=\"font-family: verdana, geneva, sans-serif;\">Dans ses propos, le Ministre est revenu sur l\u2019importance de la nature pour souligner les enjeux qui en d\u00e9coulent.<em> \u00ab La Nature nous fournit des alternatives pour la lutte contre le changement climatique ; elle dispose des solutions pour la sant\u00e9 humaine et de nos \u00e9cosyst\u00e8mes ; la nature demeure le terreau pour l\u2019\u00e9radication de la pauvret\u00e9, la cr\u00e9ation d\u2019emplois verts en vue d\u2019accompagner la prosp\u00e9rit\u00e9 \u00e9conomique \u00bb<\/em>, a-t-il affirm\u00e9.<\/span><\/p>\n<p style=\"text-align: justify;\"><span style=\"font-family: verdana, geneva, sans-serif;\">En effet, la tenue de la 5e Assembl\u00e9e des Nations unies pour l\u2019environnement (ANUE-5.2), juste apr\u00e8s la COP 26 de la Convention des Nations Unies sur le changement climatique, vient attirer l&#8217;attention des Etats sur le r\u00f4le crucial de la nature pour le climat et engager tous les acteurs pour que les promesses financi\u00e8res faites pour la pr\u00e9servation des for\u00eats s\u2019acc\u00e9l\u00e8rent.<\/span><\/p>\n<p style=\"text-align: justify;\"><span style=\"font-family: verdana, geneva, sans-serif;\">C\u2019est ainsi que le Ministre a rappel\u00e9 l\u2019importance pour les pays africains de parvenir \u00e0 un nouvel accord-cadre mondial ambitieux et \u00e9quitable sur la biodiversit\u00e9. Selon lui, Cet accord devrait permettre \u00e0 la soci\u00e9t\u00e9 d\u2019inverser la perte actuelle de la biodiversit\u00e9 afin de maintenir le syst\u00e8me de soutien de la vie de notre plan\u00e8te et de tracer des voies durables qui int\u00e8grent la biodiversit\u00e9 dans les d\u00e9cisions et les pratiques, en particulier en soutenant les efforts des pays en d\u00e9veloppement pour mettre en \u0153uvre et obtenir des r\u00e9sultats positifs sur la question de la biodiversit\u00e9.<\/span><\/p>\n<p style=\"text-align: justify;\"><span style=\"font-family: verdana, geneva, sans-serif;\">Profitant de cette tribune, il a invit\u00e9 ses pairs du 09 au 20 mai 2022 \u00e0 Abidjan, dans le cadre de la quinzi\u00e8me session de la Conf\u00e9rence des Parties \u00e0 la Convention des Nations Unies sur la lutte contre la d\u00e9sertification (COP15). <em>\u00ab C\u2019est le lieu d\u2019inviter tous les \u00c9tats membres \u00e0 participer activement aux d\u00e9lib\u00e9rations afin de produire des outils essentiels pour la restauration des terres en vue de stopper l\u2019avanc\u00e9e de la d\u00e9sertification et d\u2019intensifier la promotion de l\u2019agriculture durable. Nous exhortons \u00e9galement, toutes les institutions internationales en g\u00e9n\u00e9ral et africaines en particulier \u00e0 soutenir la COP15 pour la transition vers un avenir favorable \u00e0 la nature qui profitera \u00e0 notre sant\u00e9, \u00e0 nos \u00e9conomies et \u00e0 notre avenir. Il est temps d&#8217;agir pour la nature \u00bb,<\/em> a lanc\u00e9 Jean-Luc ASSI.<\/span><\/p>\n<p style=\"text-align: justify;\"><span style=\"font-family: verdana, geneva, sans-serif;\">A l\u2019issue de cette rencontre, les sp\u00e9cialistes de l\u2019environnement pr\u00e9senteront les progr\u00e8s r\u00e9alis\u00e9s pour mettre un terme \u00e0 la pollution plastique, arr\u00eater l\u2019utilisation de produits chimiques nocifs dans l\u2019agriculture et le recours \u00e0 la nature pour trouver des solutions de d\u00e9veloppement durable.<\/span><\/p>\n<p style=\"text-align: justify;\"><span style=\"font-family: verdana, geneva, sans-serif;\">Sur cette question \u00ab la pollution plastique \u00bb qui focalise les d\u00e9bats, Jean-Luc ASSI a fait la d\u00e9claration suivante :<em> \u00ab permettez- moi de joindre ma voix \u00e0 celles qui militent pour l\u2019av\u00e8nement d\u2019un accord mondial juridiquement contraignant sur les d\u00e9chets marins et la pollution plastique car il y a urgence pour la sauvegarde de notre biodiversit\u00e9 des \u00e9cosyst\u00e8mes marins et c\u00f4tiers \u00bb.<\/em><\/span><\/p>\n","protected":false},"excerpt":{"rendered":"<p>Pr\u00e9sid\u00e9e par la Norv\u00e8ge, le si\u00e8ge de l\u2019Organisation des Nations Unis pour l\u2019Environnement (ONU-Environnement) \u00e0 Nairobi, au Kenya, accueille la 5e Assembl\u00e9e des Nations unies pour l\u2019environnement (ANUE-5.2) du 28 [&hellip;]<\/p>\n","protected":false},"author":1,"featured_media":4297,"comment_status":"closed","ping_status":"closed","sticky":false,"template":"","format":"standard","meta":{"_lmt_disableupdate":"no","_lmt_disable":"","pgc_sgb_lightbox_settings":""},"categories":[58],"tags":[],"post_folder":[59],"modified_by":"MINEDD","_links":{"self":[{"href":"https:\/\/did-dev.net\/mineddte\/wp-json\/wp\/v2\/posts\/4294"}],"collection":[{"href":"https:\/\/did-dev.net\/mineddte\/wp-json\/wp\/v2\/posts"}],"about":[{"href":"https:\/\/did-dev.net\/mineddte\/wp-json\/wp\/v2\/types\/post"}],"author":[{"embeddable":true,"href":"https:\/\/did-dev.net\/mineddte\/wp-json\/wp\/v2\/users\/1"}],"replies":[{"embeddable":true,"href":"https:\/\/did-dev.net\/mineddte\/wp-json\/wp\/v2\/comments?post=4294"}],"version-history":[{"count":1,"href":"https:\/\/did-dev.net\/mineddte\/wp-json\/wp\/v2\/posts\/4294\/revisions"}],"predecessor-version":[{"id":4300,"href":"https:\/\/did-dev.net\/mineddte\/wp-json\/wp\/v2\/posts\/4294\/revisions\/4300"}],"wp:featuredmedia":[{"embeddable":true,"href":"https:\/\/did-dev.net\/mineddte\/wp-json\/wp\/v2\/media\/4297"}],"wp:attachment":[{"href":"https:\/\/did-dev.net\/mineddte\/wp-json\/wp\/v2\/media?parent=4294"}],"wp:term":[{"taxonomy":"category","embeddable":true,"href":"https:\/\/did-dev.net\/mineddte\/wp-json\/wp\/v2\/categories?post=4294"},{"taxonomy":"post_tag","embeddable":true,"href":"https:\/\/did-dev.net\/mineddte\/wp-json\/wp\/v2\/tags?post=4294"},{"taxonomy":"post_folder","embeddable":true,"href":"https:\/\/did-dev.net\/mineddte\/wp-json\/wp\/v2\/post_folder?post=4294"}],"curies":[{"name":"wp","href":"https:\/\/api.w.org\/{rel}","templated":true}]}}