{"id":4293,"date":"2022-03-09T16:15:15","date_gmt":"2022-03-09T16:15:15","guid":{"rendered":"https:\/\/did-dev.net\/mineddte\/?p=4293"},"modified":"2022-10-20T12:21:01","modified_gmt":"2022-10-20T12:21:01","slug":"complexe-de-tai-grebo-sapo-le-comite-national-de-pilotage-valide-son-ptba","status":"publish","type":"post","link":"https:\/\/did-dev.net\/mineddte\/complexe-de-tai-grebo-sapo-le-comite-national-de-pilotage-valide-son-ptba\/","title":{"rendered":"COMPLEXE DE TA\u00cf-GREBO-SAPO : LE COMITE NATIONAL DE PILOTAGE VALIDE SON PTBA"},"content":{"rendered":"<p style=\"text-align: justify;\"><span style=\"font-family: verdana, geneva, sans-serif;\"><img decoding=\"async\" loading=\"lazy\" class=\"size-full wp-image-4298 aligncenter\" src=\"https:\/\/did-dev.net\/mineddte\/wp-content\/uploads\/2022\/10\/TAI-scaled.jpg\" alt=\"\" width=\"2560\" height=\"1003\" srcset=\"https:\/\/did-dev.net\/mineddte\/wp-content\/uploads\/2022\/10\/TAI-scaled.jpg 2560w, https:\/\/did-dev.net\/mineddte\/wp-content\/uploads\/2022\/10\/TAI-262x103.jpg 262w, https:\/\/did-dev.net\/mineddte\/wp-content\/uploads\/2022\/10\/TAI-847x332.jpg 847w, https:\/\/did-dev.net\/mineddte\/wp-content\/uploads\/2022\/10\/TAI-100x39.jpg 100w, https:\/\/did-dev.net\/mineddte\/wp-content\/uploads\/2022\/10\/TAI-1536x602.jpg 1536w, https:\/\/did-dev.net\/mineddte\/wp-content\/uploads\/2022\/10\/TAI-2048x803.jpg 2048w\" sizes=\"(max-width: 2560px) 100vw, 2560px\" \/><\/span><\/p>\n<p style=\"text-align: justify;\"><span style=\"font-family: verdana, geneva, sans-serif;\">Le Comit\u00e9 National de Pilotage (CNdP) du projet \u00ab Conservation de la biodiversit\u00e9 dans le complexe de Ta\u00ef-Grebo-Sapo \u00bb a valid\u00e9 ce mercredi 9 mars 2022, au cours d\u2019une r\u00e9union ordinaire \u00e0 Abidjan-Cocody, son Plan de Travail et Budget Annuel (PTBA) 2022.<\/span><\/p>\n<p style=\"text-align: justify;\"><span style=\"font-family: verdana, geneva, sans-serif;\">Selon le Coordonnateur du projet, N\u2019KPOME Amon Michel, la mise en \u0153uvre des activit\u00e9s du complexe permettra \u00e0 terme, de restaurer la connectivit\u00e9 \u00e9cologique entre le parc national de Ta\u00ef en C\u00f4te d\u2019Ivoire et le parc national de Grebo au Lib\u00e9ria par les populations riveraines et les autres parties prenantes.<\/span><\/p>\n<p style=\"text-align: justify;\"><span style=\"font-family: verdana, geneva, sans-serif;\">Cette rencontre a enregistr\u00e9 la pr\u00e9sence du Pr\u00e9fet et les \u00e9lus locaux du d\u00e9partement de Ta\u00ef, le Directeur de l\u2019Office Ivoirien des Parcs et R\u00e9serves, les repr\u00e9sentants des minist\u00e8res techniques et des partenaires techniques et financiers.<\/span><\/p>\n<p style=\"text-align: justify;\"><span style=\"font-family: verdana, geneva, sans-serif;\">Le projet vise \u00e0 prot\u00e9ger et conserver les for\u00eats ivoiriennes tout en tenant compte des besoins et des opportunit\u00e9s \u00e9conomiques des populations vivant dans la p\u00e9riph\u00e9rie des zones concern\u00e9es. Le complexe forestier s&#8217;\u00e9tend sur une superficie de 5775 km2 et se compose du parc national de Ta\u00ef en C\u00f4te d&#8217;Ivoire, des parcs nationaux de Grebo-Krahn et Sapo au Lib\u00e9ria.<\/span><\/p>\n","protected":false},"excerpt":{"rendered":"<p>Le Comit\u00e9 National de Pilotage (CNdP) du projet \u00ab Conservation de la biodiversit\u00e9 dans le complexe de Ta\u00ef-Grebo-Sapo \u00bb a valid\u00e9 ce mercredi 9 mars 2022, au cours d\u2019une r\u00e9union [&hellip;]<\/p>\n","protected":false},"author":1,"featured_media":4298,"comment_status":"closed","ping_status":"closed","sticky":false,"template":"","format":"standard","meta":{"_lmt_disableupdate":"no","_lmt_disable":"","pgc_sgb_lightbox_settings":""},"categories":[58],"tags":[],"post_folder":[59],"modified_by":"MINEDD","_links":{"self":[{"href":"https:\/\/did-dev.net\/mineddte\/wp-json\/wp\/v2\/posts\/4293"}],"collection":[{"href":"https:\/\/did-dev.net\/mineddte\/wp-json\/wp\/v2\/posts"}],"about":[{"href":"https:\/\/did-dev.net\/mineddte\/wp-json\/wp\/v2\/types\/post"}],"author":[{"embeddable":true,"href":"https:\/\/did-dev.net\/mineddte\/wp-json\/wp\/v2\/users\/1"}],"replies":[{"embeddable":true,"href":"https:\/\/did-dev.net\/mineddte\/wp-json\/wp\/v2\/comments?post=4293"}],"version-history":[{"count":1,"href":"https:\/\/did-dev.net\/mineddte\/wp-json\/wp\/v2\/posts\/4293\/revisions"}],"predecessor-version":[{"id":4299,"href":"https:\/\/did-dev.net\/mineddte\/wp-json\/wp\/v2\/posts\/4293\/revisions\/4299"}],"wp:featuredmedia":[{"embeddable":true,"href":"https:\/\/did-dev.net\/mineddte\/wp-json\/wp\/v2\/media\/4298"}],"wp:attachment":[{"href":"https:\/\/did-dev.net\/mineddte\/wp-json\/wp\/v2\/media?parent=4293"}],"wp:term":[{"taxonomy":"category","embeddable":true,"href":"https:\/\/did-dev.net\/mineddte\/wp-json\/wp\/v2\/categories?post=4293"},{"taxonomy":"post_tag","embeddable":true,"href":"https:\/\/did-dev.net\/mineddte\/wp-json\/wp\/v2\/tags?post=4293"},{"taxonomy":"post_folder","embeddable":true,"href":"https:\/\/did-dev.net\/mineddte\/wp-json\/wp\/v2\/post_folder?post=4293"}],"curies":[{"name":"wp","href":"https:\/\/api.w.org\/{rel}","templated":true}]}}