{"id":4292,"date":"2022-03-16T15:07:03","date_gmt":"2022-03-16T15:07:03","guid":{"rendered":"https:\/\/did-dev.net\/mineddte\/?p=4292"},"modified":"2022-10-20T12:11:53","modified_gmt":"2022-10-20T12:11:53","slug":"le-minedd-et-la-fao-sengagent-a-reduire-les-emissions-a-travers-lagroforesterie-duplicate-1","status":"publish","type":"post","link":"https:\/\/did-dev.net\/mineddte\/le-minedd-et-la-fao-sengagent-a-reduire-les-emissions-a-travers-lagroforesterie-duplicate-1\/","title":{"rendered":"PREPARATIFS COP 15 : RENCONTRE ENTRE LE GOUVERNEMENT ET LES PARTENAIRES TECHNIQUES ET FINANCIERS"},"content":{"rendered":"<p style=\"text-align: justify;\"><span style=\"font-family: verdana, geneva, sans-serif;\"><img decoding=\"async\" loading=\"lazy\" class=\"size-full wp-image-4289 aligncenter\" src=\"https:\/\/did-dev.net\/mineddte\/wp-content\/uploads\/2022\/10\/COP-6-scaled.jpg\" alt=\"\" width=\"2560\" height=\"1003\" srcset=\"https:\/\/did-dev.net\/mineddte\/wp-content\/uploads\/2022\/10\/COP-6-scaled.jpg 2560w, https:\/\/did-dev.net\/mineddte\/wp-content\/uploads\/2022\/10\/COP-6-262x103.jpg 262w, https:\/\/did-dev.net\/mineddte\/wp-content\/uploads\/2022\/10\/COP-6-847x332.jpg 847w, https:\/\/did-dev.net\/mineddte\/wp-content\/uploads\/2022\/10\/COP-6-100x39.jpg 100w, https:\/\/did-dev.net\/mineddte\/wp-content\/uploads\/2022\/10\/COP-6-1536x602.jpg 1536w, https:\/\/did-dev.net\/mineddte\/wp-content\/uploads\/2022\/10\/COP-6-2048x803.jpg 2048w\" sizes=\"(max-width: 2560px) 100vw, 2560px\" \/>Le gouvernement ivoirien a eu une s\u00e9ance de travail avec les partenaires techniques et financiers, ce mercredi 16 mars 2022, \u00e0 la primature, sise Plateau. Cette rencontre de haut niveau s\u2019inscrit dans le cadre du financement de la 15\u00e8me Conf\u00e9rence des Parties (COP15) \u00e0 la Convention des Nations Unies sur la Lutte contre la D\u00e9sertification et la s\u00e8cheresse et le Legacy Program ou l\u2019Initiative d\u2019Abidjan.<\/span><\/p>\n<p style=\"text-align: justify;\"><span style=\"font-family: verdana, geneva, sans-serif;\">Pr\u00e9sid\u00e9e par monsieur Adama COULIBALY, ministre de l\u2019Economie et des Finances, repr\u00e9sentant le Premier Ministre, elle a enregistr\u00e9 la pr\u00e9sence des minist\u00e8res techniques, des Ambassadeurs, des membres du Corps Diplomatiques, les Partenaires Techniques et Financiers et le Comit\u00e9 d\u2019Organisation.<\/span><\/p>\n<p style=\"text-align: justify;\"><span style=\"font-family: verdana, geneva, sans-serif;\">Apr\u00e8s un passage en revue de l\u2019\u00e9tat d\u2019avancement des pr\u00e9paratifs, monsieur Abou BAMBA, Pr\u00e9sident du Comit\u00e9 d\u2019Organisation, a situ\u00e9 les enjeux et les retomb\u00e9es de cet \u00e9v\u00e8nement mondial pour notre pays.<\/span><\/p>\n<p style=\"text-align: justify;\"><span style=\"font-family: verdana, geneva, sans-serif;\">Pour rappel, l\u2019organisation de cet important sommet \u00e9cologique transformationnel, un budget global a \u00e9t\u00e9 \u00e9labor\u00e9 et s\u2019\u00e9tablit \u00e0 8,7 milliards de CFA dont 3 milliards ont d\u00e9j\u00e0 \u00e9t\u00e9 mobilis\u00e9s et le gap reste \u00e0 mobiliser.<\/span><\/p>\n<p style=\"text-align: justify;\"><span style=\"font-family: verdana, geneva, sans-serif;\">A cet \u00e9gard, \u00ab l\u2019appui des Partenaires techniques et financiers ainsi que d\u2019autres parties prenantes, est sollicit\u00e9 pour non seulement une organisation r\u00e9ussie de la COP 15, mais \u00e9galement pour la mise en place de cet ambitieux programme <em>\u00ab initiative d\u2019Abidjan ou Abidjan Legacy program \u00bb<\/em>, a d\u00e9clar\u00e9 Adama COULIBALY, ministre de l\u2019Economie et des finances.<\/span><\/p>\n","protected":false},"excerpt":{"rendered":"<p>Le gouvernement ivoirien a eu une s\u00e9ance de travail avec les partenaires techniques et financiers, ce mercredi 16 mars 2022, \u00e0 la primature, sise Plateau. Cette rencontre de haut niveau [&hellip;]<\/p>\n","protected":false},"author":1,"featured_media":4289,"comment_status":"closed","ping_status":"closed","sticky":false,"template":"","format":"standard","meta":{"_lmt_disableupdate":"no","_lmt_disable":"","pgc_sgb_lightbox_settings":""},"categories":[58],"tags":[],"post_folder":[59],"modified_by":"MINEDD","_links":{"self":[{"href":"https:\/\/did-dev.net\/mineddte\/wp-json\/wp\/v2\/posts\/4292"}],"collection":[{"href":"https:\/\/did-dev.net\/mineddte\/wp-json\/wp\/v2\/posts"}],"about":[{"href":"https:\/\/did-dev.net\/mineddte\/wp-json\/wp\/v2\/types\/post"}],"author":[{"embeddable":true,"href":"https:\/\/did-dev.net\/mineddte\/wp-json\/wp\/v2\/users\/1"}],"replies":[{"embeddable":true,"href":"https:\/\/did-dev.net\/mineddte\/wp-json\/wp\/v2\/comments?post=4292"}],"version-history":[{"count":1,"href":"https:\/\/did-dev.net\/mineddte\/wp-json\/wp\/v2\/posts\/4292\/revisions"}],"predecessor-version":[{"id":4296,"href":"https:\/\/did-dev.net\/mineddte\/wp-json\/wp\/v2\/posts\/4292\/revisions\/4296"}],"wp:featuredmedia":[{"embeddable":true,"href":"https:\/\/did-dev.net\/mineddte\/wp-json\/wp\/v2\/media\/4289"}],"wp:attachment":[{"href":"https:\/\/did-dev.net\/mineddte\/wp-json\/wp\/v2\/media?parent=4292"}],"wp:term":[{"taxonomy":"category","embeddable":true,"href":"https:\/\/did-dev.net\/mineddte\/wp-json\/wp\/v2\/categories?post=4292"},{"taxonomy":"post_tag","embeddable":true,"href":"https:\/\/did-dev.net\/mineddte\/wp-json\/wp\/v2\/tags?post=4292"},{"taxonomy":"post_folder","embeddable":true,"href":"https:\/\/did-dev.net\/mineddte\/wp-json\/wp\/v2\/post_folder?post=4292"}],"curies":[{"name":"wp","href":"https:\/\/api.w.org\/{rel}","templated":true}]}}