{"id":4278,"date":"2022-03-18T16:54:29","date_gmt":"2022-03-18T16:54:29","guid":{"rendered":"https:\/\/did-dev.net\/mineddte\/?p=4278"},"modified":"2022-10-20T12:00:33","modified_gmt":"2022-10-20T12:00:33","slug":"le-minedd-et-la-fao-sengagent-a-reduire-les-emissions-a-travers-lagroforesterie","status":"publish","type":"post","link":"https:\/\/did-dev.net\/mineddte\/le-minedd-et-la-fao-sengagent-a-reduire-les-emissions-a-travers-lagroforesterie\/","title":{"rendered":"LE MINEDD ET LA FAO S\u2019ENGAGENT A REDUIRE LES EMISSIONS A TRAVERS L\u2019AGROFORESTERIE"},"content":{"rendered":"<p style=\"text-align: justify;\"><span style=\"font-family: verdana, geneva, sans-serif;\"><img decoding=\"async\" loading=\"lazy\" class=\"alignnone size-full wp-image-4290\" src=\"https:\/\/did-dev.net\/mineddte\/wp-content\/uploads\/2022\/10\/FAO-scaled.jpg\" alt=\"\" width=\"2560\" height=\"1003\" srcset=\"https:\/\/did-dev.net\/mineddte\/wp-content\/uploads\/2022\/10\/FAO-scaled.jpg 2560w, https:\/\/did-dev.net\/mineddte\/wp-content\/uploads\/2022\/10\/FAO-262x103.jpg 262w, https:\/\/did-dev.net\/mineddte\/wp-content\/uploads\/2022\/10\/FAO-847x332.jpg 847w, https:\/\/did-dev.net\/mineddte\/wp-content\/uploads\/2022\/10\/FAO-100x39.jpg 100w, https:\/\/did-dev.net\/mineddte\/wp-content\/uploads\/2022\/10\/FAO-1536x602.jpg 1536w, https:\/\/did-dev.net\/mineddte\/wp-content\/uploads\/2022\/10\/FAO-2048x803.jpg 2048w\" sizes=\"(max-width: 2560px) 100vw, 2560px\" \/>Le Minist\u00e8re de l\u2019Environnement et du D\u00e9veloppement Durable (MINEDD) et l\u2019Organisation des Nations pour l\u2019Alimentation et l\u2019Agriculture (FAO) ont sign\u00e9 un protocole d\u2019accord le vendredi 18 mars 2022, au Plateau, Tour D 10\u00e8me Etage. C\u2019\u00e9tait dans le cadre de la mise en \u0153uvre des activit\u00e9s de la composante 1 du projet \u00ab Promouvoir une production de cacao sans d\u00e9forestation pour r\u00e9duire les \u00e9missions en C\u00f4te d\u2019Ivoire (PROMIRE) \u00bb.<\/span><\/p>\n<p style=\"text-align: justify;\"><span style=\"font-family: verdana, geneva, sans-serif;\">En effet, ce projet permettra de mettre en \u0153uvre des activit\u00e9s techniques n\u00e9cessaires \u00e0 la finalisation et l\u2019op\u00e9rationnalisation du m\u00e9canisme REDD+ en C\u00f4te d\u2019Ivoire et d\u2019aider le pays \u00e0 b\u00e9n\u00e9ficier de programmes de r\u00e9ductions des \u00e9missions de gaz \u00e0 effet de serre en vue de futurs paiements bas\u00e9s sur les r\u00e9sultats. Ainsi pour atteindre de tels r\u00e9sultats, il s\u2019agira de promouvoir l\u2019agroforesterie, de d\u00e9velopper des actions innovantes de production agricole durable et de restauration des paysages forestiers et d\u2019accompagner la planification territoriale dans les zones d\u2019intervention du PROMIRE.<\/span><\/p>\n<p style=\"text-align: justify;\"><span style=\"font-family: verdana, geneva, sans-serif;\">Le Ministre Jean-Luc ASSI a pr\u00e9sid\u00e9 ladite rencontre \u00e0 laquelle ont pris part monsieur Samy Gaiji, Repr\u00e9sentant de la FAO en C\u00f4te d\u2019Ivoire et plusieurs membres du Cabinet.<\/span><\/p>\n<p style=\"text-align: justify;\"><span style=\"font-family: verdana, geneva, sans-serif;\">Il faut noter que c\u2019est en sa qualit\u00e9 d\u2019Agence Accr\u00e9dit\u00e9e et en tant qu\u2019Agence d\u2019Ex\u00e9cution que la FAO a pu mobiliser aupr\u00e8s du Fonds Vert pour le Climat, un montant de 5 milliards de francs CFA dans le cadre dudit projet qui sera d\u00e9ploy\u00e9 dans trois r\u00e9gions du pays, \u00e0 savoir les r\u00e9gions de la M\u00e9, du Sud Como\u00e9 et de l\u2019Agn\u00e9by-Tiassa.<\/span><\/p>\n","protected":false},"excerpt":{"rendered":"<p>Le Minist\u00e8re de l\u2019Environnement et du D\u00e9veloppement Durable (MINEDD) et l\u2019Organisation des Nations pour l\u2019Alimentation et l\u2019Agriculture (FAO) ont sign\u00e9 un protocole d\u2019accord le vendredi 18 mars 2022, au Plateau, [&hellip;]<\/p>\n","protected":false},"author":1,"featured_media":4290,"comment_status":"closed","ping_status":"closed","sticky":false,"template":"","format":"standard","meta":{"_lmt_disableupdate":"no","_lmt_disable":"","pgc_sgb_lightbox_settings":""},"categories":[58],"tags":[],"post_folder":[59],"modified_by":"MINEDD","_links":{"self":[{"href":"https:\/\/did-dev.net\/mineddte\/wp-json\/wp\/v2\/posts\/4278"}],"collection":[{"href":"https:\/\/did-dev.net\/mineddte\/wp-json\/wp\/v2\/posts"}],"about":[{"href":"https:\/\/did-dev.net\/mineddte\/wp-json\/wp\/v2\/types\/post"}],"author":[{"embeddable":true,"href":"https:\/\/did-dev.net\/mineddte\/wp-json\/wp\/v2\/users\/1"}],"replies":[{"embeddable":true,"href":"https:\/\/did-dev.net\/mineddte\/wp-json\/wp\/v2\/comments?post=4278"}],"version-history":[{"count":1,"href":"https:\/\/did-dev.net\/mineddte\/wp-json\/wp\/v2\/posts\/4278\/revisions"}],"predecessor-version":[{"id":4291,"href":"https:\/\/did-dev.net\/mineddte\/wp-json\/wp\/v2\/posts\/4278\/revisions\/4291"}],"wp:featuredmedia":[{"embeddable":true,"href":"https:\/\/did-dev.net\/mineddte\/wp-json\/wp\/v2\/media\/4290"}],"wp:attachment":[{"href":"https:\/\/did-dev.net\/mineddte\/wp-json\/wp\/v2\/media?parent=4278"}],"wp:term":[{"taxonomy":"category","embeddable":true,"href":"https:\/\/did-dev.net\/mineddte\/wp-json\/wp\/v2\/categories?post=4278"},{"taxonomy":"post_tag","embeddable":true,"href":"https:\/\/did-dev.net\/mineddte\/wp-json\/wp\/v2\/tags?post=4278"},{"taxonomy":"post_folder","embeddable":true,"href":"https:\/\/did-dev.net\/mineddte\/wp-json\/wp\/v2\/post_folder?post=4278"}],"curies":[{"name":"wp","href":"https:\/\/api.w.org\/{rel}","templated":true}]}}