{"id":4277,"date":"2022-03-30T15:57:06","date_gmt":"2022-03-30T15:57:06","guid":{"rendered":"https:\/\/did-dev.net\/mineddte\/?p=4277"},"modified":"2022-10-20T11:23:58","modified_gmt":"2022-10-20T11:23:58","slug":"lagence-nationale-de-lenvironnement-dispose-de-44-nouveaux-auditeurs","status":"publish","type":"post","link":"https:\/\/did-dev.net\/mineddte\/lagence-nationale-de-lenvironnement-dispose-de-44-nouveaux-auditeurs\/","title":{"rendered":"L\u2019AGENCE NATIONALE DE L\u2019ENVIRONNEMENT DISPOSE DE 44 NOUVEAUX AUDITEURS"},"content":{"rendered":"<p style=\"text-align: justify;\"><span style=\"font-family: verdana, geneva, sans-serif;\"><img decoding=\"async\" loading=\"lazy\" class=\"size-full wp-image-4283 aligncenter\" src=\"https:\/\/did-dev.net\/mineddte\/wp-content\/uploads\/2022\/10\/ANDE-scaled.jpg\" alt=\"\" width=\"2560\" height=\"1003\" srcset=\"https:\/\/did-dev.net\/mineddte\/wp-content\/uploads\/2022\/10\/ANDE-scaled.jpg 2560w, https:\/\/did-dev.net\/mineddte\/wp-content\/uploads\/2022\/10\/ANDE-262x103.jpg 262w, https:\/\/did-dev.net\/mineddte\/wp-content\/uploads\/2022\/10\/ANDE-847x332.jpg 847w, https:\/\/did-dev.net\/mineddte\/wp-content\/uploads\/2022\/10\/ANDE-100x39.jpg 100w, https:\/\/did-dev.net\/mineddte\/wp-content\/uploads\/2022\/10\/ANDE-1536x602.jpg 1536w, https:\/\/did-dev.net\/mineddte\/wp-content\/uploads\/2022\/10\/ANDE-2048x803.jpg 2048w\" sizes=\"(max-width: 2560px) 100vw, 2560px\" \/><\/span><\/p>\n<p style=\"text-align: justify;\"><span style=\"font-family: verdana, geneva, sans-serif;\">44 agents de l\u2019Agence Nationale de l\u2019Environnement (ANDE) ont pr\u00eat\u00e9 serment le mercredi 30 mars 2022, au Tribunal de premi\u00e8re instance, sis au Plateau. A travers cet acte, ces agents s\u2019engagent \u00e0 garantir la prise en compte des consid\u00e9rations environnementales dans les Politiques, Plans, Programmes (PPP) et projets de d\u00e9veloppement sur tout le territoire national.<\/span><\/p>\n<p style=\"text-align: justify;\"><span style=\"font-family: verdana, geneva, sans-serif;\">Le renforcement de son dispositif de contr\u00f4le vise \u00e0 faire de l\u2019ANDE, un acteur cl\u00e9 et efficace dans la protection de l\u2019environnement. En effet, l\u2019agence a men\u00e9 diverses actions de sensibilisation et de v\u00e9rification de conformit\u00e9 dans les diff\u00e9rentes zones industrielles. Les r\u00e9sultats de ces actions ont permis de constater que plusieurs entreprises ne sont pas en r\u00e8gle vis-\u00e0-vis des dispositions de la Loi portant Code de l\u2019Environnement. Profitant du nombre insuffisant d\u2019Auditeurs ou de contr\u00f4leurs au sein de l\u2019ANDE, ces entreprises sont r\u00e9ticentes \u00e0 la r\u00e9alisation de leur Plan de Gestion Environnemental Audit (PGE-A) ou de leur Audit Environnemental afin de se conformer \u00e0 la r\u00e9glementation en vigueur.<\/span><\/p>\n<p style=\"text-align: justify;\"><span style=\"font-family: verdana, geneva, sans-serif;\">Cette situation qui perdure malgr\u00e9 les diff\u00e9rentes interpellations trouve sa solution dans le renforcement des \u00e9quipes, d\u2019o\u00f9 le sens de cette importante c\u00e9r\u00e9monie d\u2019assermentation d\u2019Auditeurs Environnementaux.<\/span><\/p>\n<p style=\"text-align: justify;\"><span style=\"font-family: verdana, geneva, sans-serif;\">Rappelons que l\u2019article 107 de la loi n\u00b0 96-766 du 3 octobre 1996 portant Code de l\u2019Environnement dispose que \u00ab les infractions sont constat\u00e9es sur proc\u00e8s-verbal par les agents asserment\u00e9s de l\u2019Autorit\u00e9 Nationale Comp\u00e9tente \u00bb.<\/span><\/p>\n<p style=\"text-align: justify;\">\u00a0<\/p>\n","protected":false},"excerpt":{"rendered":"<p>44 agents de l\u2019Agence Nationale de l\u2019Environnement (ANDE) ont pr\u00eat\u00e9 serment le mercredi 30 mars 2022, au Tribunal de premi\u00e8re instance, sis au Plateau. A travers cet acte, ces agents [&hellip;]<\/p>\n","protected":false},"author":1,"featured_media":4283,"comment_status":"closed","ping_status":"closed","sticky":false,"template":"","format":"standard","meta":{"_lmt_disableupdate":"no","_lmt_disable":"","pgc_sgb_lightbox_settings":""},"categories":[58],"tags":[],"post_folder":[59],"modified_by":"MINEDD","_links":{"self":[{"href":"https:\/\/did-dev.net\/mineddte\/wp-json\/wp\/v2\/posts\/4277"}],"collection":[{"href":"https:\/\/did-dev.net\/mineddte\/wp-json\/wp\/v2\/posts"}],"about":[{"href":"https:\/\/did-dev.net\/mineddte\/wp-json\/wp\/v2\/types\/post"}],"author":[{"embeddable":true,"href":"https:\/\/did-dev.net\/mineddte\/wp-json\/wp\/v2\/users\/1"}],"replies":[{"embeddable":true,"href":"https:\/\/did-dev.net\/mineddte\/wp-json\/wp\/v2\/comments?post=4277"}],"version-history":[{"count":1,"href":"https:\/\/did-dev.net\/mineddte\/wp-json\/wp\/v2\/posts\/4277\/revisions"}],"predecessor-version":[{"id":4285,"href":"https:\/\/did-dev.net\/mineddte\/wp-json\/wp\/v2\/posts\/4277\/revisions\/4285"}],"wp:featuredmedia":[{"embeddable":true,"href":"https:\/\/did-dev.net\/mineddte\/wp-json\/wp\/v2\/media\/4283"}],"wp:attachment":[{"href":"https:\/\/did-dev.net\/mineddte\/wp-json\/wp\/v2\/media?parent=4277"}],"wp:term":[{"taxonomy":"category","embeddable":true,"href":"https:\/\/did-dev.net\/mineddte\/wp-json\/wp\/v2\/categories?post=4277"},{"taxonomy":"post_tag","embeddable":true,"href":"https:\/\/did-dev.net\/mineddte\/wp-json\/wp\/v2\/tags?post=4277"},{"taxonomy":"post_folder","embeddable":true,"href":"https:\/\/did-dev.net\/mineddte\/wp-json\/wp\/v2\/post_folder?post=4277"}],"curies":[{"name":"wp","href":"https:\/\/api.w.org\/{rel}","templated":true}]}}