{"id":4276,"date":"2022-03-25T11:30:46","date_gmt":"2022-03-25T11:30:46","guid":{"rendered":"https:\/\/did-dev.net\/mineddte\/?p=4276"},"modified":"2022-10-20T11:34:01","modified_gmt":"2022-10-20T11:34:01","slug":"signature-de-convention-entre-le-minedd-et-total-energies","status":"publish","type":"post","link":"https:\/\/did-dev.net\/mineddte\/signature-de-convention-entre-le-minedd-et-total-energies\/","title":{"rendered":"SIGNATURE DE CONVENTION ENTRE LE MINEDD ET TOTAL ENERGIES"},"content":{"rendered":"<p style=\"text-align: justify;\"><span style=\"font-family: verdana, geneva, sans-serif;\"><img decoding=\"async\" loading=\"lazy\" class=\"alignnone size-full wp-image-4284\" src=\"https:\/\/did-dev.net\/mineddte\/wp-content\/uploads\/2022\/10\/TOTAL-ENERGY-scaled.jpg\" alt=\"\" width=\"2560\" height=\"1003\" srcset=\"https:\/\/did-dev.net\/mineddte\/wp-content\/uploads\/2022\/10\/TOTAL-ENERGY-scaled.jpg 2560w, https:\/\/did-dev.net\/mineddte\/wp-content\/uploads\/2022\/10\/TOTAL-ENERGY-262x103.jpg 262w, https:\/\/did-dev.net\/mineddte\/wp-content\/uploads\/2022\/10\/TOTAL-ENERGY-847x332.jpg 847w, https:\/\/did-dev.net\/mineddte\/wp-content\/uploads\/2022\/10\/TOTAL-ENERGY-100x39.jpg 100w, https:\/\/did-dev.net\/mineddte\/wp-content\/uploads\/2022\/10\/TOTAL-ENERGY-1536x602.jpg 1536w, https:\/\/did-dev.net\/mineddte\/wp-content\/uploads\/2022\/10\/TOTAL-ENERGY-2048x803.jpg 2048w\" sizes=\"(max-width: 2560px) 100vw, 2560px\" \/>Le Minist\u00e8re de l\u2019Environnement et du D\u00e9veloppement Durable et TotalEnergies C\u00f4te d\u2019Ivoire ont sign\u00e9 une convention de coop\u00e9ration, le jeudi 24 mars 2022, \u00e0 la salle de conf\u00e9rence du minist\u00e8re sise \u00e0 la Tour D 10e \u00e9tage, Plateau.<\/span><\/p>\n<p style=\"text-align: justify;\"><span style=\"font-family: verdana, geneva, sans-serif;\">En effet, cette convention vise \u00e0 promouvoir des projets en lien avec la neutralit\u00e9 carbone et les \u00e9nergies renouvelables.<\/span><\/p>\n<p style=\"text-align: justify;\"><span style=\"font-family: verdana, geneva, sans-serif;\">La gestion des ressources naturelles et la promotion des \u00e9nergies renouvelables sont devenues des questions strat\u00e9giques et \u00e9conomiques pour plusieurs entreprises. C\u2019est dans cette dynamique que TOTAL change de d\u00e9nomination pour devenir maintenant TotalEnergies. Ainsi, TotalEnergies ambitionne \u00eatre un acteur incontournable de la transition \u00e9nerg\u00e9tique, voire un leader de l&#8217;\u00c9nergie Responsable et Durable.<\/span><\/p>\n<p style=\"text-align: justify;\"><span style=\"font-family: verdana, geneva, sans-serif;\">Cette activit\u00e9 a vu la pr\u00e9sence du ministre Jean-Luc ASSI et du Directeur pays de TotalEnergies C\u00f4te d\u2019Ivoire.<\/span><\/p>\n","protected":false},"excerpt":{"rendered":"<p>Le Minist\u00e8re de l\u2019Environnement et du D\u00e9veloppement Durable et TotalEnergies C\u00f4te d\u2019Ivoire ont sign\u00e9 une convention de coop\u00e9ration, le jeudi 24 mars 2022, \u00e0 la salle de conf\u00e9rence du minist\u00e8re [&hellip;]<\/p>\n","protected":false},"author":1,"featured_media":4284,"comment_status":"closed","ping_status":"closed","sticky":false,"template":"","format":"standard","meta":{"_lmt_disableupdate":"no","_lmt_disable":"","pgc_sgb_lightbox_settings":""},"categories":[58],"tags":[],"post_folder":[59],"modified_by":"MINEDD","_links":{"self":[{"href":"https:\/\/did-dev.net\/mineddte\/wp-json\/wp\/v2\/posts\/4276"}],"collection":[{"href":"https:\/\/did-dev.net\/mineddte\/wp-json\/wp\/v2\/posts"}],"about":[{"href":"https:\/\/did-dev.net\/mineddte\/wp-json\/wp\/v2\/types\/post"}],"author":[{"embeddable":true,"href":"https:\/\/did-dev.net\/mineddte\/wp-json\/wp\/v2\/users\/1"}],"replies":[{"embeddable":true,"href":"https:\/\/did-dev.net\/mineddte\/wp-json\/wp\/v2\/comments?post=4276"}],"version-history":[{"count":1,"href":"https:\/\/did-dev.net\/mineddte\/wp-json\/wp\/v2\/posts\/4276\/revisions"}],"predecessor-version":[{"id":4286,"href":"https:\/\/did-dev.net\/mineddte\/wp-json\/wp\/v2\/posts\/4276\/revisions\/4286"}],"wp:featuredmedia":[{"embeddable":true,"href":"https:\/\/did-dev.net\/mineddte\/wp-json\/wp\/v2\/media\/4284"}],"wp:attachment":[{"href":"https:\/\/did-dev.net\/mineddte\/wp-json\/wp\/v2\/media?parent=4276"}],"wp:term":[{"taxonomy":"category","embeddable":true,"href":"https:\/\/did-dev.net\/mineddte\/wp-json\/wp\/v2\/categories?post=4276"},{"taxonomy":"post_tag","embeddable":true,"href":"https:\/\/did-dev.net\/mineddte\/wp-json\/wp\/v2\/tags?post=4276"},{"taxonomy":"post_folder","embeddable":true,"href":"https:\/\/did-dev.net\/mineddte\/wp-json\/wp\/v2\/post_folder?post=4276"}],"curies":[{"name":"wp","href":"https:\/\/api.w.org\/{rel}","templated":true}]}}