{"id":4275,"date":"2022-04-15T16:35:23","date_gmt":"2022-04-15T16:35:23","guid":{"rendered":"https:\/\/did-dev.net\/mineddte\/?p=4275"},"modified":"2022-10-20T10:48:32","modified_gmt":"2022-10-20T10:48:32","slug":"cop15-le-ministere-de-lenvironnement-et-le-pnud-mobilisent-les-femmes-et-les-jeunes","status":"publish","type":"post","link":"https:\/\/did-dev.net\/mineddte\/cop15-le-ministere-de-lenvironnement-et-le-pnud-mobilisent-les-femmes-et-les-jeunes\/","title":{"rendered":"COP15 : LE MINISTERE DE L\u2019ENVIRONNEMENT ET LE PNUD MOBILISENT LES FEMMES ET LES JEUNES"},"content":{"rendered":"<p style=\"text-align: justify;\"><span style=\"font-family: verdana, geneva, sans-serif;\"><img decoding=\"async\" loading=\"lazy\" class=\"size-full wp-image-4281 aligncenter\" src=\"https:\/\/did-dev.net\/mineddte\/wp-content\/uploads\/2022\/10\/COP-5-scaled.jpg\" alt=\"\" width=\"2560\" height=\"1003\" srcset=\"https:\/\/did-dev.net\/mineddte\/wp-content\/uploads\/2022\/10\/COP-5-scaled.jpg 2560w, https:\/\/did-dev.net\/mineddte\/wp-content\/uploads\/2022\/10\/COP-5-262x103.jpg 262w, https:\/\/did-dev.net\/mineddte\/wp-content\/uploads\/2022\/10\/COP-5-847x332.jpg 847w, https:\/\/did-dev.net\/mineddte\/wp-content\/uploads\/2022\/10\/COP-5-100x39.jpg 100w, https:\/\/did-dev.net\/mineddte\/wp-content\/uploads\/2022\/10\/COP-5-1536x602.jpg 1536w, https:\/\/did-dev.net\/mineddte\/wp-content\/uploads\/2022\/10\/COP-5-2048x803.jpg 2048w\" sizes=\"(max-width: 2560px) 100vw, 2560px\" \/>La C\u00f4te d\u2019Ivoire ayant l\u2019avantage d\u2019organiser la quinzi\u00e8me session de la Conf\u00e9rence des Parties (COP15) et tenant compte de la n\u00e9cessit\u00e9 du respect du principe de participation inclusive, il est important que tous les acteurs, notamment les femmes et les jeunes, jouent leur r\u00f4le dans l\u2019appropriation des th\u00e8mes prioritaires identifi\u00e9s, ainsi que le \u00ab Programme H\u00e9ritage d\u2019Abidjan \u00bb.<\/span><\/p>\n<p style=\"text-align: justify;\"><span style=\"font-family: verdana, geneva, sans-serif;\">C\u2019est dans ce cadre que les 14 et 15 avril 2022, des consultations nationales ont \u00e9t\u00e9 organis\u00e9es \u00e0 Abidjan, au profit de ces deux acteurs.<\/span><\/p>\n<p style=\"text-align: justify;\"><span style=\"font-family: verdana, geneva, sans-serif;\">A l\u2019initiative du Programme des Nations Unies pour le D\u00e9veloppement (PNUD) et en collaboration avec le Minist\u00e8re en charge de l\u2019Environnement et du D\u00e9veloppement Durable, ces consultations nationales visent \u00e0 amener tous les acteurs concern\u00e9s \u00e0 s\u2019engager significativement dans cet \u00e9v\u00e8nement en vue d\u2019alimenter les discussions et les r\u00e9flexions autour du \u00ab Programme H\u00e9ritage d\u2019Abidjan \u00bb.<\/span><\/p>\n<p style=\"text-align: justify;\"><span style=\"font-family: verdana, geneva, sans-serif;\">Il faut retenir que le lancement de ce programme dont la mise en \u0153uvre viendra accroitre la production agricole durable tout en pr\u00e9servant les fonctions \u00e9cosyst\u00e9miques des sols, repr\u00e9sente l\u2019h\u00e9ritage politique de la COP15.<\/span><\/p>\n<p style=\"text-align: justify;\"><span style=\"font-family: verdana, geneva, sans-serif;\">\u00ab Terres. Vie. Patrimoine : d\u2019un monde pr\u00e9caire vers un avenir prosp\u00e8re \u00bb est le th\u00e8me qui sera au c\u0153ur des d\u00e9bats et n\u00e9gociations de la COP15, \u00e0 Abidjan du 09 au 20 mai 2022. Cette th\u00e9matique principale est structur\u00e9e autour de cinq sous-th\u00e8mes qui sont : 1) la restauration des terres et relance \u00e9conomique post-pand\u00e9mique ; 2) la r\u00e9silience aux s\u00e9cheresses ; 3) le r\u00f4le de la jeunesse dans la gestion du foncier ; 4) l\u2019impact des modes de production et de consommation sur la gestion des terres ; le genre et la s\u00e9curit\u00e9 alimentaire.<\/span><\/p>\n","protected":false},"excerpt":{"rendered":"<p>La C\u00f4te d\u2019Ivoire ayant l\u2019avantage d\u2019organiser la quinzi\u00e8me session de la Conf\u00e9rence des Parties (COP15) et tenant compte de la n\u00e9cessit\u00e9 du respect du principe de participation inclusive, il est [&hellip;]<\/p>\n","protected":false},"author":1,"featured_media":4281,"comment_status":"closed","ping_status":"closed","sticky":false,"template":"","format":"standard","meta":{"_lmt_disableupdate":"no","_lmt_disable":"","pgc_sgb_lightbox_settings":""},"categories":[58],"tags":[],"post_folder":[59],"modified_by":"MINEDD","_links":{"self":[{"href":"https:\/\/did-dev.net\/mineddte\/wp-json\/wp\/v2\/posts\/4275"}],"collection":[{"href":"https:\/\/did-dev.net\/mineddte\/wp-json\/wp\/v2\/posts"}],"about":[{"href":"https:\/\/did-dev.net\/mineddte\/wp-json\/wp\/v2\/types\/post"}],"author":[{"embeddable":true,"href":"https:\/\/did-dev.net\/mineddte\/wp-json\/wp\/v2\/users\/1"}],"replies":[{"embeddable":true,"href":"https:\/\/did-dev.net\/mineddte\/wp-json\/wp\/v2\/comments?post=4275"}],"version-history":[{"count":1,"href":"https:\/\/did-dev.net\/mineddte\/wp-json\/wp\/v2\/posts\/4275\/revisions"}],"predecessor-version":[{"id":4282,"href":"https:\/\/did-dev.net\/mineddte\/wp-json\/wp\/v2\/posts\/4275\/revisions\/4282"}],"wp:featuredmedia":[{"embeddable":true,"href":"https:\/\/did-dev.net\/mineddte\/wp-json\/wp\/v2\/media\/4281"}],"wp:attachment":[{"href":"https:\/\/did-dev.net\/mineddte\/wp-json\/wp\/v2\/media?parent=4275"}],"wp:term":[{"taxonomy":"category","embeddable":true,"href":"https:\/\/did-dev.net\/mineddte\/wp-json\/wp\/v2\/categories?post=4275"},{"taxonomy":"post_tag","embeddable":true,"href":"https:\/\/did-dev.net\/mineddte\/wp-json\/wp\/v2\/tags?post=4275"},{"taxonomy":"post_folder","embeddable":true,"href":"https:\/\/did-dev.net\/mineddte\/wp-json\/wp\/v2\/post_folder?post=4275"}],"curies":[{"name":"wp","href":"https:\/\/api.w.org\/{rel}","templated":true}]}}