{"id":4273,"date":"2022-03-18T07:38:45","date_gmt":"2022-03-18T07:38:45","guid":{"rendered":"https:\/\/did-dev.net\/mineddte\/?p=4273"},"modified":"2022-10-20T11:46:39","modified_gmt":"2022-10-20T11:46:39","slug":"etat-davancement-et-plan-de-travail-du-projet-folab-le-comite-de-pilotage-tient-sa-premiere-reunion-duplicate-1","status":"publish","type":"post","link":"https:\/\/did-dev.net\/mineddte\/etat-davancement-et-plan-de-travail-du-projet-folab-le-comite-de-pilotage-tient-sa-premiere-reunion-duplicate-1\/","title":{"rendered":"PREPARATIFS COP 15 : LES HOMMES ET FEMMES DE MEDIAS FORMES SUR LES THEMATIQUES DE LA DESERTIFICATION"},"content":{"rendered":"<p style=\"text-align: justify;\"><span style=\"font-family: verdana, geneva, sans-serif;\"><img decoding=\"async\" loading=\"lazy\" class=\"size-full wp-image-4287 aligncenter\" src=\"https:\/\/did-dev.net\/mineddte\/wp-content\/uploads\/2022\/10\/COP15-1-scaled.jpg\" alt=\"\" width=\"2560\" height=\"1001\" srcset=\"https:\/\/did-dev.net\/mineddte\/wp-content\/uploads\/2022\/10\/COP15-1-scaled.jpg 2560w, https:\/\/did-dev.net\/mineddte\/wp-content\/uploads\/2022\/10\/COP15-1-262x102.jpg 262w, https:\/\/did-dev.net\/mineddte\/wp-content\/uploads\/2022\/10\/COP15-1-847x332.jpg 847w, https:\/\/did-dev.net\/mineddte\/wp-content\/uploads\/2022\/10\/COP15-1-100x39.jpg 100w, https:\/\/did-dev.net\/mineddte\/wp-content\/uploads\/2022\/10\/COP15-1-1536x600.jpg 1536w, https:\/\/did-dev.net\/mineddte\/wp-content\/uploads\/2022\/10\/COP15-1-2048x801.jpg 2048w\" sizes=\"(max-width: 2560px) 100vw, 2560px\" \/>Les faiti\u00e8res de la presse nationale ont b\u00e9n\u00e9fici\u00e9 d\u2019une formation sur les th\u00e9matiques de la d\u00e9sertification, la s\u00e9cheresse et la d\u00e9gradation des terres, ce jeudi 17 mars 2022, \u00e0 l\u2019h\u00f4tel du District d\u2019Abidjan.<\/span><\/p>\n<p style=\"text-align: justify;\"><span style=\"font-family: verdana, geneva, sans-serif;\">C\u2019\u00e9tait lors d\u2019un d\u00e9jeuner de presse initi\u00e9 par le Ministre-Gouverneur du District d\u2019Abidjan, ville h\u00f4te de la COP 15, qui souhaite faire de cet \u00e9v\u00e8nement une vitrine pour promouvoir la ville d\u2019Abidjan ou encore <strong><em>\u00ab la perle des lagunes \u00bb.<\/em><\/strong> Cette initiative vient accompagner les pr\u00e9paratifs de la 15\u00e8me Conf\u00e9rence des Parties (COP15) \u00e0 la Convention des Nations Unies sur la Lutte contre la D\u00e9sertification et la s\u00e8cheresse que la C\u00f4te d\u2019Ivoire abritera du 09 au 20 mai 2022.<\/span><\/p>\n<p style=\"text-align: justify;\"><span style=\"font-family: verdana, geneva, sans-serif;\">Sous le th\u00e8me de <strong><em>\u00ab Terres. Vie. Patrimoine : d\u2019un monde pr\u00e9caire vers un avenir prosp\u00e8re \u00bb,<\/em><\/strong> cet \u00e9v\u00e8nement d\u2019envergure mondiale et historique pour la C\u00f4te d\u2019Ivoire placera notre ch\u00e8re Nation au c\u0153ur des attentions du monde durant la p\u00e9riode concern\u00e9e. La bonne organisation et la r\u00e9ussite de cette importante conf\u00e9rence requiert l\u2019implication, la mobilisation et l\u2019engagement de toutes les couches socioprofessionnelles. Et sur ce plan, la prise en compte des aspects communicationnels demeure un facteur majeur de visibilit\u00e9, de notori\u00e9t\u00e9, de marketing sur ce qui est fait et sera fait, dans le cadre de cette COP.<\/span><\/p>\n<p style=\"text-align: justify;\"><span style=\"font-family: verdana, geneva, sans-serif;\">D\u2019o\u00f9 l\u2019int\u00e9r\u00eat de cette formation sur la th\u00e9matique de la d\u00e9sertification destin\u00e9e aux acteurs de la presse afin de leur permettre de s\u2019impr\u00e9gner des probl\u00e8mes que constituent la d\u00e9sertification, la s\u00e9cheresse et la d\u00e9gradation des terres, de comprendre les enjeux pour notre pays et susciter leur implication et leur engagement dans la sensibilisation des populations pour un avenir durable de nos terres durant la COP15 et au-del\u00e0.<\/span><\/p>\n<p style=\"text-align: justify;\"><span style=\"font-family: verdana, geneva, sans-serif;\">Par ailleurs, ce d\u00e9jeuner de presse a enregistr\u00e9 la participation du ministre de l\u2019Environnement et du D\u00e9veloppement Durable, Jean-Luc ASSI, du vice-gouverneur du District d\u2019Abidjan, Y\u00e9o Kolotioloma, repr\u00e9sentant le ministre Gouverneur, du pr\u00e9sident de l\u2019Union Nationale des Journalistes de C\u00f4te d\u2019Ivoire (UNJCI), Jean-Claude Coulibaly, des organisations syndicales et professionnelles des m\u00e9dias.<\/span><\/p>\n","protected":false},"excerpt":{"rendered":"<p>Les faiti\u00e8res de la presse nationale ont b\u00e9n\u00e9fici\u00e9 d\u2019une formation sur les th\u00e9matiques de la d\u00e9sertification, la s\u00e9cheresse et la d\u00e9gradation des terres, ce jeudi 17 mars 2022, \u00e0 l\u2019h\u00f4tel [&hellip;]<\/p>\n","protected":false},"author":1,"featured_media":0,"comment_status":"closed","ping_status":"closed","sticky":false,"template":"","format":"standard","meta":{"_lmt_disableupdate":"no","_lmt_disable":"","pgc_sgb_lightbox_settings":""},"categories":[58],"tags":[],"post_folder":[59],"modified_by":"MINEDD","_links":{"self":[{"href":"https:\/\/did-dev.net\/mineddte\/wp-json\/wp\/v2\/posts\/4273"}],"collection":[{"href":"https:\/\/did-dev.net\/mineddte\/wp-json\/wp\/v2\/posts"}],"about":[{"href":"https:\/\/did-dev.net\/mineddte\/wp-json\/wp\/v2\/types\/post"}],"author":[{"embeddable":true,"href":"https:\/\/did-dev.net\/mineddte\/wp-json\/wp\/v2\/users\/1"}],"replies":[{"embeddable":true,"href":"https:\/\/did-dev.net\/mineddte\/wp-json\/wp\/v2\/comments?post=4273"}],"version-history":[{"count":1,"href":"https:\/\/did-dev.net\/mineddte\/wp-json\/wp\/v2\/posts\/4273\/revisions"}],"predecessor-version":[{"id":4288,"href":"https:\/\/did-dev.net\/mineddte\/wp-json\/wp\/v2\/posts\/4273\/revisions\/4288"}],"wp:attachment":[{"href":"https:\/\/did-dev.net\/mineddte\/wp-json\/wp\/v2\/media?parent=4273"}],"wp:term":[{"taxonomy":"category","embeddable":true,"href":"https:\/\/did-dev.net\/mineddte\/wp-json\/wp\/v2\/categories?post=4273"},{"taxonomy":"post_tag","embeddable":true,"href":"https:\/\/did-dev.net\/mineddte\/wp-json\/wp\/v2\/tags?post=4273"},{"taxonomy":"post_folder","embeddable":true,"href":"https:\/\/did-dev.net\/mineddte\/wp-json\/wp\/v2\/post_folder?post=4273"}],"curies":[{"name":"wp","href":"https:\/\/api.w.org\/{rel}","templated":true}]}}