{"id":4268,"date":"2022-04-28T10:30:08","date_gmt":"2022-04-28T10:30:08","guid":{"rendered":"https:\/\/did-dev.net\/mineddte\/?p=4268"},"modified":"2022-10-19T15:41:49","modified_gmt":"2022-10-19T15:41:49","slug":"gestion-des-polluants-organiques-persistants-pop-les-acteurs-du-secteur-prive-renforcent-leur-capacite","status":"publish","type":"post","link":"https:\/\/did-dev.net\/mineddte\/gestion-des-polluants-organiques-persistants-pop-les-acteurs-du-secteur-prive-renforcent-leur-capacite\/","title":{"rendered":"GESTION DES POLLUANTS ORGANIQUES PERSISTANTS (POP): LES ACTEURS DU SECTEUR PRIVE RENFORCENT LEUR CAPACITE"},"content":{"rendered":"<p style=\"text-align: justify;\"><span style=\"font-family: verdana, geneva, sans-serif;\"><img decoding=\"async\" loading=\"lazy\" class=\"alignnone size-full wp-image-4269\" src=\"https:\/\/did-dev.net\/mineddte\/wp-content\/uploads\/2022\/10\/D3E-1-scaled.jpg\" alt=\"\" width=\"2560\" height=\"1003\" srcset=\"https:\/\/did-dev.net\/mineddte\/wp-content\/uploads\/2022\/10\/D3E-1-scaled.jpg 2560w, https:\/\/did-dev.net\/mineddte\/wp-content\/uploads\/2022\/10\/D3E-1-262x103.jpg 262w, https:\/\/did-dev.net\/mineddte\/wp-content\/uploads\/2022\/10\/D3E-1-847x332.jpg 847w, https:\/\/did-dev.net\/mineddte\/wp-content\/uploads\/2022\/10\/D3E-1-100x39.jpg 100w, https:\/\/did-dev.net\/mineddte\/wp-content\/uploads\/2022\/10\/D3E-1-1536x602.jpg 1536w, https:\/\/did-dev.net\/mineddte\/wp-content\/uploads\/2022\/10\/D3E-1-2048x803.jpg 2048w\" sizes=\"(max-width: 2560px) 100vw, 2560px\" \/><\/span><\/p>\n<p style=\"text-align: justify;\"><span style=\"font-family: verdana, geneva, sans-serif;\">Comment maintenir l\u2019opportunit\u00e9 \u00e9conomique li\u00e9e aux d\u00e9chets d\u2019\u00e9quipements \u00e9lectriques et \u00e9lectroniques (DEEE) et des v\u00e9hicules en fin de vie (VFV) tout en pr\u00e9servant l\u2019environnement, la sant\u00e9 et le bien-\u00eatre des populations ?<\/span><\/p>\n<p style=\"text-align: justify;\"><span style=\"font-family: verdana, geneva, sans-serif;\">Tel \u00e9tait le sens de la mobilisation de plusieurs agents du secteur priv\u00e9 exer\u00e7ant dans les fili\u00e8res des DEEE et VFV, le mercredi 27 avril 2022, \u00e0 Palm Club Hotel sis \u00e0 Cocody.<\/span><\/p>\n<p style=\"text-align: justify;\"><span style=\"font-family: verdana, geneva, sans-serif;\">Les modules de formation retenues ont permis \u00e0 environ 40 acteurs de pouvoir identifier les polluants organiques persistants et les retardateurs de flamme brom\u00e9s (RFB), de conna\u00eetre et maitriser les m\u00e9thodes pratiques pour l\u2019identification de composants plastiques dans les DEEE et des VFV, d\u2019avoir une meilleure connaissance du trafic ill\u00e9gal de d\u00e9chets dangereux et ses cons\u00e9quences et de ma\u00eetriser les directives de la Convention de B\u00e2le sur les DEEE et les VFV.<\/span><\/p>\n<p style=\"text-align: justify;\"><span style=\"font-family: verdana, geneva, sans-serif;\">Selon Gustave BEDI, Coordonnateur du projet, <em>\u00ab \u00e0 terme, deux centres seront install\u00e9s en C\u00f4te d\u2019Ivoire dans le cadre du projet UPOPCI. Un premier qui permettra de travailler sur les VFV et pour le second sur les DEEE (ordinateurs, t\u00e9l\u00e9visions, poste radio) \u00bb.<\/em> Il a soulign\u00e9 que les intervenants dans ces centres seront organis\u00e9s en coop\u00e9ratives et m\u00e8neront leurs activit\u00e9s de fa\u00e7on l\u00e9gale, avec tout le soutien institutionnel du Minist\u00e8re en charge de l\u2019Environnement et du D\u00e9veloppement Durable.<\/span><\/p>\n<p style=\"text-align: justify;\"><span style=\"font-family: verdana, geneva, sans-serif;\">Le projet UPOPCI signifie \u00ab Gestion rationnelle des polluants organiques persistants non intentionnels (POPNI) et des diph\u00e9nyles \u00e9thers, poly brom\u00e9s (PBDE) pour r\u00e9duire leurs \u00e9missions du secteur des d\u00e9chets industriels \u00bb. Il est ex\u00e9cut\u00e9 par l\u2019Organisation des Nations Unies pour le D\u00e9veloppement Industriel (ONUDI) et financ\u00e9 par le Fond pour l\u2019Environnement Mondial.<\/span><\/p>\n<p style=\"text-align: justify;\"><span style=\"font-family: verdana, geneva, sans-serif;\">Depuis le 28 f\u00e9vrier, l\u2019\u00e9quipe du projet UPOPCI effectue des activit\u00e9s de sensibilisation des acteurs, sur les risques pour la sant\u00e9 humaine et la protection de l&#8217;environnement. Ces risques sont li\u00e9s au d\u00e9mant\u00e8lement et la manipulation des D\u00e9chets d\u2019Equipement Electrique et Electronique (DEEE) et des V\u00e9hicules en Fin de Vie (VFV). Aussi, cette sensibilisation vise \u00e0 promouvoir les meilleures techniques disponibles (MTD) et les meilleures pratiques environnementales (MPE) pour leur gestion et la cr\u00e9ation d\u2019opportunit\u00e9s \u00e9conomiques en lien avec lesdites fili\u00e8res.<\/span><\/p>\n","protected":false},"excerpt":{"rendered":"<p>Comment maintenir l\u2019opportunit\u00e9 \u00e9conomique li\u00e9e aux d\u00e9chets d\u2019\u00e9quipements \u00e9lectriques et \u00e9lectroniques (DEEE) et des v\u00e9hicules en fin de vie (VFV) tout en pr\u00e9servant l\u2019environnement, la sant\u00e9 et le bien-\u00eatre des [&hellip;]<\/p>\n","protected":false},"author":1,"featured_media":4269,"comment_status":"closed","ping_status":"closed","sticky":false,"template":"","format":"standard","meta":{"_lmt_disableupdate":"no","_lmt_disable":"","pgc_sgb_lightbox_settings":""},"categories":[58],"tags":[],"post_folder":[59],"modified_by":"MINEDD","_links":{"self":[{"href":"https:\/\/did-dev.net\/mineddte\/wp-json\/wp\/v2\/posts\/4268"}],"collection":[{"href":"https:\/\/did-dev.net\/mineddte\/wp-json\/wp\/v2\/posts"}],"about":[{"href":"https:\/\/did-dev.net\/mineddte\/wp-json\/wp\/v2\/types\/post"}],"author":[{"embeddable":true,"href":"https:\/\/did-dev.net\/mineddte\/wp-json\/wp\/v2\/users\/1"}],"replies":[{"embeddable":true,"href":"https:\/\/did-dev.net\/mineddte\/wp-json\/wp\/v2\/comments?post=4268"}],"version-history":[{"count":1,"href":"https:\/\/did-dev.net\/mineddte\/wp-json\/wp\/v2\/posts\/4268\/revisions"}],"predecessor-version":[{"id":4271,"href":"https:\/\/did-dev.net\/mineddte\/wp-json\/wp\/v2\/posts\/4268\/revisions\/4271"}],"wp:featuredmedia":[{"embeddable":true,"href":"https:\/\/did-dev.net\/mineddte\/wp-json\/wp\/v2\/media\/4269"}],"wp:attachment":[{"href":"https:\/\/did-dev.net\/mineddte\/wp-json\/wp\/v2\/media?parent=4268"}],"wp:term":[{"taxonomy":"category","embeddable":true,"href":"https:\/\/did-dev.net\/mineddte\/wp-json\/wp\/v2\/categories?post=4268"},{"taxonomy":"post_tag","embeddable":true,"href":"https:\/\/did-dev.net\/mineddte\/wp-json\/wp\/v2\/tags?post=4268"},{"taxonomy":"post_folder","embeddable":true,"href":"https:\/\/did-dev.net\/mineddte\/wp-json\/wp\/v2\/post_folder?post=4268"}],"curies":[{"name":"wp","href":"https:\/\/api.w.org\/{rel}","templated":true}]}}