{"id":4267,"date":"2022-04-23T18:44:26","date_gmt":"2022-04-23T18:44:26","guid":{"rendered":"https:\/\/did-dev.net\/mineddte\/?p=4267"},"modified":"2022-10-19T15:47:29","modified_gmt":"2022-10-19T15:47:29","slug":"etat-davancement-et-plan-de-travail-du-projet-folab-le-comite-de-pilotage-tient-sa-premiere-reunion","status":"publish","type":"post","link":"https:\/\/did-dev.net\/mineddte\/etat-davancement-et-plan-de-travail-du-projet-folab-le-comite-de-pilotage-tient-sa-premiere-reunion\/","title":{"rendered":"ETAT D\u2019AVANCEMENT ET PLAN DE TRAVAIL DU PROJET FOLAB : LE COMITE DE PILOTAGE TIENT SA PREMIERE REUNION"},"content":{"rendered":"<p style=\"text-align: justify;\"><span style=\"font-family: verdana, geneva, sans-serif;\"><img decoding=\"async\" loading=\"lazy\" class=\"size-full wp-image-4270 aligncenter\" src=\"https:\/\/did-dev.net\/mineddte\/wp-content\/uploads\/2022\/10\/FOLAB-scaled.jpg\" alt=\"\" width=\"2560\" height=\"1003\" srcset=\"https:\/\/did-dev.net\/mineddte\/wp-content\/uploads\/2022\/10\/FOLAB-scaled.jpg 2560w, https:\/\/did-dev.net\/mineddte\/wp-content\/uploads\/2022\/10\/FOLAB-262x103.jpg 262w, https:\/\/did-dev.net\/mineddte\/wp-content\/uploads\/2022\/10\/FOLAB-847x332.jpg 847w, https:\/\/did-dev.net\/mineddte\/wp-content\/uploads\/2022\/10\/FOLAB-100x39.jpg 100w, https:\/\/did-dev.net\/mineddte\/wp-content\/uploads\/2022\/10\/FOLAB-1536x602.jpg 1536w, https:\/\/did-dev.net\/mineddte\/wp-content\/uploads\/2022\/10\/FOLAB-2048x803.jpg 2048w\" sizes=\"(max-width: 2560px) 100vw, 2560px\" \/><\/span><\/p>\n<p style=\"text-align: justify;\"><span style=\"font-family: verdana, geneva, sans-serif;\">En vue de favoriser une perception commune des enjeux du projet FOLAB, les membres du Comit\u00e9 de pilotage (COPIL) qui le compose se sont retrouv\u00e9s, le vendredi 23 avril 2022, \u00e0 Cocody pour la validation du plan de travail annuel et du budget de l\u2019ann\u00e9e en cours.<\/span><\/p>\n<p style=\"text-align: justify;\"><span style=\"font-family: verdana, geneva, sans-serif;\">Cette premi\u00e8re r\u00e9union visait aussi \u00e0 valider un projet de r\u00e8glement int\u00e9rieur applicable au comit\u00e9 de pilotage et \u00e0 faire l\u2019\u00e9tat de mise en \u0153uvre des activit\u00e9s.<\/span><\/p>\n<p style=\"text-align: justify;\"><span style=\"font-family: verdana, geneva, sans-serif;\">A l\u2019ouverture des travaux, la pr\u00e9sidente de ce comit\u00e9, le Docteur Jeanne N\u2019tain, par ailleurs Point focal nation de la Convention sur la Diversit\u00e9 Biologique, a rappel\u00e9 le r\u00f4le du COPIL<em>. \u00ab Notre t\u00e2che consiste \u00e0 assurer le bon fonctionnement du projet, \u00e0 donner des orientations pour que le projet contribue effectivement \u00e0 la pr\u00e9servation de la biodiversit\u00e9 et \u00e9galement aux besoins des populations qui attendent beaucoup de nous \u00bb<\/em>, s\u2019est-elle exprim\u00e9 au nom du Ministre Jean-Luc ASSI. Elle a salu\u00e9 l\u2019accompagnement des partenaires techniques et financiers sur ce projet. Ce sont notamment le Fonds pour l\u2019Environnement Mondial (FEM), repr\u00e9sent\u00e9 par son point focal op\u00e9rationnel en C\u00f4te d\u2019Ivoire, madame KONE BAKAYOKO Alimata et le Programme des Nations Unies pour l\u2019Environnent (PNUE), dont monsieur Adamu BUHARI \u00e9tait le repr\u00e9sentant.<\/span><\/p>\n<p style=\"text-align: justify;\"><span style=\"font-family: verdana, geneva, sans-serif;\">Une pr\u00e9sentation de monsieur Patrick PEDIA, Coordonnateur du projet, a meubl\u00e9 la rencontre. Elle a permis aux membres du COPIL de mieux comprendre les trois composantes, ainsi \u00e9num\u00e9r\u00e9es : <em>\u00ab appui au d\u00e9veloppement d\u2019un cadre institutionnel, politique et juridique favorable \u00e0 la REDD+ et au Paiement des Services Ecosyst\u00e9miques (PSE), mise en place d\u2019un m\u00e9canisme financier national et pilotage de l\u2019application des PSE dans la mangrove, gestion durable des aires prot\u00e9g\u00e9es peu soutenues et des \u00e9cosyst\u00e8mes environnants \u00bb<\/em>. A travers, ces grandes lignes cit\u00e9es, le Coordonnateur a pr\u00e9cis\u00e9 \u00e0 l\u2019assembl\u00e9e, l\u2019ampleur et le caract\u00e8re transversal des activit\u00e9s \u00e0 budg\u00e9tiser.<\/span><\/p>\n<p style=\"text-align: justify;\"><span style=\"font-family: verdana, geneva, sans-serif;\">Le r\u00e8glement int\u00e9rieur, le plan de travail annuel et le budget 2022 ont \u00e9t\u00e9 approuv\u00e9s et valid\u00e9s par le comit\u00e9 de pilotage, apr\u00e8s la prise en compte des recommandations des participants.<\/span><\/p>\n<p style=\"text-align: justify;\"><span style=\"font-family: verdana, geneva, sans-serif;\">Lanc\u00e9 en 2020, le projet FOLAB signifie <strong><em>\u00ab approche de durabilit\u00e9 et de mise \u00e0 l\u2019\u00e9chelle pour la transformation de la gestion, la restauration et la conservation des paysages forestiers et la biodiversit\u00e9 en C\u00f4te d\u2019Ivoire \u00bb.<\/em><\/strong> Il vise \u00e0 mettre en place et \u00e0 exp\u00e9rimenter un m\u00e9canisme de financement p\u00e9renne au niveau national afin de lutter contre la d\u00e9gradation des for\u00eats et la d\u00e9forestation, tout en soutenant des actions de gestion durable des aires prot\u00e9g\u00e9es. A son terme, plusieurs mangroves et paysages forestiers seront restaur\u00e9es en lien avec l\u2019Office des Parcs et r\u00e9serves et les PSE devront \u00eatre valoris\u00e9s comme sources de revenus compl\u00e9mentaires. Ces acquis devront permettre le d\u00e9ploiement d\u2019activit\u00e9s \u00e9conomiques au profit des populations locales qui y vivent, \u00e0 savoir l\u2019\u00e9cotourisme.<\/span><\/p>\n<p style=\"text-align: justify;\">\u00a0<\/p>\n<p style=\"text-align: justify;\">\u00a0<\/p>\n","protected":false},"excerpt":{"rendered":"<p>En vue de favoriser une perception commune des enjeux du projet FOLAB, les membres du Comit\u00e9 de pilotage (COPIL) qui le compose se sont retrouv\u00e9s, le vendredi 23 avril 2022, [&hellip;]<\/p>\n","protected":false},"author":1,"featured_media":4270,"comment_status":"closed","ping_status":"closed","sticky":false,"template":"","format":"standard","meta":{"_lmt_disableupdate":"no","_lmt_disable":"","pgc_sgb_lightbox_settings":""},"categories":[58],"tags":[],"post_folder":[59],"modified_by":"MINEDD","_links":{"self":[{"href":"https:\/\/did-dev.net\/mineddte\/wp-json\/wp\/v2\/posts\/4267"}],"collection":[{"href":"https:\/\/did-dev.net\/mineddte\/wp-json\/wp\/v2\/posts"}],"about":[{"href":"https:\/\/did-dev.net\/mineddte\/wp-json\/wp\/v2\/types\/post"}],"author":[{"embeddable":true,"href":"https:\/\/did-dev.net\/mineddte\/wp-json\/wp\/v2\/users\/1"}],"replies":[{"embeddable":true,"href":"https:\/\/did-dev.net\/mineddte\/wp-json\/wp\/v2\/comments?post=4267"}],"version-history":[{"count":1,"href":"https:\/\/did-dev.net\/mineddte\/wp-json\/wp\/v2\/posts\/4267\/revisions"}],"predecessor-version":[{"id":4272,"href":"https:\/\/did-dev.net\/mineddte\/wp-json\/wp\/v2\/posts\/4267\/revisions\/4272"}],"wp:featuredmedia":[{"embeddable":true,"href":"https:\/\/did-dev.net\/mineddte\/wp-json\/wp\/v2\/media\/4270"}],"wp:attachment":[{"href":"https:\/\/did-dev.net\/mineddte\/wp-json\/wp\/v2\/media?parent=4267"}],"wp:term":[{"taxonomy":"category","embeddable":true,"href":"https:\/\/did-dev.net\/mineddte\/wp-json\/wp\/v2\/categories?post=4267"},{"taxonomy":"post_tag","embeddable":true,"href":"https:\/\/did-dev.net\/mineddte\/wp-json\/wp\/v2\/tags?post=4267"},{"taxonomy":"post_folder","embeddable":true,"href":"https:\/\/did-dev.net\/mineddte\/wp-json\/wp\/v2\/post_folder?post=4267"}],"curies":[{"name":"wp","href":"https:\/\/api.w.org\/{rel}","templated":true}]}}