{"id":4259,"date":"2022-05-03T16:57:47","date_gmt":"2022-05-03T16:57:47","guid":{"rendered":"https:\/\/did-dev.net\/mineddte\/?p=4259"},"modified":"2022-10-19T15:08:04","modified_gmt":"2022-10-19T15:08:04","slug":"un-partenariat-entre-le-pncc-et-centre-de-recherche-wascal-pour-la-lutte-contre-les-changements-climatiques","status":"publish","type":"post","link":"https:\/\/did-dev.net\/mineddte\/un-partenariat-entre-le-pncc-et-centre-de-recherche-wascal-pour-la-lutte-contre-les-changements-climatiques\/","title":{"rendered":"UN PARTENARIAT ENTRE LE PNCC ET CENTRE DE RECHERCHE WASCAL POUR LA LUTTE CONTRE LES CHANGEMENTS CLIMATIQUES"},"content":{"rendered":"<p style=\"text-align: justify;\"><span style=\"font-family: verdana, geneva, sans-serif;\"><img decoding=\"async\" loading=\"lazy\" class=\"alignnone size-full wp-image-4261\" src=\"https:\/\/did-dev.net\/mineddte\/wp-content\/uploads\/2022\/10\/PNCC-1-scaled.jpg\" alt=\"\" width=\"2560\" height=\"1003\" srcset=\"https:\/\/did-dev.net\/mineddte\/wp-content\/uploads\/2022\/10\/PNCC-1-scaled.jpg 2560w, https:\/\/did-dev.net\/mineddte\/wp-content\/uploads\/2022\/10\/PNCC-1-262x103.jpg 262w, https:\/\/did-dev.net\/mineddte\/wp-content\/uploads\/2022\/10\/PNCC-1-847x332.jpg 847w, https:\/\/did-dev.net\/mineddte\/wp-content\/uploads\/2022\/10\/PNCC-1-100x39.jpg 100w, https:\/\/did-dev.net\/mineddte\/wp-content\/uploads\/2022\/10\/PNCC-1-1536x602.jpg 1536w, https:\/\/did-dev.net\/mineddte\/wp-content\/uploads\/2022\/10\/PNCC-1-2048x803.jpg 2048w\" sizes=\"(max-width: 2560px) 100vw, 2560px\" \/><\/span><\/p>\n<p style=\"text-align: justify;\"><span style=\"font-family: verdana, geneva, sans-serif;\">Le PNCC, Programme National Changement Climatique et le WASCAL, centre d\u2019Excellence Africain sur le Changement Climatique, la Biodiversit\u00e9 et l\u2019Agriculture Durable de l\u2019Universit\u00e9 Felix Houphou\u00ebt Boigny, se sont retrouv\u00e9s au Plateau Tour D 10e \u00e9tage, ce mardi 03 mai 2022 pour la signature d\u2019un accord-cadre de partenariat.<\/span><\/p>\n<p style=\"text-align: justify;\"><span style=\"font-family: verdana, geneva, sans-serif;\">Cet accord de partenariat vise \u00e0 renforcer la collaboration entre les deux (02) institutions dans leurs missions communes de lutte contre les changements climatiques.<\/span><\/p>\n<p style=\"text-align: justify;\"><span style=\"font-family: verdana, geneva, sans-serif;\">Monsieur Parfait KOUADIO, Directeur de Cabinet du Minist\u00e8re de l\u2019Environnement et du D\u00e9veloppement Durable et Monsieur BALLO Zi\u00e9, Pr\u00e9sident de l\u2019Universit\u00e9 F\u00e9lix Houphou\u00ebt Boigny de Cocody, ont proc\u00e9d\u00e9 \u00e0 la signature de cet accord au nom de l\u2019entit\u00e9 que chacun repr\u00e9sentait.<\/span><\/p>\n<p style=\"text-align: justify;\"><span style=\"font-family: verdana, geneva, sans-serif;\">Les axes de ce partenariat portent entre autre sur le renforcement des capacit\u00e9s techniques et institutionnels dans la lutte contre les changements climatiques, la mise en place d\u2019un cadre scientifique pour les calculs d\u2019\u00e9mission de gaz \u00e0 effet de serre (GES) au niveau national, la facilitation d\u2019\u00e9changes d\u2019informations et de donn\u00e9es sur les changements climatiques sur la base de visites de terrain, la collecte et la valorisation de donn\u00e9es scientifiques pour le d\u00e9veloppement de connaissance en mati\u00e8re d\u2019adaptation aux phon\u00e8mes du changement climatique et d\u2019att\u00e9nuation de GES.<\/span><\/p>\n","protected":false},"excerpt":{"rendered":"<p>Le PNCC, Programme National Changement Climatique et le WASCAL, centre d\u2019Excellence Africain sur le Changement Climatique, la Biodiversit\u00e9 et l\u2019Agriculture Durable de l\u2019Universit\u00e9 Felix Houphou\u00ebt Boigny, se sont retrouv\u00e9s au [&hellip;]<\/p>\n","protected":false},"author":1,"featured_media":4261,"comment_status":"closed","ping_status":"closed","sticky":false,"template":"","format":"standard","meta":{"_lmt_disableupdate":"no","_lmt_disable":"","pgc_sgb_lightbox_settings":""},"categories":[58],"tags":[],"post_folder":[59],"modified_by":"MINEDD","_links":{"self":[{"href":"https:\/\/did-dev.net\/mineddte\/wp-json\/wp\/v2\/posts\/4259"}],"collection":[{"href":"https:\/\/did-dev.net\/mineddte\/wp-json\/wp\/v2\/posts"}],"about":[{"href":"https:\/\/did-dev.net\/mineddte\/wp-json\/wp\/v2\/types\/post"}],"author":[{"embeddable":true,"href":"https:\/\/did-dev.net\/mineddte\/wp-json\/wp\/v2\/users\/1"}],"replies":[{"embeddable":true,"href":"https:\/\/did-dev.net\/mineddte\/wp-json\/wp\/v2\/comments?post=4259"}],"version-history":[{"count":3,"href":"https:\/\/did-dev.net\/mineddte\/wp-json\/wp\/v2\/posts\/4259\/revisions"}],"predecessor-version":[{"id":4266,"href":"https:\/\/did-dev.net\/mineddte\/wp-json\/wp\/v2\/posts\/4259\/revisions\/4266"}],"wp:featuredmedia":[{"embeddable":true,"href":"https:\/\/did-dev.net\/mineddte\/wp-json\/wp\/v2\/media\/4261"}],"wp:attachment":[{"href":"https:\/\/did-dev.net\/mineddte\/wp-json\/wp\/v2\/media?parent=4259"}],"wp:term":[{"taxonomy":"category","embeddable":true,"href":"https:\/\/did-dev.net\/mineddte\/wp-json\/wp\/v2\/categories?post=4259"},{"taxonomy":"post_tag","embeddable":true,"href":"https:\/\/did-dev.net\/mineddte\/wp-json\/wp\/v2\/tags?post=4259"},{"taxonomy":"post_folder","embeddable":true,"href":"https:\/\/did-dev.net\/mineddte\/wp-json\/wp\/v2\/post_folder?post=4259"}],"curies":[{"name":"wp","href":"https:\/\/api.w.org\/{rel}","templated":true}]}}