{"id":4256,"date":"2022-05-05T08:53:04","date_gmt":"2022-05-05T08:53:04","guid":{"rendered":"https:\/\/did-dev.net\/mineddte\/?p=4256"},"modified":"2022-10-19T14:54:57","modified_gmt":"2022-10-19T14:54:57","slug":"environnement-les-acquis-et-perspectives-des-differents-programmes-nationaux-du-minedd-presentes","status":"publish","type":"post","link":"https:\/\/did-dev.net\/mineddte\/environnement-les-acquis-et-perspectives-des-differents-programmes-nationaux-du-minedd-presentes\/","title":{"rendered":"ENVIRONNEMENT : LES ACQUIS ET PERSPECTIVES DES DIFFERENTS PROGRAMMES NATIONAUX DU MINEDD PRESENTES"},"content":{"rendered":"<p style=\"text-align: justify;\"><span style=\"font-family: verdana, geneva, sans-serif;\"><img decoding=\"async\" loading=\"lazy\" class=\"size-full wp-image-4260 aligncenter\" src=\"https:\/\/did-dev.net\/mineddte\/wp-content\/uploads\/2022\/10\/Sans-titre-1-9-scaled.jpg\" alt=\"\" width=\"2560\" height=\"1003\" srcset=\"https:\/\/did-dev.net\/mineddte\/wp-content\/uploads\/2022\/10\/Sans-titre-1-9-scaled.jpg 2560w, https:\/\/did-dev.net\/mineddte\/wp-content\/uploads\/2022\/10\/Sans-titre-1-9-262x103.jpg 262w, https:\/\/did-dev.net\/mineddte\/wp-content\/uploads\/2022\/10\/Sans-titre-1-9-847x332.jpg 847w, https:\/\/did-dev.net\/mineddte\/wp-content\/uploads\/2022\/10\/Sans-titre-1-9-100x39.jpg 100w, https:\/\/did-dev.net\/mineddte\/wp-content\/uploads\/2022\/10\/Sans-titre-1-9-1536x602.jpg 1536w, https:\/\/did-dev.net\/mineddte\/wp-content\/uploads\/2022\/10\/Sans-titre-1-9-2048x803.jpg 2048w\" sizes=\"(max-width: 2560px) 100vw, 2560px\" \/>En vue de vulgariser et mieux faire conna\u00eetre les activit\u00e9s de ses diff\u00e9rents Programmes, la Coordination G\u00e9n\u00e9rale des Programmes et Projets (CGPP) a organis\u00e9 un atelier portant sur leurs acquis obtenus et perspectives en cours.<\/span><\/p>\n<p style=\"text-align: justify;\"><span style=\"font-family: verdana, geneva, sans-serif;\">L\u2019atelier s\u2019est tenu \u00e0 la salle de conf\u00e9rence de la CGPP le mercredi 04 mai 2022. Une c\u00e9r\u00e9monie d\u2019ouverture pr\u00e9sid\u00e9e par monsieur le Directeur de Cabinet Adjoint, KODEHI Gnahor\u00e9, repr\u00e9sentant le Ministre de l\u2019Environnement et du D\u00e9veloppement Durable a marqu\u00e9 cette activit\u00e9. Dans son allocution, il a rappel\u00e9 l\u2019objectif des travaux<em>. \u00ab Cet atelier vise \u00e0 faire conna\u00eetre les diff\u00e9rentes activit\u00e9s qui composent la Coordination G\u00e9n\u00e9rale des Programmes et Projets (CGPP), leurs acquis, leurs difficult\u00e9s afin de pr\u00e9coniser des solutions et des perspectives idoines \u00bb,<\/em> a-t-il d\u00e9clar\u00e9 tout en insistant sur l\u2019int\u00e9r\u00eat que le Ministre accorde aux recommandations qui seront formul\u00e9es.<\/span><\/p>\n<p style=\"text-align: justify;\"><span style=\"font-family: verdana, geneva, sans-serif;\">Dirig\u00e9e par monsieur AKA Saffo depuis le 31 mai 2021, la Coordination G\u00e9n\u00e9rale des Programmes et Projets (CGPP) est compos\u00e9e de cinq (05) Programmes Nationaux qui sont : le Programme National de Gestion des D\u00e9chets (PNGED), le Programme National de Gestion des Produits Chimiques (PNGPC), le Programme National de Gestion de l\u2019Environnement C\u00f4tier (PNGEC), le Programme National Changement Climatique (PNCC) et le Programme National de Gestion des Ressources Naturelles (PNGRN). La CGPP, \u00e0 travers ses cinq (05) Programmes qui touchent les th\u00e9matiques cl\u00e9s de l\u2019environnement, a pour missions de faire des \u00e9tudes dans les diff\u00e9rents domaines environnementaux, d\u2019initier des projets de d\u00e9veloppement et des activit\u00e9s de sensibilisation.<\/span><\/p>\n<p style=\"text-align: justify;\"><span style=\"font-family: verdana, geneva, sans-serif;\"><em>\u00ab Apr\u00e8s les expos\u00e9s des Coordonnateurs des Programmes dans leurs domaines respectifs et les \u00e9changes qui s\u2019en sont suivi, nous arrivons, au terme de notre atelier. On peut retenir essentiellement comme recommandations : l\u2019am\u00e9lioration et la modernisation des m\u00e9thodes de travail, la mise en place de strat\u00e9gie de communication pour plus de visibilit\u00e9 des actions, l\u2019instauration d\u2019un syst\u00e8me de recrutement du personnel dans chaque programme, la recherche de financement pour les projets d\u00e9velopp\u00e9s \u00bb,<\/em> a r\u00e9sum\u00e9 le Coordonnateur du CGPP \u00e0 la fin de l\u2019atelier.<\/span><\/p>\n","protected":false},"excerpt":{"rendered":"<p>En vue de vulgariser et mieux faire conna\u00eetre les activit\u00e9s de ses diff\u00e9rents Programmes, la Coordination G\u00e9n\u00e9rale des Programmes et Projets (CGPP) a organis\u00e9 un atelier portant sur leurs acquis [&hellip;]<\/p>\n","protected":false},"author":1,"featured_media":4260,"comment_status":"closed","ping_status":"closed","sticky":false,"template":"","format":"standard","meta":{"_lmt_disableupdate":"no","_lmt_disable":"","pgc_sgb_lightbox_settings":""},"categories":[58],"tags":[],"post_folder":[59],"modified_by":"MINEDD","_links":{"self":[{"href":"https:\/\/did-dev.net\/mineddte\/wp-json\/wp\/v2\/posts\/4256"}],"collection":[{"href":"https:\/\/did-dev.net\/mineddte\/wp-json\/wp\/v2\/posts"}],"about":[{"href":"https:\/\/did-dev.net\/mineddte\/wp-json\/wp\/v2\/types\/post"}],"author":[{"embeddable":true,"href":"https:\/\/did-dev.net\/mineddte\/wp-json\/wp\/v2\/users\/1"}],"replies":[{"embeddable":true,"href":"https:\/\/did-dev.net\/mineddte\/wp-json\/wp\/v2\/comments?post=4256"}],"version-history":[{"count":1,"href":"https:\/\/did-dev.net\/mineddte\/wp-json\/wp\/v2\/posts\/4256\/revisions"}],"predecessor-version":[{"id":4262,"href":"https:\/\/did-dev.net\/mineddte\/wp-json\/wp\/v2\/posts\/4256\/revisions\/4262"}],"wp:featuredmedia":[{"embeddable":true,"href":"https:\/\/did-dev.net\/mineddte\/wp-json\/wp\/v2\/media\/4260"}],"wp:attachment":[{"href":"https:\/\/did-dev.net\/mineddte\/wp-json\/wp\/v2\/media?parent=4256"}],"wp:term":[{"taxonomy":"category","embeddable":true,"href":"https:\/\/did-dev.net\/mineddte\/wp-json\/wp\/v2\/categories?post=4256"},{"taxonomy":"post_tag","embeddable":true,"href":"https:\/\/did-dev.net\/mineddte\/wp-json\/wp\/v2\/tags?post=4256"},{"taxonomy":"post_folder","embeddable":true,"href":"https:\/\/did-dev.net\/mineddte\/wp-json\/wp\/v2\/post_folder?post=4256"}],"curies":[{"name":"wp","href":"https:\/\/api.w.org\/{rel}","templated":true}]}}