{"id":4255,"date":"2022-05-05T16:09:30","date_gmt":"2022-05-05T16:09:30","guid":{"rendered":"https:\/\/did-dev.net\/mineddte\/?p=4255"},"modified":"2022-10-19T14:20:59","modified_gmt":"2022-10-19T14:20:59","slug":"a-adjame-macaci-plusieurs-femmes-formees-sur-la-gestion-des-polluants-organiques-persistants-pop","status":"publish","type":"post","link":"https:\/\/did-dev.net\/mineddte\/a-adjame-macaci-plusieurs-femmes-formees-sur-la-gestion-des-polluants-organiques-persistants-pop\/","title":{"rendered":"A ADJAME-MACACI, PLUSIEURS FEMMES FORMEES SUR LA GESTION DES POLLUANTS ORGANIQUES PERSISTANTS (POP)"},"content":{"rendered":"<p style=\"text-align: justify;\"><span style=\"font-family: verdana, geneva, sans-serif;\"><img decoding=\"async\" loading=\"lazy\" class=\"size-full wp-image-4257 aligncenter\" src=\"https:\/\/did-dev.net\/mineddte\/wp-content\/uploads\/2022\/10\/POPCI-scaled.jpg\" alt=\"\" width=\"2560\" height=\"1003\" srcset=\"https:\/\/did-dev.net\/mineddte\/wp-content\/uploads\/2022\/10\/POPCI-scaled.jpg 2560w, https:\/\/did-dev.net\/mineddte\/wp-content\/uploads\/2022\/10\/POPCI-262x103.jpg 262w, https:\/\/did-dev.net\/mineddte\/wp-content\/uploads\/2022\/10\/POPCI-847x332.jpg 847w, https:\/\/did-dev.net\/mineddte\/wp-content\/uploads\/2022\/10\/POPCI-100x39.jpg 100w, https:\/\/did-dev.net\/mineddte\/wp-content\/uploads\/2022\/10\/POPCI-1536x602.jpg 1536w, https:\/\/did-dev.net\/mineddte\/wp-content\/uploads\/2022\/10\/POPCI-2048x803.jpg 2048w\" sizes=\"(max-width: 2560px) 100vw, 2560px\" \/><\/span><\/p>\n<p style=\"text-align: justify;\"><span style=\"font-family: verdana, geneva, sans-serif;\">Les enjeux environnementaux, \u00e9conomiques et sanitaires li\u00e9s aux Polluants Organiques Persistants (POP) ont \u00e9t\u00e9 pr\u00e9sent\u00e9s aux femmes de la commune d\u2019Adjam\u00e9, particuli\u00e8rement \u00e0 celles qui vivent ou exercent des activit\u00e9s dans les environs de la casse de Macaci. C\u2019\u00e9tait le jeudi 05 mai 2022. Ces femmes ont b\u00e9n\u00e9fici\u00e9 d\u2019une formation donn\u00e9e par Kra H\u00e9l\u00e8ne, Experte Genre et D\u00e9veloppement, membre de l\u2019\u00e9quipe du projet UPOP-CI, coordonn\u00e9e par le Professeur Gustave BEDI.<\/span><\/p>\n<p style=\"text-align: justify;\"><span style=\"font-family: verdana, geneva, sans-serif;\"><em>\u00ab POP veut dire Polluants Organiques Persistants. C\u2019est comme COVID-19, on ne le voit pas, il n\u2019a ni couleur ni odeur, mais il est canc\u00e9rig\u00e8ne et il tue. Comme vous \u00eates dedans tous les jours, nous sommes venus pour montrer le c\u00f4t\u00e9 dangereux pour votre sant\u00e9 et les bons gestes \u00e0 faire pour se prot\u00e9ger et gagner de l\u2019argent \u00bb<\/em>, a expliqu\u00e9 le Coordonnateur dans son mot d\u2019ouverture.<\/span><\/p>\n<p style=\"text-align: justify;\"><span style=\"font-family: verdana, geneva, sans-serif;\">Il a poursuivi en revenant sur les sources du POP. <em>\u00ab Pour ne pas que les v\u00e9hicules explosent quand ils prennent feu, le POP a \u00e9t\u00e9 mis dans les porti\u00e8res, les tableaux de bord, les mousses des fauteuils. Quand le v\u00e9hicule a plus de 16 ans, le POP devient canc\u00e9rig\u00e8ne. Il y a aussi les POPs dans les t\u00e9l\u00e9visions et ordinateurs cathodiques commun\u00e9ment appel\u00e9s \u2018\u2019\u00e9crans bomb\u00e9s\u2019\u2019 \u00bb.<\/em><\/span><\/p>\n<p style=\"text-align: justify;\"><span style=\"font-family: verdana, geneva, sans-serif;\">Le manque d\u2019infrastructures, de services de gestion et recyclage des d\u00e9chets d\u2019\u00e9quipements \u00e9lectriques et \u00e9lectroniques (DEEE) et des v\u00e9hicules en fin de vie (VFV) pr\u00e9sente de nombreuses cons\u00e9quences n\u00e9gatives sur les \u00e9cosyst\u00e8mes et sur la sant\u00e9 humaine. C\u2019est pour palier \u00e0 ce manque que le projet UPOP-CI sensibilise les acteurs sur la d\u00e9monstration et la diss\u00e9mination des bonnes pratiques en mati\u00e8re de gestion \u00e9cologiquement rationnelle des polluants qui ont pour sources les d\u00e9chets des VFV et des DEEE. Au terme de ce projet, deux centres de d\u00e9mant\u00e8lement seront construits. Le premier sera destin\u00e9 aux VFV et le second aux DEEE. Ils permettront \u00e0 ces femmes de b\u00e9n\u00e9ficier de ressources additionnelles tout en pr\u00e9servant leur sant\u00e9.<\/span><\/p>\n<p style=\"text-align: justify;\"><span style=\"font-family: verdana, geneva, sans-serif;\">En effet, les DEEE et les VFV repr\u00e9sentent une opportunit\u00e9 \u00e9conomique et environnementale \u00e0 travers la r\u00e9cup\u00e9ration des mat\u00e9riaux de valeur permettant d&#8217;\u00e9viter le gaspillage de ressources naturelles et d&#8217;\u00e9nergie, de s\u00e9curiser l&#8217;approvisionnement de l&#8217;industrie en mati\u00e8res premi\u00e8res, et de diminuer les impacts environnementaux<\/span><\/p>\n<p style=\"text-align: justify;\">\u00a0<\/p>\n","protected":false},"excerpt":{"rendered":"<p>Les enjeux environnementaux, \u00e9conomiques et sanitaires li\u00e9s aux Polluants Organiques Persistants (POP) ont \u00e9t\u00e9 pr\u00e9sent\u00e9s aux femmes de la commune d\u2019Adjam\u00e9, particuli\u00e8rement \u00e0 celles qui vivent ou exercent des activit\u00e9s [&hellip;]<\/p>\n","protected":false},"author":1,"featured_media":4257,"comment_status":"closed","ping_status":"closed","sticky":false,"template":"","format":"standard","meta":{"_lmt_disableupdate":"no","_lmt_disable":"","pgc_sgb_lightbox_settings":""},"categories":[58],"tags":[],"post_folder":[59],"modified_by":"MINEDD","_links":{"self":[{"href":"https:\/\/did-dev.net\/mineddte\/wp-json\/wp\/v2\/posts\/4255"}],"collection":[{"href":"https:\/\/did-dev.net\/mineddte\/wp-json\/wp\/v2\/posts"}],"about":[{"href":"https:\/\/did-dev.net\/mineddte\/wp-json\/wp\/v2\/types\/post"}],"author":[{"embeddable":true,"href":"https:\/\/did-dev.net\/mineddte\/wp-json\/wp\/v2\/users\/1"}],"replies":[{"embeddable":true,"href":"https:\/\/did-dev.net\/mineddte\/wp-json\/wp\/v2\/comments?post=4255"}],"version-history":[{"count":1,"href":"https:\/\/did-dev.net\/mineddte\/wp-json\/wp\/v2\/posts\/4255\/revisions"}],"predecessor-version":[{"id":4258,"href":"https:\/\/did-dev.net\/mineddte\/wp-json\/wp\/v2\/posts\/4255\/revisions\/4258"}],"wp:featuredmedia":[{"embeddable":true,"href":"https:\/\/did-dev.net\/mineddte\/wp-json\/wp\/v2\/media\/4257"}],"wp:attachment":[{"href":"https:\/\/did-dev.net\/mineddte\/wp-json\/wp\/v2\/media?parent=4255"}],"wp:term":[{"taxonomy":"category","embeddable":true,"href":"https:\/\/did-dev.net\/mineddte\/wp-json\/wp\/v2\/categories?post=4255"},{"taxonomy":"post_tag","embeddable":true,"href":"https:\/\/did-dev.net\/mineddte\/wp-json\/wp\/v2\/tags?post=4255"},{"taxonomy":"post_folder","embeddable":true,"href":"https:\/\/did-dev.net\/mineddte\/wp-json\/wp\/v2\/post_folder?post=4255"}],"curies":[{"name":"wp","href":"https:\/\/api.w.org\/{rel}","templated":true}]}}