{"id":4252,"date":"2022-05-06T07:53:36","date_gmt":"2022-05-06T07:53:36","guid":{"rendered":"https:\/\/did-dev.net\/mineddte\/?p=4252"},"modified":"2022-10-19T13:59:34","modified_gmt":"2022-10-19T13:59:34","slug":"preparatif-de-la-cop-15-le-ministre-jean-luc-assi-satisfait-des-travaux-du-dispositif-daccueil","status":"publish","type":"post","link":"https:\/\/did-dev.net\/mineddte\/preparatif-de-la-cop-15-le-ministre-jean-luc-assi-satisfait-des-travaux-du-dispositif-daccueil\/","title":{"rendered":"PREPARATIF DE LA COP 15 : LE MINISTRE JEAN-LUC ASSI SATISFAIT DES TRAVAUX DU DISPOSITIF D\u2019ACCUEIL"},"content":{"rendered":"<p style=\"text-align: justify;\"><span style=\"font-family: verdana, geneva, sans-serif;\"><img decoding=\"async\" loading=\"lazy\" class=\"size-full wp-image-4253 aligncenter\" src=\"https:\/\/did-dev.net\/mineddte\/wp-content\/uploads\/2022\/10\/Sans-titre-12-scaled.jpg\" alt=\"\" width=\"2560\" height=\"1003\" srcset=\"https:\/\/did-dev.net\/mineddte\/wp-content\/uploads\/2022\/10\/Sans-titre-12-scaled.jpg 2560w, https:\/\/did-dev.net\/mineddte\/wp-content\/uploads\/2022\/10\/Sans-titre-12-262x103.jpg 262w, https:\/\/did-dev.net\/mineddte\/wp-content\/uploads\/2022\/10\/Sans-titre-12-847x332.jpg 847w, https:\/\/did-dev.net\/mineddte\/wp-content\/uploads\/2022\/10\/Sans-titre-12-100x39.jpg 100w, https:\/\/did-dev.net\/mineddte\/wp-content\/uploads\/2022\/10\/Sans-titre-12-1536x602.jpg 1536w, https:\/\/did-dev.net\/mineddte\/wp-content\/uploads\/2022\/10\/Sans-titre-12-2048x803.jpg 2048w\" sizes=\"(max-width: 2560px) 100vw, 2560px\" \/><\/span><\/p>\n<p style=\"text-align: justify;\"><span style=\"font-family: verdana, geneva, sans-serif;\">Au terme d&#8217;une visite, le jeudi 05 mai 2022 au Sofitel H\u00f4tel Ivoire d&#8217;Abidjan, site pr\u00e9vu pour accueillir du 09 au 20 mai, la 15\u00e8me Conf\u00e9rence des Parties sur la d\u00e9sertification et la s\u00e9cheresse (COP 15), le ministre de l&#8217;Environnement et du D\u00e9veloppement durable, Jean-Luc Assi, s&#8217;est dit satisfait des pr\u00e9paratifs.<\/span><\/p>\n<p style=\"text-align: justify;\"><span style=\"font-family: verdana, geneva, sans-serif;\"><em>&#8220;Au terme de cette visite, je me suis rendu compte que le travail est tr\u00e8s bien avanc\u00e9. Nous sommes pratiquement \u00e0 90% et nous en sommes satisfaits Nous r\u00e9servons la finition des 10% restants pour demain et apr\u00e8s-demain et tout sera pr\u00eat. Nous pouvons rassurer la population ivoirienne et le monde entier que tout est fin pr\u00eat et qu&#8217;ils auront droit \u00e0 une tr\u00e8s belle Cop 15&#8221;<\/em>, s&#8217;est f\u00e9licit\u00e9 Jean-Luc Assi.<\/span><\/p>\n<p style=\"text-align: justify;\"><span style=\"font-family: verdana, geneva, sans-serif;\">Au nom du gouvernement, il a rassur\u00e9 tous les partenaires que la C\u00f4te d&#8217;Ivoire a la capacit\u00e9 n\u00e9cessaire pour organiser la Cop 15 dans de tr\u00e8s bonnes conditions.<\/span><\/p>\n<p style=\"text-align: justify;\"><span style=\"font-family: verdana, geneva, sans-serif;\">Le pr\u00e9sident du comit\u00e9 d&#8217;organisation de la Cop 15, Abou Bamba, a expliqu\u00e9 que la visite a concern\u00e9 la salle des f\u00eates du Sofitel H\u00f4tel Ivoire qui va abriter le sommet des Chefs d&#8217;\u00c9tat et pr\u00e9sidents des institutions et la salle pr\u00e9vue pour l&#8217;ouverture de la r\u00e9union pl\u00e9nipotentiaire.<\/span><\/p>\n<p style=\"text-align: justify;\"><span style=\"font-family: verdana, geneva, sans-serif;\"><em>&#8220;Nous avons v\u00e9rifi\u00e9 la conformit\u00e9 de ces salles, notamment les micros, les chaises, la disposition, les c\u00e2blages, l&#8217;internet, le WiFi, l&#8217;\u00e9clairage, les \u00e9crans, etc. Tout est fin pr\u00eat. Nous en sommes pleinement satisfaits&#8221;<\/em>, a-t-il dit.<\/span><\/p>\n<p style=\"text-align: justify;\"><span style=\"font-family: verdana, geneva, sans-serif;\">Consid\u00e9r\u00e9 comme le plus grand \u00e9v\u00e9nement organis\u00e9 en C\u00f4te d&#8217;Ivoire, la Cop 15 va accueillir pr\u00e8s de 5 000 participants venant de 196 pays.<\/span><\/p>\n","protected":false},"excerpt":{"rendered":"<p>Au terme d&#8217;une visite, le jeudi 05 mai 2022 au Sofitel H\u00f4tel Ivoire d&#8217;Abidjan, site pr\u00e9vu pour accueillir du 09 au 20 mai, la 15\u00e8me Conf\u00e9rence des Parties sur la [&hellip;]<\/p>\n","protected":false},"author":1,"featured_media":4253,"comment_status":"closed","ping_status":"closed","sticky":false,"template":"","format":"standard","meta":{"_lmt_disableupdate":"no","_lmt_disable":"","pgc_sgb_lightbox_settings":""},"categories":[58],"tags":[],"post_folder":[59],"modified_by":"MINEDD","_links":{"self":[{"href":"https:\/\/did-dev.net\/mineddte\/wp-json\/wp\/v2\/posts\/4252"}],"collection":[{"href":"https:\/\/did-dev.net\/mineddte\/wp-json\/wp\/v2\/posts"}],"about":[{"href":"https:\/\/did-dev.net\/mineddte\/wp-json\/wp\/v2\/types\/post"}],"author":[{"embeddable":true,"href":"https:\/\/did-dev.net\/mineddte\/wp-json\/wp\/v2\/users\/1"}],"replies":[{"embeddable":true,"href":"https:\/\/did-dev.net\/mineddte\/wp-json\/wp\/v2\/comments?post=4252"}],"version-history":[{"count":1,"href":"https:\/\/did-dev.net\/mineddte\/wp-json\/wp\/v2\/posts\/4252\/revisions"}],"predecessor-version":[{"id":4254,"href":"https:\/\/did-dev.net\/mineddte\/wp-json\/wp\/v2\/posts\/4252\/revisions\/4254"}],"wp:featuredmedia":[{"embeddable":true,"href":"https:\/\/did-dev.net\/mineddte\/wp-json\/wp\/v2\/media\/4253"}],"wp:attachment":[{"href":"https:\/\/did-dev.net\/mineddte\/wp-json\/wp\/v2\/media?parent=4252"}],"wp:term":[{"taxonomy":"category","embeddable":true,"href":"https:\/\/did-dev.net\/mineddte\/wp-json\/wp\/v2\/categories?post=4252"},{"taxonomy":"post_tag","embeddable":true,"href":"https:\/\/did-dev.net\/mineddte\/wp-json\/wp\/v2\/tags?post=4252"},{"taxonomy":"post_folder","embeddable":true,"href":"https:\/\/did-dev.net\/mineddte\/wp-json\/wp\/v2\/post_folder?post=4252"}],"curies":[{"name":"wp","href":"https:\/\/api.w.org\/{rel}","templated":true}]}}