{"id":4243,"date":"2022-05-09T17:10:53","date_gmt":"2022-05-09T17:10:53","guid":{"rendered":"https:\/\/did-dev.net\/mineddte\/?p=4243"},"modified":"2022-10-19T13:27:20","modified_gmt":"2022-10-19T13:27:20","slug":"cop-15-restauration-des-terres-degradees-le-president-alassane-ouattara-presente-un-important-programme-denomme-linitiative-dabidjan","status":"publish","type":"post","link":"https:\/\/did-dev.net\/mineddte\/cop-15-restauration-des-terres-degradees-le-president-alassane-ouattara-presente-un-important-programme-denomme-linitiative-dabidjan\/","title":{"rendered":"COP 15\/ RESTAURATION DES TERRES DEGRADEES : LE PRESIDENT ALASSANE OUATTARA PRESENTE UN IMPORTANT PROGRAMME DENOMME \u00ab L\u2019INITIATIVE D\u2019ABIDJAN \u00bb"},"content":{"rendered":"<p style=\"text-align: justify;\"><span style=\"font-family: verdana, geneva, sans-serif;\"><img decoding=\"async\" loading=\"lazy\" class=\"size-full wp-image-4248\" src=\"https:\/\/did-dev.net\/mineddte\/wp-content\/uploads\/2022\/10\/Sans-titre-1-8-scaled.jpg\" alt=\"\" width=\"2560\" height=\"1003\" srcset=\"https:\/\/did-dev.net\/mineddte\/wp-content\/uploads\/2022\/10\/Sans-titre-1-8-scaled.jpg 2560w, https:\/\/did-dev.net\/mineddte\/wp-content\/uploads\/2022\/10\/Sans-titre-1-8-262x103.jpg 262w, https:\/\/did-dev.net\/mineddte\/wp-content\/uploads\/2022\/10\/Sans-titre-1-8-847x332.jpg 847w, https:\/\/did-dev.net\/mineddte\/wp-content\/uploads\/2022\/10\/Sans-titre-1-8-100x39.jpg 100w, https:\/\/did-dev.net\/mineddte\/wp-content\/uploads\/2022\/10\/Sans-titre-1-8-1536x602.jpg 1536w, https:\/\/did-dev.net\/mineddte\/wp-content\/uploads\/2022\/10\/Sans-titre-1-8-2048x803.jpg 2048w\" sizes=\"(max-width: 2560px) 100vw, 2560px\" \/><\/span><\/p>\n<p style=\"text-align: justify;\"><span style=\"font-family: verdana, geneva, sans-serif;\">En r\u00e9ponse aux d\u00e9fis de la s\u00e9cheresse et de la restauration des terres, le Pr\u00e9sident Alassane Ouattara a annonc\u00e9 que la C\u00f4te d\u2019Ivoire a \u00e9labor\u00e9 un important programme, d\u00e9nomm\u00e9 <strong><em>\u00ab L\u2019Initiative d\u2019Abidjan \u00bb <\/em><\/strong>ou<strong><em> \u00ab Abidjan Legacy Program \u00bb,<\/em><\/strong> dont la vocation est d\u2019int\u00e9grer dans ses strat\u00e9gies de d\u00e9veloppement, les approches de gestion durable des sols et de restauration de nos \u00e9cosyst\u00e8mes forestiers fortement d\u00e9grad\u00e9s.<\/span><\/p>\n<p style=\"text-align: justify;\"><span style=\"font-family: verdana, geneva, sans-serif;\">C&#8217;\u00e9tait au cours du sommet des Chefs d&#8217;\u00c9tat et de gouvernement marquant l&#8217;ouverture officielle de la 15e Conf\u00e9rence des parties sur la D\u00e9sertification et la s\u00e9cheresse (Cop 15), le lundi 09 mai 2022 \u00e0 Abidjan.<\/span><\/p>\n<p style=\"text-align: justify;\"><span style=\"font-family: verdana, geneva, sans-serif;\"><em>&#8220;Je porte personnellement cette initiative que nous lancerons au cours de notre Sommet, avec l\u2019espoir qu\u2019elle inspirera d&#8217;autres pays, en Afrique et dans le reste du monde. Le Premier Ministre et le gouvernement sont totalement engag\u00e9s \u00e0 soutenir cette initiative&#8221;<\/em>, a indiqu\u00e9 Alassane Ouattara.<\/span><\/p>\n<p style=\"text-align: justify;\"><span style=\"font-family: verdana, geneva, sans-serif;\">Selon le Chef de l&#8217;\u00c9tat ivoirien, ce programme n\u00e9cessitera, pour sa mise en \u0153uvre, la mobilisation de 1,5 milliard de dollar US, au cours des cinq prochaines ann\u00e9es.<\/span><\/p>\n<p style=\"text-align: justify;\"><span style=\"font-family: verdana, geneva, sans-serif;\">Il a \u00e9galement rappel\u00e9 qu&#8217;en C\u00f4te d\u2019Ivoire, la superficie foresti\u00e8re qui repr\u00e9sentait 16 millions d\u2019hectares dans les ann\u00e9es 1900, n\u2019\u00e9tait plus que de 2,9 millions d\u2019hectares en 2021.<\/span><\/p>\n<p style=\"text-align: justify;\"><span style=\"font-family: verdana, geneva, sans-serif;\">Selon lui, au rythme actuel, celle-ci pourrait dispara\u00eetre enti\u00e8rement \u00e0 l\u2019horizon 2050, si rien n\u2019est fait.<\/span><\/p>\n<p style=\"text-align: justify;\"><span style=\"font-family: verdana, geneva, sans-serif;\">Face \u00e0 ce d\u00e9fi majeur, a-t-il dit, une nouvelle Politique foresti\u00e8re, ainsi que sa strat\u00e9gie de mise en \u0153uvre, ont \u00e9t\u00e9 adopt\u00e9es en vue du recouvrement de 3 millions d\u2019hectares de for\u00eat \u00e0 l\u2019horizon 2030, pour un montant de 616 milliards de FCFA, soit environ 1,1 milliard de dollar am\u00e9ricain.<\/span><\/p>\n<p style=\"text-align: justify;\"><span style=\"font-family: verdana, geneva, sans-serif;\"><em>&#8220;Cette strat\u00e9gie fait la promotion de l\u2019agroforesterie et fait appel au secteur priv\u00e9 pour la reconstitution du couvert forestier&#8221;<\/em>, a expliqu\u00e9 le Pr\u00e9sident Alassane Ouattara, non sans rappeler que la C\u00f4te d&#8217;Ivoire est un pays agricole.<\/span><\/p>\n<p style=\"text-align: justify;\"><span style=\"font-family: verdana, geneva, sans-serif;\">A l&#8217;en croire, l&#8217;impact des ph\u00e9nom\u00e8nes climatiques sur les terres se pose avec acuit\u00e9 en C\u00f4te d&#8217;Ivoire.<\/span><\/p>\n<p style=\"text-align: justify;\"><span style=\"font-family: verdana, geneva, sans-serif;\"><em>&#8220;La d\u00e9sertification et la s\u00e9cheresse touchent 60% du territoire national et 90% de sa partie septentrionale, et bouleversent profond\u00e9ment les secteurs de l&#8217;agriculture et de l&#8217;agro-industrie sociale, socle de l&#8217;\u00e9conomie nationale. La d\u00e9sertification et la s\u00e9cheresse sont sources de migration et de conflits intercommunautaires. Ces fl\u00e9aux constituent \u00e9galement une menace pour notre s\u00e9curit\u00e9 \u00e9nerg\u00e9tique et sanitaire et, \u00e0 long terme, pour la paix&#8221;<\/em>, a d\u00e9plor\u00e9 Alassane Ouattara.<\/span><\/p>\n<p style=\"text-align: justify;\"><span style=\"font-family: verdana, geneva, sans-serif;\">Le Sommet des Chefs d\u2019Etat et de gouvernement a pour th\u00e8me <em>\u00ab S\u00e9cheresse et Restauration des Terres, dans le cadre de la 15e Session de la Conf\u00e9rence des Parties \u00e0 la Convention des Nations Unies sur la Lutte contre la D\u00e9sertification \u00bb.<\/em><\/span><\/p>\n<p style=\"text-align: justify;\"><span style=\"font-family: verdana, geneva, sans-serif;\">La Cop 15 a pour th\u00e8me g\u00e9n\u00e9ral<em> \u00ab Terres. Vie. Patrimoine : d\u2019un monde pr\u00e9caire vers un avenir prosp\u00e8re \u00bb.<\/em><\/span><\/p>\n","protected":false},"excerpt":{"rendered":"<p>En r\u00e9ponse aux d\u00e9fis de la s\u00e9cheresse et de la restauration des terres, le Pr\u00e9sident Alassane Ouattara a annonc\u00e9 que la C\u00f4te d\u2019Ivoire a \u00e9labor\u00e9 un important programme, d\u00e9nomm\u00e9 \u00ab [&hellip;]<\/p>\n","protected":false},"author":1,"featured_media":4248,"comment_status":"closed","ping_status":"closed","sticky":false,"template":"","format":"standard","meta":{"_lmt_disableupdate":"no","_lmt_disable":"","pgc_sgb_lightbox_settings":""},"categories":[58],"tags":[],"post_folder":[59],"modified_by":"MINEDD","_links":{"self":[{"href":"https:\/\/did-dev.net\/mineddte\/wp-json\/wp\/v2\/posts\/4243"}],"collection":[{"href":"https:\/\/did-dev.net\/mineddte\/wp-json\/wp\/v2\/posts"}],"about":[{"href":"https:\/\/did-dev.net\/mineddte\/wp-json\/wp\/v2\/types\/post"}],"author":[{"embeddable":true,"href":"https:\/\/did-dev.net\/mineddte\/wp-json\/wp\/v2\/users\/1"}],"replies":[{"embeddable":true,"href":"https:\/\/did-dev.net\/mineddte\/wp-json\/wp\/v2\/comments?post=4243"}],"version-history":[{"count":1,"href":"https:\/\/did-dev.net\/mineddte\/wp-json\/wp\/v2\/posts\/4243\/revisions"}],"predecessor-version":[{"id":4249,"href":"https:\/\/did-dev.net\/mineddte\/wp-json\/wp\/v2\/posts\/4243\/revisions\/4249"}],"wp:featuredmedia":[{"embeddable":true,"href":"https:\/\/did-dev.net\/mineddte\/wp-json\/wp\/v2\/media\/4248"}],"wp:attachment":[{"href":"https:\/\/did-dev.net\/mineddte\/wp-json\/wp\/v2\/media?parent=4243"}],"wp:term":[{"taxonomy":"category","embeddable":true,"href":"https:\/\/did-dev.net\/mineddte\/wp-json\/wp\/v2\/categories?post=4243"},{"taxonomy":"post_tag","embeddable":true,"href":"https:\/\/did-dev.net\/mineddte\/wp-json\/wp\/v2\/tags?post=4243"},{"taxonomy":"post_folder","embeddable":true,"href":"https:\/\/did-dev.net\/mineddte\/wp-json\/wp\/v2\/post_folder?post=4243"}],"curies":[{"name":"wp","href":"https:\/\/api.w.org\/{rel}","templated":true}]}}