{"id":4240,"date":"2022-05-09T14:48:21","date_gmt":"2022-05-09T14:48:21","guid":{"rendered":"https:\/\/did-dev.net\/mineddte\/?p=4240"},"modified":"2022-10-19T12:59:32","modified_gmt":"2022-10-19T12:59:32","slug":"cop-15-allocution-du-secretaire-executif-de-la-convention-des-nations-unies-sur-la-lutte-contre-la-desertification-et-la-secheresse-cnuld-lors-du-sommet-des-chefs-detats","status":"publish","type":"post","link":"https:\/\/did-dev.net\/mineddte\/cop-15-allocution-du-secretaire-executif-de-la-convention-des-nations-unies-sur-la-lutte-contre-la-desertification-et-la-secheresse-cnuld-lors-du-sommet-des-chefs-detats\/","title":{"rendered":"COP 15 : ALLOCUTION DU SECRETAIRE EXECUTIF DE LA CONVENTION DES NATIONS UNIES SUR LA LUTTE CONTRE LA DESERTIFICATION ET LA SECHERESSE (CNULD) LORS DU SOMMET DES CHEFS D&#8217;\u00c9TATS"},"content":{"rendered":"<p style=\"text-align: justify;\"><span style=\"font-family: verdana, geneva, sans-serif;\"><img decoding=\"async\" loading=\"lazy\" class=\"size-full wp-image-4182\" src=\"https:\/\/did-dev.net\/mineddte\/wp-content\/uploads\/2022\/10\/COP-1-scaled.jpg\" alt=\"\" width=\"2560\" height=\"1003\" srcset=\"https:\/\/did-dev.net\/mineddte\/wp-content\/uploads\/2022\/10\/COP-1-scaled.jpg 2560w, https:\/\/did-dev.net\/mineddte\/wp-content\/uploads\/2022\/10\/COP-1-262x103.jpg 262w, https:\/\/did-dev.net\/mineddte\/wp-content\/uploads\/2022\/10\/COP-1-847x332.jpg 847w, https:\/\/did-dev.net\/mineddte\/wp-content\/uploads\/2022\/10\/COP-1-100x39.jpg 100w, https:\/\/did-dev.net\/mineddte\/wp-content\/uploads\/2022\/10\/COP-1-1536x602.jpg 1536w, https:\/\/did-dev.net\/mineddte\/wp-content\/uploads\/2022\/10\/COP-1-2048x803.jpg 2048w\" sizes=\"(max-width: 2560px) 100vw, 2560px\" \/><\/span><\/p>\n<p style=\"text-align: justify;\"><span style=\"font-family: verdana, geneva, sans-serif;\">Mesdames, messieurs,<\/span><\/p>\n<p style=\"text-align: justify;\"><span style=\"font-family: verdana, geneva, sans-serif;\">Bienvenue \u00e0 la COP15 ! Avec la permission du Pr\u00e9sident Ouattara, je vous dis AKWABA. Bienvenue \u00e0 Abidjan.<\/span><\/p>\n<p style=\"text-align: justify;\"><span style=\"font-family: verdana, geneva, sans-serif;\">De San Pedro \u00e0 Korogho, de Man \u00e0 Boundoukou, d\u2019Aboisso \u00e0 Odienne : la C\u00f4te d\u2019Ivoire dispose de ce magn\u00e9tisme extraordinaire, cette hospitalit\u00e9 exceptionnelle qui explique pourquoi ce pays attire autant de talents et de touristes.<\/span><\/p>\n<p style=\"text-align: justify;\"><span style=\"font-family: verdana, geneva, sans-serif;\">AKWABA, au pays de la plus grande basilique au monde. Au pays des myst\u00e9rieux ponts de liane dont on attribue la construction aux g\u00e9nies de la for\u00eat.<\/span><\/p>\n<p style=\"text-align: justify;\"><span style=\"font-family: verdana, geneva, sans-serif;\">AKWABA, au pays des diversit\u00e9s culturelle et cultuelle, dans l\u2019unicit\u00e9.<\/span><\/p>\n<p style=\"text-align: justify;\"><span style=\"font-family: verdana, geneva, sans-serif;\">Au pays de l\u2019inclusion dont on admire la tol\u00e9rance et le vivre-ensemble, ancr\u00e9s dans la culture de la parent\u00e9 \u00e0 plaisanterie. Peu importe qu\u2019on l\u2019appella Tu-pk\u00e9, Sanakouya ou Rakir\u00e9, cette tradition, remontant pourtant \u00e0 1235, d\u00e9crispe les tensions entre communaut\u00e9s et caract\u00e9rise la tol\u00e9rance, la diplomatie, et la r\u00e9conciliation sociale.<\/span><\/p>\n<p style=\"text-align: justify;\"><span style=\"font-family: verdana, geneva, sans-serif;\">Monsieur le Pr\u00e9sident,<\/span><\/p>\n<p style=\"text-align: justify;\"><span style=\"font-family: verdana, geneva, sans-serif;\">Majest\u00e9,<\/span><\/p>\n<p style=\"text-align: justify;\"><span style=\"font-family: verdana, geneva, sans-serif;\">Excellences,<\/span><\/p>\n<p style=\"text-align: justify;\"><span style=\"font-family: verdana, geneva, sans-serif;\">Mesdames et messieurs,<\/span><\/p>\n<p style=\"text-align: justify;\"><span style=\"font-family: verdana, geneva, sans-serif;\">Nous sommes r\u00e9unis dans le cadre de la Convention des Nations Unies sur la Lutte contre la D\u00e9sertification, un trait\u00e9 universel, fort de 197 Parties. Au c\u0153ur des pr\u00e9occupations de cet Accord de la g\u00e9n\u00e9ration de Rio, se posent les probl\u00e9matiques de la s\u00e9cheresse et de la d\u00e9gradation des terres.<\/span><\/p>\n<p style=\"text-align: justify;\"><span style=\"font-family: verdana, geneva, sans-serif;\">Les cycles de s\u00e9cheresse sont observ\u00e9s depuis des si\u00e8cles. Cependant, les fr\u00e9quences et intensit\u00e9 not\u00e9es ces derni\u00e8res ann\u00e9es ont une corr\u00e9lation d\u00e9sormais av\u00e9r\u00e9e avec le changement climatique. La s\u00e9cheresse a ceci de vicieux qu\u2019elle \u00e9rode l\u2019\u00e9conomie et d\u00e9sagr\u00e8ge les soci\u00e9t\u00e9s.<\/span><\/p>\n<p style=\"text-align: justify;\"><span style=\"font-family: verdana, geneva, sans-serif;\">La s\u00e9cheresse n\u2019est pas seulement un d\u00e9ficit pluviom\u00e9trique. La s\u00e9cheresse porte un visage humain affectant les plus vuln\u00e9rables, y compris les \u00e9leveurs, les petits producteurs, les femmes et les enfants.<\/span><\/p>\n<p style=\"text-align: justify;\"><span style=\"font-family: verdana, geneva, sans-serif;\">Lorsqu\u2019elle se manifeste sous forme de feux de brousse ou de for\u00eat, la s\u00e9cheresse laisse des traces ind\u00e9l\u00e9biles : la nature est d\u00e9figur\u00e9e.<\/span><\/p>\n<p style=\"text-align: justify;\"><span style=\"font-family: verdana, geneva, sans-serif;\">Aucune r\u00e9gion du monde, aucun pays n\u2019est immunis\u00e9 contre la s\u00e9cheresse. Mais tous les pays ne sont pas log\u00e9s \u00e0 la m\u00eame enseigne.<\/span><\/p>\n<p style=\"text-align: justify;\"><span style=\"font-family: verdana, geneva, sans-serif;\">On le sait trop bien d\u00e9sormais : lorsque survient une \u00e9pid\u00e9mie, les sujets immuno-d\u00e9ficitaires demeurent les plus vuln\u00e9rables aux virus.<\/span><\/p>\n<p style=\"text-align: justify;\"><span style=\"font-family: verdana, geneva, sans-serif;\">Par analogie, les pays les plus d\u00e9munis sont toujours les plus vuln\u00e9rables aux s\u00e9cheresses.<\/span><\/p>\n<p style=\"text-align: justify;\"><span style=\"font-family: verdana, geneva, sans-serif;\">Quant \u00e0 la d\u00e9gradation des terres, nos \u00e9tudes les plus r\u00e9centes ont r\u00e9v\u00e9l\u00e9 qu\u2019un habitant sur deux dans le monde est affect\u00e9 par la perte de la productivit\u00e9 des terres.<\/span><\/p>\n<p style=\"text-align: justify;\"><span style=\"font-family: verdana, geneva, sans-serif;\">Jusqu\u2019\u00e0 40% de la superficie du globe conna\u00eet une forme de d\u00e9gradation des milieux terrestres.<\/span><\/p>\n<p style=\"text-align: justify;\"><span style=\"font-family: verdana, geneva, sans-serif;\">Les risques \u00e9conomiques sont s\u00e9v\u00e8res : jusqu\u2019\u00e0 la moiti\u00e9 du PIB mondial pourrait \u00eatre affect\u00e9.<\/span><\/p>\n<p style=\"text-align: justify;\"><span style=\"font-family: verdana, geneva, sans-serif;\">Au-del\u00e0, nos \u00e9tudes ont aussi d\u00e9montr\u00e9 que les pertes de terres fertiles entra\u00eenent des cons\u00e9quences sur la sant\u00e9 humaine.<\/span><\/p>\n<p style=\"text-align: justify;\"><span style=\"font-family: verdana, geneva, sans-serif;\">La perte des terres productives amplifient les migrations ; elle provoque pauvret\u00e9, troubles sociaux et ins\u00e9curit\u00e9.<\/span><\/p>\n<p style=\"text-align: justify;\"><span style=\"font-family: verdana, geneva, sans-serif;\">La d\u00e9gradation des terres \u00e9met du carbone, exacerbe le changement climatique et la perte de la biodiversit\u00e9.<\/span><\/p>\n<p style=\"text-align: justify;\"><span style=\"font-family: verdana, geneva, sans-serif;\">Enfin, les pertes de terres productives exacerbent les in\u00e9galit\u00e9s : les petits producteurs \u00e9tant \u00e9touff\u00e9s \u00e9conomiquement et socialement.<\/span><\/p>\n<p style=\"text-align: justify;\"><span style=\"font-family: verdana, geneva, sans-serif;\">Les femmes rurales productrices sont g\u00e9n\u00e9ralement rel\u00e9gu\u00e9es au bout de la cha\u00eene ; elles sont souvent d\u00e9poss\u00e9d\u00e9es des petits lopins de terre o\u00f9 elles \u00e9taient confin\u00e9es.<\/span><\/p>\n<p style=\"text-align: justify;\"><span style=\"font-family: verdana, geneva, sans-serif;\">Nos \u00e9tudes ont r\u00e9v\u00e9l\u00e9 que m\u00eame en ce 21\u00e8me si\u00e8cle, les femmes sont priv\u00e9es de l\u2019h\u00e9ritage de leur \u00e9poux d\u00e9c\u00e9d\u00e9 dans plus de cent de pays dans le monde.<\/span><\/p>\n<p style=\"text-align: justify;\"><span style=\"font-family: verdana, geneva, sans-serif;\">Majest\u00e9,<\/span><\/p>\n<p style=\"text-align: justify;\"><span style=\"font-family: verdana, geneva, sans-serif;\">Excellences,<\/span><\/p>\n<p style=\"text-align: justify;\"><span style=\"font-family: verdana, geneva, sans-serif;\">Il est maintenant \u00e9tabli qu\u2019un leader qui perd ses terres productives est assimilable \u00e0 un pilote qui conna\u00eet une soudaine perte d\u2019altitude, voire une perte de contr\u00f4le de son a\u00e9ronef.<\/span><\/p>\n<p style=\"text-align: justify;\"><span style=\"font-family: verdana, geneva, sans-serif;\">C\u2019est \u00e0 ce titre que nous saluons vivement la pr\u00e9sence \u00e0 cette Conf\u00e9rence, de Chefs d\u2019Etat et de Gouvernement, qui saisissent toute la centralit\u00e9 de ces questions.<\/span><\/p>\n<p style=\"text-align: justify;\"><span style=\"font-family: verdana, geneva, sans-serif;\">La gestion des terres concerne autant l\u2019agriculture que l\u2019\u00e9conomie, la s\u00e9curit\u00e9 que l\u2019environnement, la diplomatie que l\u2019administration territoriale; autant la for\u00eat que la recherche scientifique ; autant la soci\u00e9t\u00e9 civile que les communes rurales.<\/span><\/p>\n<p style=\"text-align: justify;\"><span style=\"font-family: verdana, geneva, sans-serif;\">La terre nous nourrit.<\/span><\/p>\n<p style=\"text-align: justify;\"><span style=\"font-family: verdana, geneva, sans-serif;\">La terre nous v\u00eatit.<\/span><\/p>\n<p style=\"text-align: justify;\"><span style=\"font-family: verdana, geneva, sans-serif;\">Elle nous fournit l\u2019eau que nous buvons, autant que l\u2019air que nous respirons.<\/span><\/p>\n<p style=\"text-align: justify;\"><span style=\"font-family: verdana, geneva, sans-serif;\">De la sant\u00e9 de nos sols, d\u00e9pend notre \u00e9conomie ainsi que notre propre sant\u00e9.<\/span><\/p>\n<p style=\"text-align: justify;\"><span style=\"font-family: verdana, geneva, sans-serif;\">Mais il y a espoir. Et vous me permettrez de conclure par ce point.<\/span><\/p>\n<p style=\"text-align: justify;\"><span style=\"font-family: verdana, geneva, sans-serif;\">La d\u00e9gradation des terres n\u2019est pas une fatalit\u00e9.<\/span><\/p>\n<p style=\"text-align: justify;\"><span style=\"font-family: verdana, geneva, sans-serif;\">La r\u00e9paration est possible.<\/span><\/p>\n<p style=\"text-align: justify;\"><span style=\"font-family: verdana, geneva, sans-serif;\">En effet, la restauration des terres d\u00e9grad\u00e9es est r\u00e9alisable \u00e0 moindre co\u00fbt.<\/span><\/p>\n<p style=\"text-align: justify;\"><span style=\"font-family: verdana, geneva, sans-serif;\">Investir dans la r\u00e9paration des terres d\u00e9grad\u00e9es est donc \u00e9conomiquement rentable ; techniquement faisable ; socialement souhaitable et bien entendu, \u00e9cologiquement profitable.<\/span><\/p>\n<p style=\"text-align: justify;\"><span style=\"font-family: verdana, geneva, sans-serif;\">Chaque unit\u00e9 mon\u00e9taire investie dans la restauration des terres peut g\u00e9n\u00e9rer jusqu\u2019\u00e0 30 fois sa valeur.<\/span><\/p>\n<p style=\"text-align: justify;\"><span style=\"font-family: verdana, geneva, sans-serif;\">Au niveau mondial, jusqu\u2019\u00e0 50 points de PIB pourraient ainsi \u00eatre gagn\u00e9s d\u2019ici 2050. Pourvu qu\u2019on prenne le virage maintenant. Et de mani\u00e8re d\u00e9cisive.<\/span><\/p>\n<p style=\"text-align: justify;\"><span style=\"font-family: verdana, geneva, sans-serif;\">Une sagesse africaine ne dit-elle pas : \u00abquand la t\u00eate est l\u00e0, le genou ne doit pas pr\u00e9tendre porter le chapeau\u00bb.<\/span><\/p>\n<p style=\"text-align: justify;\"><span style=\"font-family: verdana, geneva, sans-serif;\">Je vous remercie.<\/span><\/p>\n","protected":false},"excerpt":{"rendered":"<p>Mesdames, messieurs, Bienvenue \u00e0 la COP15 ! Avec la permission du Pr\u00e9sident Ouattara, je vous dis AKWABA. Bienvenue \u00e0 Abidjan. De San Pedro \u00e0 Korogho, de Man \u00e0 Boundoukou, d\u2019Aboisso [&hellip;]<\/p>\n","protected":false},"author":1,"featured_media":4182,"comment_status":"closed","ping_status":"closed","sticky":false,"template":"","format":"standard","meta":{"_lmt_disableupdate":"no","_lmt_disable":"","pgc_sgb_lightbox_settings":""},"categories":[58],"tags":[],"post_folder":[59],"modified_by":"MINEDD","_links":{"self":[{"href":"https:\/\/did-dev.net\/mineddte\/wp-json\/wp\/v2\/posts\/4240"}],"collection":[{"href":"https:\/\/did-dev.net\/mineddte\/wp-json\/wp\/v2\/posts"}],"about":[{"href":"https:\/\/did-dev.net\/mineddte\/wp-json\/wp\/v2\/types\/post"}],"author":[{"embeddable":true,"href":"https:\/\/did-dev.net\/mineddte\/wp-json\/wp\/v2\/users\/1"}],"replies":[{"embeddable":true,"href":"https:\/\/did-dev.net\/mineddte\/wp-json\/wp\/v2\/comments?post=4240"}],"version-history":[{"count":2,"href":"https:\/\/did-dev.net\/mineddte\/wp-json\/wp\/v2\/posts\/4240\/revisions"}],"predecessor-version":[{"id":4242,"href":"https:\/\/did-dev.net\/mineddte\/wp-json\/wp\/v2\/posts\/4240\/revisions\/4242"}],"wp:featuredmedia":[{"embeddable":true,"href":"https:\/\/did-dev.net\/mineddte\/wp-json\/wp\/v2\/media\/4182"}],"wp:attachment":[{"href":"https:\/\/did-dev.net\/mineddte\/wp-json\/wp\/v2\/media?parent=4240"}],"wp:term":[{"taxonomy":"category","embeddable":true,"href":"https:\/\/did-dev.net\/mineddte\/wp-json\/wp\/v2\/categories?post=4240"},{"taxonomy":"post_tag","embeddable":true,"href":"https:\/\/did-dev.net\/mineddte\/wp-json\/wp\/v2\/tags?post=4240"},{"taxonomy":"post_folder","embeddable":true,"href":"https:\/\/did-dev.net\/mineddte\/wp-json\/wp\/v2\/post_folder?post=4240"}],"curies":[{"name":"wp","href":"https:\/\/api.w.org\/{rel}","templated":true}]}}