{"id":4236,"date":"2022-05-09T18:12:36","date_gmt":"2022-05-09T18:12:36","guid":{"rendered":"https:\/\/did-dev.net\/mineddte\/?p=4236"},"modified":"2022-10-19T12:32:43","modified_gmt":"2022-10-19T12:32:43","slug":"ouverture-officielle-de-la-cop-15-le-president-alassane-ouattara-appelle-a-la-mobilisation-collective-pour-la-restauration-des-terres-degradees","status":"publish","type":"post","link":"https:\/\/did-dev.net\/mineddte\/ouverture-officielle-de-la-cop-15-le-president-alassane-ouattara-appelle-a-la-mobilisation-collective-pour-la-restauration-des-terres-degradees\/","title":{"rendered":"OUVERTURE OFFICIELLE DE LA COP 15 : LE PRESIDENT ALASSANE OUATTARA APPELLE A LA MOBILISATION COLLECTIVE POUR LA RESTAURATION DES TERRES DEGRADEES"},"content":{"rendered":"<p style=\"text-align: justify;\"><span style=\"font-family: verdana, geneva, sans-serif;\"><img decoding=\"async\" loading=\"lazy\" class=\"size-full wp-image-4237 aligncenter\" src=\"https:\/\/did-dev.net\/mineddte\/wp-content\/uploads\/2022\/10\/PR1-scaled.jpg\" alt=\"\" width=\"2560\" height=\"1003\" srcset=\"https:\/\/did-dev.net\/mineddte\/wp-content\/uploads\/2022\/10\/PR1-scaled.jpg 2560w, https:\/\/did-dev.net\/mineddte\/wp-content\/uploads\/2022\/10\/PR1-262x103.jpg 262w, https:\/\/did-dev.net\/mineddte\/wp-content\/uploads\/2022\/10\/PR1-847x332.jpg 847w, https:\/\/did-dev.net\/mineddte\/wp-content\/uploads\/2022\/10\/PR1-100x39.jpg 100w, https:\/\/did-dev.net\/mineddte\/wp-content\/uploads\/2022\/10\/PR1-1536x602.jpg 1536w, https:\/\/did-dev.net\/mineddte\/wp-content\/uploads\/2022\/10\/PR1-2048x803.jpg 2048w\" sizes=\"(max-width: 2560px) 100vw, 2560px\" \/><\/span><\/p>\n<p style=\"text-align: justify;\"><span style=\"font-family: verdana, geneva, sans-serif;\">Le Pr\u00e9sident de la R\u00e9publique de C\u00f4te d&#8217;Ivoire, Alassane Ouattara, a indiqu\u00e9, le lundi 09 mai 2022 \u00e0 Abidjan, que le Sommet des Chefs d&#8217;\u00c9tat tenu dans le cadre de la 15e Convention des parties sur la D\u00e9sertification et la S\u00e9cheresse (COP 15) doit \u00eatre celui de l&#8217;espoir et de la mobilisation collective des \u00c9tats et des partenaires au d\u00e9veloppement en faveur des initiatives de restauration des terres et de reconstitution du patrimoine forestier de nos pays.<\/span><\/p>\n<p style=\"text-align: justify;\"><span style=\"font-family: verdana, geneva, sans-serif;\">Il s&#8217;exprimait \u00e0 l&#8217;occasion de la c\u00e9r\u00e9monie d&#8217;ouverture officielle de la COP 15, marqu\u00e9e par le Sommet des Chefs d&#8217;\u00c9tat, un sommet qui r\u00e9unit une dizaine de Chefs d&#8217;\u00c9tat.<\/span><\/p>\n<p style=\"text-align: justify;\"><span style=\"font-family: verdana, geneva, sans-serif;\"><em>&#8220;Nos peuples fondent beaucoup d&#8217;espoir sur nous. Nous n&#8217;avons pas le droit de les d\u00e9cevoir. Agissons vite, agissons ensemble pour donner une nouvelle vie \u00e0 nos terres<\/em>&#8220;, a-t-il insist\u00e9.<\/span><\/p>\n<p style=\"text-align: justify;\"><span style=\"font-family: verdana, geneva, sans-serif;\">Pour Alassane Ouattara, face \u00e0 la menace de la d\u00e9gradation des sols et de la s\u00e9cheresse, il est essentiel d&#8217;adopter des politiques qui soutiennent la r\u00e9silience des populations, notamment les plus vuln\u00e9rables.<\/span><\/p>\n<p style=\"text-align: justify;\"><span style=\"font-family: verdana, geneva, sans-serif;\">Il est \u00e9galement essentiel, a-t-il d\u00e9clar\u00e9, d&#8217;acc\u00e9l\u00e9rer la mise en \u0153uvre des d\u00e9cisions majeures de l&#8217;Accord de Paris sur le climat.<\/span><\/p>\n<p style=\"text-align: justify;\"><span style=\"font-family: verdana, geneva, sans-serif;\"><em>&#8220;A cet \u00e9gard, je voudrais r\u00e9it\u00e9rer mon appel \u00e0 l&#8217;\u00e9gard des pays d\u00e9velopp\u00e9s \u00e0 r\u00e9duire leurs \u00e9missions de gaz \u00e0 effet de serre, de tenir l&#8217;engagement de mobiliser 100 milliards de dollars par an afin d&#8217;aider les pays en d\u00e9veloppement \u00e0 r\u00e9ussir leur adaptation aux changements climatiques et leur transition \u00e9nerg\u00e9tique&#8221;,<\/em> a-t-il plaid\u00e9.<\/span><\/p>\n<p style=\"text-align: justify;\"><span style=\"font-family: verdana, geneva, sans-serif;\">Alassane Ouattara a f\u00e9licit\u00e9 le Fonds mon\u00e9taire international (FMI) pour la mise en place du Fonds fiduciaire sur la durabilit\u00e9 en vue d&#8217;aider les pays vuln\u00e9rables \u00e0 faire face aux d\u00e9fis structurels qui pr\u00e9sentent des risques macro\u00e9conomiques tels que les changements climatiques et les pand\u00e9mies.<\/span><\/p>\n<p style=\"text-align: justify;\"><span style=\"font-family: verdana, geneva, sans-serif;\">Sur cette base, le Pr\u00e9sident ivoirien a invit\u00e9 les pays donateurs, dans un \u00e9lan de solidarit\u00e9 internationale, \u00e0 contribuer financi\u00e8rement, \u00e0 ce fonds fiduciaire du FMI, ainsi qu&#8217;au Fonds Vert climat des Nations unies et au Fonds pour l&#8217;environnement mondial.<\/span><\/p>\n<p style=\"text-align: justify;\"><span style=\"font-family: verdana, geneva, sans-serif;\">Le Chef de l&#8217;\u00c9tat a \u00e9galement salu\u00e9 le leadership de son homologue nig\u00e9rian, Muhammadu Buhari, \u00e0 la t\u00eate du projet &#8220;La Muraille verte&#8221; dont l&#8217;objectif est de restaurer 100 millions d&#8217;hectares de terres d\u00e9grad\u00e9es en Afrique sur une bande de 8 000 km au Sud du Sahara.<\/span><\/p>\n<p style=\"text-align: justify;\"><span style=\"font-family: verdana, geneva, sans-serif;\">Tout en rappelant que le sommet se tient dans un contexte d&#8217;urgence climatique qui impacte durement nos politiques de gestion des terres et exacerbe le ph\u00e9nom\u00e8ne de s\u00e9cheresse et \u00e0 un moment o\u00f9 les \u00e9conomies sont fragilis\u00e9es par les impacts de la COVID-19 et les effets de la crise russo-ukrainienne avec la hausse des prix des denr\u00e9es alimentaires et de l&#8217;\u00e9nergie, Alassane Ouattara a estim\u00e9 qu&#8217;aujourd&#8217;hui, il faut aller plus loin et mobiliser de nouveaux partenaires. Notamment, les entreprises du secteur priv\u00e9 impliqu\u00e9es dans les cha\u00eenes de valeur des produits agricoles.<\/span><\/p>\n<p style=\"text-align: justify;\"><span style=\"font-family: verdana, geneva, sans-serif;\">Selon les donn\u00e9es disponibles, la d\u00e9gradation des terres affecte 52% des terres agricoles, mena\u00e7ant ainsi l&#8217;existence de 2,6 milliards de personnes qui d\u00e9pendent de l&#8217;agriculture. La d\u00e9sertification et la S\u00e9cheresse causent la perte de 12 millions d&#8217;hectares chaque ann\u00e9e, soit pr\u00e8s de 23 hectares par minute. La d\u00e9gradation des terres affecte directement 74% des personnes pauvres dans le monde.<\/span><\/p>\n","protected":false},"excerpt":{"rendered":"<p>Le Pr\u00e9sident de la R\u00e9publique de C\u00f4te d&#8217;Ivoire, Alassane Ouattara, a indiqu\u00e9, le lundi 09 mai 2022 \u00e0 Abidjan, que le Sommet des Chefs d&#8217;\u00c9tat tenu dans le cadre de [&hellip;]<\/p>\n","protected":false},"author":1,"featured_media":4237,"comment_status":"closed","ping_status":"closed","sticky":false,"template":"","format":"standard","meta":{"_lmt_disableupdate":"no","_lmt_disable":"","pgc_sgb_lightbox_settings":""},"categories":[58],"tags":[],"post_folder":[59],"modified_by":"MINEDD","_links":{"self":[{"href":"https:\/\/did-dev.net\/mineddte\/wp-json\/wp\/v2\/posts\/4236"}],"collection":[{"href":"https:\/\/did-dev.net\/mineddte\/wp-json\/wp\/v2\/posts"}],"about":[{"href":"https:\/\/did-dev.net\/mineddte\/wp-json\/wp\/v2\/types\/post"}],"author":[{"embeddable":true,"href":"https:\/\/did-dev.net\/mineddte\/wp-json\/wp\/v2\/users\/1"}],"replies":[{"embeddable":true,"href":"https:\/\/did-dev.net\/mineddte\/wp-json\/wp\/v2\/comments?post=4236"}],"version-history":[{"count":2,"href":"https:\/\/did-dev.net\/mineddte\/wp-json\/wp\/v2\/posts\/4236\/revisions"}],"predecessor-version":[{"id":4239,"href":"https:\/\/did-dev.net\/mineddte\/wp-json\/wp\/v2\/posts\/4236\/revisions\/4239"}],"wp:featuredmedia":[{"embeddable":true,"href":"https:\/\/did-dev.net\/mineddte\/wp-json\/wp\/v2\/media\/4237"}],"wp:attachment":[{"href":"https:\/\/did-dev.net\/mineddte\/wp-json\/wp\/v2\/media?parent=4236"}],"wp:term":[{"taxonomy":"category","embeddable":true,"href":"https:\/\/did-dev.net\/mineddte\/wp-json\/wp\/v2\/categories?post=4236"},{"taxonomy":"post_tag","embeddable":true,"href":"https:\/\/did-dev.net\/mineddte\/wp-json\/wp\/v2\/tags?post=4236"},{"taxonomy":"post_folder","embeddable":true,"href":"https:\/\/did-dev.net\/mineddte\/wp-json\/wp\/v2\/post_folder?post=4236"}],"curies":[{"name":"wp","href":"https:\/\/api.w.org\/{rel}","templated":true}]}}