{"id":4233,"date":"2022-05-10T11:40:59","date_gmt":"2022-05-10T11:40:59","guid":{"rendered":"https:\/\/did-dev.net\/mineddte\/?p=4233"},"modified":"2022-10-19T11:59:09","modified_gmt":"2022-10-19T11:59:09","slug":"cop-15-la-restauration-des-terres-degradees-realisable-a-moindre-cout","status":"publish","type":"post","link":"https:\/\/did-dev.net\/mineddte\/cop-15-la-restauration-des-terres-degradees-realisable-a-moindre-cout\/","title":{"rendered":"COP 15 : LA RESTAURATION DES TERRES DEGRADEES REALISABLE A MOINDRE CO\u00dbT"},"content":{"rendered":"<p style=\"text-align: justify;\"><span style=\"font-family: verdana, geneva, sans-serif;\"><img decoding=\"async\" loading=\"lazy\" class=\"size-full wp-image-4234 aligncenter\" src=\"https:\/\/did-dev.net\/mineddte\/wp-content\/uploads\/2022\/10\/IBRAHIM-THIAW-scaled.jpg\" alt=\"\" width=\"2560\" height=\"1003\" srcset=\"https:\/\/did-dev.net\/mineddte\/wp-content\/uploads\/2022\/10\/IBRAHIM-THIAW-scaled.jpg 2560w, https:\/\/did-dev.net\/mineddte\/wp-content\/uploads\/2022\/10\/IBRAHIM-THIAW-262x103.jpg 262w, https:\/\/did-dev.net\/mineddte\/wp-content\/uploads\/2022\/10\/IBRAHIM-THIAW-847x332.jpg 847w, https:\/\/did-dev.net\/mineddte\/wp-content\/uploads\/2022\/10\/IBRAHIM-THIAW-100x39.jpg 100w, https:\/\/did-dev.net\/mineddte\/wp-content\/uploads\/2022\/10\/IBRAHIM-THIAW-1536x602.jpg 1536w, https:\/\/did-dev.net\/mineddte\/wp-content\/uploads\/2022\/10\/IBRAHIM-THIAW-2048x803.jpg 2048w\" sizes=\"(max-width: 2560px) 100vw, 2560px\" \/><\/span><\/p>\n<p style=\"text-align: justify;\"><span style=\"font-family: verdana, geneva, sans-serif;\">Le Secr\u00e9taire ex\u00e9cutif de la Convention, Ibrahim Thiaw, a affirm\u00e9 ce lundi 9 mai 2022 \u00e0 Abidjan, \u00e0 l&#8217;occasion du sommet des Chefs d&#8217;Etat et de gouvernement organis\u00e9 dans le cadre de la COP 15, que la restauration des terres d\u00e9grad\u00e9es est r\u00e9alisable \u00e0 moindre co\u00fbt.<\/span><\/p>\n<p style=\"text-align: justify;\"><span style=\"font-family: verdana, geneva, sans-serif;\">Selon Ibrahim Thiaw, investir dans la r\u00e9paration des terres d\u00e9grad\u00e9es est \u00e9conomiquement rentable, techniquement faisable, socialement souhaitable et \u00e9cologiquement profitable. &#8216;<em>&#8216;La d\u00e9gradation des terres n&#8217;est pas une fatalit\u00e9, la r\u00e9paration est possible&#8221;<\/em>, a estim\u00e9 Ibrahim Thiaw.<\/span><\/p>\n<p style=\"text-align: justify;\"><span style=\"font-family: verdana, geneva, sans-serif;\">\u00c0 en croire le Secr\u00e9taire ex\u00e9cutif de la convention, chaque unit\u00e9 mon\u00e9taire investie dans la restauration des terres peut g\u00e9n\u00e9rer jusqu\u2019\u00e0 30 fois sa valeur. Au niveau mondial, jusqu\u2019\u00e0 50 points de PIB pourraient ainsi \u00eatre gagn\u00e9s d\u2019ici \u00e0 2050, a dit Ibrahim Thiaw. Il a invit\u00e9 l&#8217;ensemble des chefs d&#8217;Etat et de gouvernement \u00e0 la mobilisation collective en prenant &#8221;le virage maintenant. Et de mani\u00e8re d\u00e9cisive&#8221;.<\/span><\/p>\n<p style=\"text-align: justify;\"><span style=\"font-family: verdana, geneva, sans-serif;\">La s\u00e9cheresse \u00e9rode l\u2019\u00e9conomie et d\u00e9sagr\u00e8ge les soci\u00e9t\u00e9s. Elle n\u2019est pas seulement un d\u00e9ficit pluviom\u00e9trique. Elle porte un visage humain affectant les plus vuln\u00e9rables, y compris les \u00e9leveurs, les petits producteurs, les femmes et les enfants.<\/span><\/p>\n<p style=\"text-align: justify;\"><span style=\"font-family: verdana, geneva, sans-serif;\">Les \u00e9tudes les plus r\u00e9centes ont r\u00e9v\u00e9l\u00e9 qu\u2019un habitant sur deux dans le monde est affect\u00e9 par la perte de la productivit\u00e9 des terres. Jusqu\u2019\u00e0 40% de la superficie du globe conna\u00eet une forme de d\u00e9gradation des milieux terrestres. Et les risques \u00e9conomiques sont s\u00e9v\u00e8res : jusqu\u2019\u00e0 la moiti\u00e9 du PIB mondial pourrait \u00eatre affect\u00e9.<\/span><\/p>\n<p style=\"text-align: justify;\"><span style=\"font-family: verdana, geneva, sans-serif;\">Des \u00e9tudes ont aussi d\u00e9montr\u00e9 que les pertes de terres fertiles entra\u00eenent des cons\u00e9quences sur la sant\u00e9 humaine. La perte des terres productives amplifie les migrations ; elle provoque pauvret\u00e9, troubles sociaux et ins\u00e9curit\u00e9.<\/span><\/p>\n<p style=\"text-align: justify;\"><span style=\"font-family: verdana, geneva, sans-serif;\">Ibrahim Thiaw a salu\u00e9 la pr\u00e9sence \u00e0 cette Conf\u00e9rence, de Chefs d\u2019Etat et de Gouvernement, qui saisissent toute la centralit\u00e9 des questions li\u00e9e \u00e0 la d\u00e9forestation et la s\u00e9cheresse.<\/span><\/p>\n<p style=\"text-align: justify;\"><span style=\"font-family: verdana, geneva, sans-serif;\">La gestion des terres concerne autant l\u2019agriculture que l\u2019\u00e9conomie, la s\u00e9curit\u00e9 l\u2019environnement, la diplomatie et l\u2019administration territoriale, autant la for\u00eat que la recherche scientifique, autant la soci\u00e9t\u00e9 civile que les communes rurales.<\/span><\/p>\n<p style=\"text-align: justify;\">\u00a0<\/p>\n","protected":false},"excerpt":{"rendered":"<p>Le Secr\u00e9taire ex\u00e9cutif de la Convention, Ibrahim Thiaw, a affirm\u00e9 ce lundi 9 mai 2022 \u00e0 Abidjan, \u00e0 l&#8217;occasion du sommet des Chefs d&#8217;Etat et de gouvernement organis\u00e9 dans le [&hellip;]<\/p>\n","protected":false},"author":1,"featured_media":4234,"comment_status":"closed","ping_status":"closed","sticky":false,"template":"","format":"standard","meta":{"_lmt_disableupdate":"no","_lmt_disable":"","pgc_sgb_lightbox_settings":""},"categories":[58],"tags":[],"post_folder":[59],"modified_by":"MINEDD","_links":{"self":[{"href":"https:\/\/did-dev.net\/mineddte\/wp-json\/wp\/v2\/posts\/4233"}],"collection":[{"href":"https:\/\/did-dev.net\/mineddte\/wp-json\/wp\/v2\/posts"}],"about":[{"href":"https:\/\/did-dev.net\/mineddte\/wp-json\/wp\/v2\/types\/post"}],"author":[{"embeddable":true,"href":"https:\/\/did-dev.net\/mineddte\/wp-json\/wp\/v2\/users\/1"}],"replies":[{"embeddable":true,"href":"https:\/\/did-dev.net\/mineddte\/wp-json\/wp\/v2\/comments?post=4233"}],"version-history":[{"count":1,"href":"https:\/\/did-dev.net\/mineddte\/wp-json\/wp\/v2\/posts\/4233\/revisions"}],"predecessor-version":[{"id":4235,"href":"https:\/\/did-dev.net\/mineddte\/wp-json\/wp\/v2\/posts\/4233\/revisions\/4235"}],"wp:featuredmedia":[{"embeddable":true,"href":"https:\/\/did-dev.net\/mineddte\/wp-json\/wp\/v2\/media\/4234"}],"wp:attachment":[{"href":"https:\/\/did-dev.net\/mineddte\/wp-json\/wp\/v2\/media?parent=4233"}],"wp:term":[{"taxonomy":"category","embeddable":true,"href":"https:\/\/did-dev.net\/mineddte\/wp-json\/wp\/v2\/categories?post=4233"},{"taxonomy":"post_tag","embeddable":true,"href":"https:\/\/did-dev.net\/mineddte\/wp-json\/wp\/v2\/tags?post=4233"},{"taxonomy":"post_folder","embeddable":true,"href":"https:\/\/did-dev.net\/mineddte\/wp-json\/wp\/v2\/post_folder?post=4233"}],"curies":[{"name":"wp","href":"https:\/\/api.w.org\/{rel}","templated":true}]}}