{"id":4232,"date":"2022-05-09T13:31:44","date_gmt":"2022-05-09T13:31:44","guid":{"rendered":"https:\/\/did-dev.net\/mineddte\/?p=4232"},"modified":"2022-10-19T13:37:27","modified_gmt":"2022-10-19T13:37:27","slug":"cop-15-le-plus-important-rendez-vous-mondial-sur-la-lutte-contre-la-desertification-et-la-secheresse-souvre-a-abidjan","status":"publish","type":"post","link":"https:\/\/did-dev.net\/mineddte\/cop-15-le-plus-important-rendez-vous-mondial-sur-la-lutte-contre-la-desertification-et-la-secheresse-souvre-a-abidjan\/","title":{"rendered":"COP 15 : LE PLUS IMPORTANT RENDEZ-VOUS MONDIAL SUR LA LUTTE CONTRE LA DESERTIFICATION ET LA SECHERESSE S\u2019OUVRE A ABIDJAN"},"content":{"rendered":"<p style=\"text-align: justify;\"><span style=\"font-family: verdana, geneva, sans-serif;\"><img decoding=\"async\" loading=\"lazy\" class=\"alignnone size-full wp-image-4250\" src=\"https:\/\/did-dev.net\/mineddte\/wp-content\/uploads\/2022\/10\/SOMMET-DES-CHEFS-DETAT-scaled.jpg\" alt=\"\" width=\"2560\" height=\"1003\" srcset=\"https:\/\/did-dev.net\/mineddte\/wp-content\/uploads\/2022\/10\/SOMMET-DES-CHEFS-DETAT-scaled.jpg 2560w, https:\/\/did-dev.net\/mineddte\/wp-content\/uploads\/2022\/10\/SOMMET-DES-CHEFS-DETAT-262x103.jpg 262w, https:\/\/did-dev.net\/mineddte\/wp-content\/uploads\/2022\/10\/SOMMET-DES-CHEFS-DETAT-847x332.jpg 847w, https:\/\/did-dev.net\/mineddte\/wp-content\/uploads\/2022\/10\/SOMMET-DES-CHEFS-DETAT-100x39.jpg 100w, https:\/\/did-dev.net\/mineddte\/wp-content\/uploads\/2022\/10\/SOMMET-DES-CHEFS-DETAT-1536x602.jpg 1536w, https:\/\/did-dev.net\/mineddte\/wp-content\/uploads\/2022\/10\/SOMMET-DES-CHEFS-DETAT-2048x803.jpg 2048w\" sizes=\"(max-width: 2560px) 100vw, 2560px\" \/><\/span><\/p>\n<p style=\"text-align: justify;\"><span style=\"font-family: verdana, geneva, sans-serif;\">La 15\u00e8me Conf\u00e9rence des Parties (COP15) de la Convention des Nations Unies sur la Lutte contre la D\u00e9sertification et la S\u00e8cheresse (CNULC) s\u2019est ouverte \u00e0 Abidjan ce lundi 9 mai 2022, en pr\u00e9sence du Pr\u00e9sident ivoirien, Alassane Ouattara, entour\u00e9 de plusieurs de ses homologues.<\/span><\/p>\n<p style=\"text-align: justify;\"><span style=\"font-family: verdana, geneva, sans-serif;\">Unique plateforme de discussions pouvant d\u00e9boucher sur un accord international juridiquement contraignant sur la gestion durable des terres, la COP 15 qui r\u00e9unit dirigeants de haut niveau, gouvernements, secteur priv\u00e9, partenaires strat\u00e9giques et soci\u00e9t\u00e9 civile, a pour objectif g\u00e9n\u00e9ral de l\u00e9guer un h\u00e9ritage pratique pour promouvoir la gestion durable des terres en C\u00f4te d\u2019Ivoire, en vue d\u2019anticiper sur les effets de la d\u00e9sertification.<\/span><\/p>\n<p style=\"text-align: justify;\"><span style=\"font-family: verdana, geneva, sans-serif;\"><em>&#8220;Terres. Vie. Patrimoine : D\u2019un monde pr\u00e9caire vers un avenir prosp\u00e8re&#8221;<\/em>, c\u2019est sur ce th\u00e8me que les 5 000 d\u00e9l\u00e9gu\u00e9s et 1 000 experts pr\u00e9sents \u00e0 la COP 15 plancheront durant les deux prochaines semaines. La restauration des terres et relance \u00e9conomique post-pand\u00e9mique ; la r\u00e9silience aux s\u00e9cheresses ; le r\u00f4le de la jeunesse dans la gestion du foncier ; l\u2019impact des modes de production et de consommation sur la gestion des terres ; et le genre et la s\u00e9curit\u00e9 alimentaire constituent des th\u00e9matiques qui seront abord\u00e9es durant les travaux.<\/span><\/p>\n<p style=\"text-align: justify;\"><span style=\"font-family: verdana, geneva, sans-serif;\">Outre le Sommet des Chefs d\u2019\u00c9tats ; la COP 15 enregistrera entre autres les r\u00e9unions statutaires entre les d\u00e9l\u00e9gations officielles des diff\u00e9rents pays pour analyser les situations de leurs pays respectifs vis-\u00e0-vis de leurs engagements lors des pr\u00e9c\u00e9dentes COP ; le Huit-clos des femmes (Caucus des Femmes) pour d\u00e9battre des d\u00e9fis au f\u00e9minin \u00e0 relever pour l\u2019\u00e9panouissement de la gente f\u00e9minine dans les r\u00e9gions o\u00f9 cela est encore n\u00e9cessaire ; et le Forum de la jeunesse au cours duquel les jeunes des pays pr\u00e9sents partageront leurs exp\u00e9riences.<\/span><\/p>\n<p style=\"text-align: justify;\"><span style=\"font-family: verdana, geneva, sans-serif;\">Selon les statistiques des Nations Unies, plus de la moiti\u00e9 du PIB mondial d\u00e9pend des \u00e9cosyst\u00e8mes naturels. Pourtant, actuellement 40% de la population mondiale subie directement les cons\u00e9quences d\u00e9sastreuses de la d\u00e9gradation des terres, dues \u00e0 l&#8217;urbanisation rapide et incontr\u00f4l\u00e9e combin\u00e9e aux syst\u00e8mes d\u2019exploitation et de production agricoles non durables, la croissance d\u00e9mographique, l&#8217;industrialisation et le d\u00e9veloppement d\u2019infrastructures.<\/span><\/p>\n<p style=\"text-align: justify;\"><span style=\"font-family: verdana, geneva, sans-serif;\">Les cons\u00e9quences de ces pratiques sont \u00e9normes tant aux niveaux \u00e9conomique, environnemental, sanitaire et du bien-\u00eatre. Selon les estimations, l&#8217;\u00e9conomie mondiale accusera une perte \u00e9norme de 23 milliards de dollars d&#8217;ici 2050 du fait de la d\u00e9gradation des terres, la d\u00e9sertification et la s\u00e9cheresse. En C\u00f4te d\u2019Ivoire, les experts confirment un niveau critique de d\u00e9gradation des terres et des for\u00eats, d\u2019autant plus qu\u2019actuellement environ 60% du couvert v\u00e9g\u00e9tal ivoirien est concern\u00e9 par ce fl\u00e9au.<\/span><\/p>\n","protected":false},"excerpt":{"rendered":"<p>La 15\u00e8me Conf\u00e9rence des Parties (COP15) de la Convention des Nations Unies sur la Lutte contre la D\u00e9sertification et la S\u00e8cheresse (CNULC) s\u2019est ouverte \u00e0 Abidjan ce lundi 9 mai [&hellip;]<\/p>\n","protected":false},"author":1,"featured_media":4250,"comment_status":"closed","ping_status":"closed","sticky":false,"template":"","format":"standard","meta":{"_lmt_disableupdate":"no","_lmt_disable":"","pgc_sgb_lightbox_settings":""},"categories":[58],"tags":[],"post_folder":[59],"modified_by":"MINEDD","_links":{"self":[{"href":"https:\/\/did-dev.net\/mineddte\/wp-json\/wp\/v2\/posts\/4232"}],"collection":[{"href":"https:\/\/did-dev.net\/mineddte\/wp-json\/wp\/v2\/posts"}],"about":[{"href":"https:\/\/did-dev.net\/mineddte\/wp-json\/wp\/v2\/types\/post"}],"author":[{"embeddable":true,"href":"https:\/\/did-dev.net\/mineddte\/wp-json\/wp\/v2\/users\/1"}],"replies":[{"embeddable":true,"href":"https:\/\/did-dev.net\/mineddte\/wp-json\/wp\/v2\/comments?post=4232"}],"version-history":[{"count":1,"href":"https:\/\/did-dev.net\/mineddte\/wp-json\/wp\/v2\/posts\/4232\/revisions"}],"predecessor-version":[{"id":4251,"href":"https:\/\/did-dev.net\/mineddte\/wp-json\/wp\/v2\/posts\/4232\/revisions\/4251"}],"wp:featuredmedia":[{"embeddable":true,"href":"https:\/\/did-dev.net\/mineddte\/wp-json\/wp\/v2\/media\/4250"}],"wp:attachment":[{"href":"https:\/\/did-dev.net\/mineddte\/wp-json\/wp\/v2\/media?parent=4232"}],"wp:term":[{"taxonomy":"category","embeddable":true,"href":"https:\/\/did-dev.net\/mineddte\/wp-json\/wp\/v2\/categories?post=4232"},{"taxonomy":"post_tag","embeddable":true,"href":"https:\/\/did-dev.net\/mineddte\/wp-json\/wp\/v2\/tags?post=4232"},{"taxonomy":"post_folder","embeddable":true,"href":"https:\/\/did-dev.net\/mineddte\/wp-json\/wp\/v2\/post_folder?post=4232"}],"curies":[{"name":"wp","href":"https:\/\/api.w.org\/{rel}","templated":true}]}}