{"id":4228,"date":"2022-05-09T19:15:59","date_gmt":"2022-05-09T19:15:59","guid":{"rendered":"https:\/\/did-dev.net\/mineddte\/?p=4228"},"modified":"2022-10-19T11:22:31","modified_gmt":"2022-10-19T11:22:31","slug":"cop-15-caucus-sur-le-genre-dominique-ouattara-fait-un-plaidoyer-pour-la-creation-dune-banque-pour-les-femmes-rurales-et-leur-acces-au-foncier","status":"publish","type":"post","link":"https:\/\/did-dev.net\/mineddte\/cop-15-caucus-sur-le-genre-dominique-ouattara-fait-un-plaidoyer-pour-la-creation-dune-banque-pour-les-femmes-rurales-et-leur-acces-au-foncier\/","title":{"rendered":"COP 15\/CAUCUS SUR LE GENRE : DOMINIQUE OUATTARA FAIT UN PLAIDOYER POUR LA CREATION D\u2019UNE BANQUE POUR LES FEMMES RURALES ET LEUR ACCES AU FONCIER"},"content":{"rendered":"<p><img decoding=\"async\" loading=\"lazy\" class=\"size-full wp-image-4229 aligncenter\" src=\"https:\/\/did-dev.net\/mineddte\/wp-content\/uploads\/2022\/10\/CAUCUS-scaled.jpg\" alt=\"\" width=\"2560\" height=\"1003\" srcset=\"https:\/\/did-dev.net\/mineddte\/wp-content\/uploads\/2022\/10\/CAUCUS-scaled.jpg 2560w, https:\/\/did-dev.net\/mineddte\/wp-content\/uploads\/2022\/10\/CAUCUS-262x103.jpg 262w, https:\/\/did-dev.net\/mineddte\/wp-content\/uploads\/2022\/10\/CAUCUS-847x332.jpg 847w, https:\/\/did-dev.net\/mineddte\/wp-content\/uploads\/2022\/10\/CAUCUS-100x39.jpg 100w, https:\/\/did-dev.net\/mineddte\/wp-content\/uploads\/2022\/10\/CAUCUS-1536x602.jpg 1536w, https:\/\/did-dev.net\/mineddte\/wp-content\/uploads\/2022\/10\/CAUCUS-2048x803.jpg 2048w\" sizes=\"(max-width: 2560px) 100vw, 2560px\" \/><\/p>\n<p style=\"text-align: justify;\"><span style=\"font-family: verdana, geneva, sans-serif;\">La Premi\u00e8re dame de C\u00f4te d&#8217;Ivoire, Dominique Ouattara a fait un plaidoyer en faveur des femmes agricultrices, le lundi 9 mai 2022, \u00e0 l&#8217;occasion du caucus des femmes dans le cadre de la COP 15.<\/span><\/p>\n<p style=\"text-align: justify;\"><span style=\"font-family: verdana, geneva, sans-serif;\">La Premi\u00e8re dame a invit\u00e9 l&#8217;ensemble de la communaut\u00e9 des bailleurs, les partenaires au d\u00e9veloppement, le secteur priv\u00e9, ainsi que les pouvoirs publics \u00e0 \u0153uvrer en faveur de l&#8217;autonomisation des femmes agricultrices.<\/span><\/p>\n<p style=\"text-align: justify;\"><span style=\"font-family: verdana, geneva, sans-serif;\">Pour Dominique Ouattara, cela ne peut \u00eatre possible qu&#8217;\u00e0 travers la s\u00e9curisation fonci\u00e8re et la cr\u00e9ation d&#8217;une banque pour les femmes rurales. Ce qui leur permettra d&#8217;avoir acc\u00e8s au cr\u00e9dit et ainsi d\u00e9velopper leurs activit\u00e9s.<\/span><\/p>\n<p style=\"text-align: justify;\"><span style=\"font-family: verdana, geneva, sans-serif;\"><em>&#8221;Nos attentes sont importantes parce que nous devons co\u00fbte que co\u00fbte gagner ensemble le pari de l\u2019autonomisation des femmes agricultrices \u00e0 travers diverses mesures, dont la s\u00e9curisation fonci\u00e8re et la cr\u00e9ation d\u2019une banque pour les femmes rurales&#8221;<\/em>, a d\u00e9clar\u00e9 la Premi\u00e8re dame ivoirienne.<\/span><\/p>\n<p style=\"text-align: justify;\"><span style=\"font-family: verdana, geneva, sans-serif;\">Poursuivant, elle a fait noter que <strong><em>&#8221;am\u00e9liorer la vie des femmes, c\u2019est am\u00e9liorer la vie de toutes les nations&#8221;<\/em><\/strong>. L&#8217;\u00e9pouse du Chef de l&#8217;Etat ivoirien en veut pour preuve une \u00e9tude de la Banque Mondiale en 2017 qui r\u00e9v\u00e8le que les femmes sont l\u2019\u00e9pine dorsale de l\u2019\u00e9conomie rurale, surtout dans les pays en d\u00e9veloppement. Elles repr\u00e9sentent pratiquement la moiti\u00e9 des agriculteurs dans le monde. Cependant, en d\u00e9pit du r\u00f4le et l\u2019influence des femmes dans les \u00e9conomies des pays en d\u00e9veloppement, l\u2019appui dont elles b\u00e9n\u00e9ficient est encore bien inf\u00e9rieur \u00e0 celui des hommes.<\/span><\/p>\n<p style=\"text-align: justify;\"><span style=\"font-family: verdana, geneva, sans-serif;\">Dominique Ouattara a d\u00e9nonc\u00e9 le fait que dans le domaine agricole, beaucoup de femmes sont souvent marginalis\u00e9es ou m\u00eame exclues des march\u00e9s \u00e0 forte valeur ajout\u00e9e que ce soit pour l\u2019int\u00e9rieur ou l\u2019exportation, parce qu\u2019elles manquent de moyens de transport, de stockage ad\u00e9quat, d\u2019installations de transformation et manquent souvent d\u2019informations.<\/span><\/p>\n<p style=\"text-align: justify;\"><span style=\"font-family: verdana, geneva, sans-serif;\">Selon la Premi\u00e8re dame, bien que les organisations de producteurs telles que les coop\u00e9ratives et les partenariats publics-priv\u00e9s fournissent de plus en plus de services aux producteurs, relativement peu de femmes en b\u00e9n\u00e9ficient en raison des co\u00fbts \u00e9ventuels ou des contraintes sociales.<\/span><\/p>\n<p style=\"text-align: justify;\"><span style=\"font-family: verdana, geneva, sans-serif;\">Dans le domaine du foncier, a expliqu\u00e9 Dominique Ouattara, les femmes se heurtent aux r\u00e8gles coutumi\u00e8res qui restreignent leurs droits \u00e0 la propri\u00e9t\u00e9 fonci\u00e8re malgr\u00e9 les avanc\u00e9es politiques enregistr\u00e9es dans certains pays africains. Cet \u00e9tat de fait, a-t-elle poursuivi, les placent ainsi dans une position permanente de faiblesse et d\u2019ins\u00e9curit\u00e9 fonci\u00e8re qui les emp\u00eachent de s\u2019investir pleinement et en toute qui\u00e9tude dans les productions agricoles.<\/span><\/p>\n<p style=\"text-align: justify;\"><span style=\"font-family: verdana, geneva, sans-serif;\">Au nombre des initiatives qui pourraient faire \u00e9cole, la Premi\u00e8re dame est revenue sur le Fonds d&#8217;Appui aux Femmes de C\u00f4te d&#8217;Ivoire (FAFCI) qu&#8217;elle a mis en place en 2012 pour permettre aux femmes d\u2019acqu\u00e9rir plus d\u2019autonomie, pour am\u00e9liorer leurs conditions de vie et celles de leurs familles.<\/span><\/p>\n<p style=\"text-align: justify;\"><span style=\"font-family: verdana, geneva, sans-serif;\">Le FAFCI est un fonds \u00e0 taux d\u2019int\u00e9r\u00eat r\u00e9duit qui est octroy\u00e9 sans exigence de garantie, aux femmes non \u00e9ligibles aux pr\u00eats classiques et qui leur permet de financer leurs activit\u00e9s g\u00e9n\u00e9ratrices de revenus. Il est dot\u00e9 d\u2019un capital de 25 milliards de F CFA et a permis \u00e0 ce jour, \u00e0 plus de 300.000 femmes ivoiriennes d\u2019\u00eatre financi\u00e8rement autonomes, et de prendre en charge leurs familles, soit plus de 2 millions de personnes \u00e9pargn\u00e9es de la pauvret\u00e9.<\/span><\/p>\n<p style=\"text-align: justify;\"><span style=\"font-family: verdana, geneva, sans-serif;\">Pour ce Caucus des femmes, Dominique Ouattara avait \u00e0 ses c\u00f4t\u00e9s, la Premi\u00e8re dame de la R\u00e9publique D\u00e9mocratique du Congo, Mme Denise Tchisekedi , Madame Tarja Halonen, ambassadeur des Nations Unies pour les terres et anciennement Pr\u00e9sidente de la Finlande, Monsieur Abdulla Shahid, Pr\u00e9sident de la 76eme Session de l\u2019Assembl\u00e9e G\u00e9n\u00e9rale des Nations Unies et Amina Mohammed, Vice-Secr\u00e9taire G\u00e9n\u00e9rale des United Nations.<\/span><\/p>\n<p style=\"text-align: justify;\">\u00a0<\/p>\n","protected":false},"excerpt":{"rendered":"<p>La Premi\u00e8re dame de C\u00f4te d&#8217;Ivoire, Dominique Ouattara a fait un plaidoyer en faveur des femmes agricultrices, le lundi 9 mai 2022, \u00e0 l&#8217;occasion du caucus des femmes dans le [&hellip;]<\/p>\n","protected":false},"author":1,"featured_media":4229,"comment_status":"closed","ping_status":"closed","sticky":false,"template":"","format":"standard","meta":{"_lmt_disableupdate":"no","_lmt_disable":"","pgc_sgb_lightbox_settings":""},"categories":[58],"tags":[],"post_folder":[59],"modified_by":"MINEDD","_links":{"self":[{"href":"https:\/\/did-dev.net\/mineddte\/wp-json\/wp\/v2\/posts\/4228"}],"collection":[{"href":"https:\/\/did-dev.net\/mineddte\/wp-json\/wp\/v2\/posts"}],"about":[{"href":"https:\/\/did-dev.net\/mineddte\/wp-json\/wp\/v2\/types\/post"}],"author":[{"embeddable":true,"href":"https:\/\/did-dev.net\/mineddte\/wp-json\/wp\/v2\/users\/1"}],"replies":[{"embeddable":true,"href":"https:\/\/did-dev.net\/mineddte\/wp-json\/wp\/v2\/comments?post=4228"}],"version-history":[{"count":1,"href":"https:\/\/did-dev.net\/mineddte\/wp-json\/wp\/v2\/posts\/4228\/revisions"}],"predecessor-version":[{"id":4230,"href":"https:\/\/did-dev.net\/mineddte\/wp-json\/wp\/v2\/posts\/4228\/revisions\/4230"}],"wp:featuredmedia":[{"embeddable":true,"href":"https:\/\/did-dev.net\/mineddte\/wp-json\/wp\/v2\/media\/4229"}],"wp:attachment":[{"href":"https:\/\/did-dev.net\/mineddte\/wp-json\/wp\/v2\/media?parent=4228"}],"wp:term":[{"taxonomy":"category","embeddable":true,"href":"https:\/\/did-dev.net\/mineddte\/wp-json\/wp\/v2\/categories?post=4228"},{"taxonomy":"post_tag","embeddable":true,"href":"https:\/\/did-dev.net\/mineddte\/wp-json\/wp\/v2\/tags?post=4228"},{"taxonomy":"post_folder","embeddable":true,"href":"https:\/\/did-dev.net\/mineddte\/wp-json\/wp\/v2\/post_folder?post=4228"}],"curies":[{"name":"wp","href":"https:\/\/api.w.org\/{rel}","templated":true}]}}