{"id":4227,"date":"2022-05-09T08:28:00","date_gmt":"2022-05-09T08:28:00","guid":{"rendered":"https:\/\/did-dev.net\/mineddte\/?p=4227"},"modified":"2022-10-19T13:08:00","modified_gmt":"2022-10-19T13:08:00","slug":"cop-15-le-premier-ministre-patrick-achi-presente-linitiative-dabidjan-visant-a-creer-les-conditions-dune-durabilite-environnementale","status":"publish","type":"post","link":"https:\/\/did-dev.net\/mineddte\/cop-15-le-premier-ministre-patrick-achi-presente-linitiative-dabidjan-visant-a-creer-les-conditions-dune-durabilite-environnementale\/","title":{"rendered":"COP 15 : LE PREMIER MINISTRE PATRICK ACHI PRESENTE L\u2019INITIATIVE D\u2019ABIDJAN VISANT A CREER LES CONDITIONS D&#8217;UNE DURABILITE ENVIRONNEMENTALE"},"content":{"rendered":"<p style=\"text-align: justify;\"><span style=\"font-family: verdana, geneva, sans-serif;\"><img decoding=\"async\" loading=\"lazy\" class=\"size-full wp-image-4224 aligncenter\" src=\"https:\/\/did-dev.net\/mineddte\/wp-content\/uploads\/2022\/10\/PM-scaled.jpg\" alt=\"\" width=\"2560\" height=\"1003\" srcset=\"https:\/\/did-dev.net\/mineddte\/wp-content\/uploads\/2022\/10\/PM-scaled.jpg 2560w, https:\/\/did-dev.net\/mineddte\/wp-content\/uploads\/2022\/10\/PM-262x103.jpg 262w, https:\/\/did-dev.net\/mineddte\/wp-content\/uploads\/2022\/10\/PM-847x332.jpg 847w, https:\/\/did-dev.net\/mineddte\/wp-content\/uploads\/2022\/10\/PM-100x39.jpg 100w, https:\/\/did-dev.net\/mineddte\/wp-content\/uploads\/2022\/10\/PM-1536x602.jpg 1536w, https:\/\/did-dev.net\/mineddte\/wp-content\/uploads\/2022\/10\/PM-2048x803.jpg 2048w\" sizes=\"(max-width: 2560px) 100vw, 2560px\" \/><\/span><\/p>\n<p style=\"text-align: justify;\"><span style=\"font-family: verdana, geneva, sans-serif;\">Le Premier Ministre ivoirien, Patrick Achi, a pr\u00e9sent\u00e9, l\u2019initiative d\u2019Abidjan visant \u00e0 cr\u00e9er les conditions d&#8217;une durabilit\u00e9 environnementale.<\/span><\/p>\n<p style=\"text-align: justify;\"><span style=\"font-family: verdana, geneva, sans-serif;\">Il s\u2019exprimait \u00e0 l\u2019ouverture du Sommet des Chefs d\u2019Etat et de gouvernements dans le cadre de la 15e Conf\u00e9rence des Parties \u00e0 la Convention des Nations Unies sur la lutte contre la d\u00e9sertification (COP15), le 09 mai 2022 \u00e0 Abidjan.<\/span><\/p>\n<p style=\"text-align: justify;\"><span style=\"font-family: verdana, geneva, sans-serif;\"><em>\u00ab L\u2019initiative d\u2019Abidjan constitue une r\u00e9ponse globale et int\u00e9gr\u00e9e, qui vise tout d\u2019abord \u00e0 cr\u00e9er les conditions d&#8217;une durabilit\u00e9 environnementale, \u00e0 replacer ensuite le secteur agricole dans un r\u00f4le puissant de cr\u00e9ation d\u2019emplois et de revenus, \u00e0 produire enfin un \u00e9quilibre social qui garantisse \u00e0 toutes les couches de la soci\u00e9t\u00e9, le droit \u00e0 une alimentation \u00e9quilibr\u00e9e et \u00e0 une vie plus d\u00e9cente \u00bb,<\/em> a d\u00e9clar\u00e9 Patrick Achi.<\/span><\/p>\n<p style=\"text-align: justify;\"><span style=\"font-family: verdana, geneva, sans-serif;\">Selon le Chef du gouvernement, cette initiative d\u2019Abidjan, inspir\u00e9e de la vision du Pr\u00e9sident Alassane Ouattara, est donc une approche globale et novatrice pour une nouvelle prosp\u00e9rit\u00e9. Sa mise en \u0153uvre n\u00e9cessitera un plan d\u2019investissement massif de 1,5 milliard de dollars sur les 5 prochaines ann\u00e9es.<\/span><\/p>\n<p style=\"text-align: justify;\"><span style=\"font-family: verdana, geneva, sans-serif;\">L\u2019initiative d\u2019Abidjan est \u00e9galement un h\u00e9ritage, un devoir absolu de garantir que la terre, source de toute vie, pourra demain, continuer de profiter aux g\u00e9n\u00e9rations futures, avec la m\u00eame beaut\u00e9, la m\u00eame abondance et la m\u00eame durabilit\u00e9.<\/span><\/p>\n<p style=\"text-align: justify;\"><span style=\"font-family: verdana, geneva, sans-serif;\">Organis\u00e9e autour de 4 composantes, l\u2019Initiative d\u2019Abidjan porte sur la lutte contre la d\u00e9forestation et sur la restauration des for\u00eats, dont l&#8217;objectif est de restaurer 20% du couvert forestier initial d&#8217;ici la fin de la d\u00e9cennie. Elle porte aussi sur l\u2019am\u00e9lioration de la productivit\u00e9 agricole ainsi que sur l\u2019identification des cha\u00eenes de valeur du futur. Enfin, elle vise \u00e9galement \u00e0 rendre les cha\u00eenes de valeurs actuelles plus durables. Ces nouvelles cha\u00eenes de valeurs sont respectueuses des sols et vont r\u00e9sister au changement climatique, \u00e0 en croire Patrick Achi.<\/span><\/p>\n<p style=\"text-align: justify;\"><span style=\"font-family: verdana, geneva, sans-serif;\">&nbsp;<\/span><\/p>\n","protected":false},"excerpt":{"rendered":"<p>Le Premier Ministre ivoirien, Patrick Achi, a pr\u00e9sent\u00e9, l\u2019initiative d\u2019Abidjan visant \u00e0 cr\u00e9er les conditions d&#8217;une durabilit\u00e9 environnementale. Il s\u2019exprimait \u00e0 l\u2019ouverture du Sommet des Chefs d\u2019Etat et de gouvernements [&hellip;]<\/p>\n","protected":false},"author":1,"featured_media":4224,"comment_status":"closed","ping_status":"closed","sticky":false,"template":"","format":"standard","meta":{"_lmt_disableupdate":"no","_lmt_disable":"","pgc_sgb_lightbox_settings":""},"categories":[58],"tags":[],"post_folder":[59],"modified_by":"MINEDD","_links":{"self":[{"href":"https:\/\/did-dev.net\/mineddte\/wp-json\/wp\/v2\/posts\/4227"}],"collection":[{"href":"https:\/\/did-dev.net\/mineddte\/wp-json\/wp\/v2\/posts"}],"about":[{"href":"https:\/\/did-dev.net\/mineddte\/wp-json\/wp\/v2\/types\/post"}],"author":[{"embeddable":true,"href":"https:\/\/did-dev.net\/mineddte\/wp-json\/wp\/v2\/users\/1"}],"replies":[{"embeddable":true,"href":"https:\/\/did-dev.net\/mineddte\/wp-json\/wp\/v2\/comments?post=4227"}],"version-history":[{"count":5,"href":"https:\/\/did-dev.net\/mineddte\/wp-json\/wp\/v2\/posts\/4227\/revisions"}],"predecessor-version":[{"id":4231,"href":"https:\/\/did-dev.net\/mineddte\/wp-json\/wp\/v2\/posts\/4227\/revisions\/4231"}],"wp:featuredmedia":[{"embeddable":true,"href":"https:\/\/did-dev.net\/mineddte\/wp-json\/wp\/v2\/media\/4224"}],"wp:attachment":[{"href":"https:\/\/did-dev.net\/mineddte\/wp-json\/wp\/v2\/media?parent=4227"}],"wp:term":[{"taxonomy":"category","embeddable":true,"href":"https:\/\/did-dev.net\/mineddte\/wp-json\/wp\/v2\/categories?post=4227"},{"taxonomy":"post_tag","embeddable":true,"href":"https:\/\/did-dev.net\/mineddte\/wp-json\/wp\/v2\/tags?post=4227"},{"taxonomy":"post_folder","embeddable":true,"href":"https:\/\/did-dev.net\/mineddte\/wp-json\/wp\/v2\/post_folder?post=4227"}],"curies":[{"name":"wp","href":"https:\/\/api.w.org\/{rel}","templated":true}]}}