{"id":4220,"date":"2022-05-11T10:20:28","date_gmt":"2022-05-11T10:20:28","guid":{"rendered":"https:\/\/did-dev.net\/mineddte\/?p=4220"},"modified":"2022-10-19T10:26:41","modified_gmt":"2022-10-19T10:26:41","slug":"cop15-mettre-fin-dici-a-2023-a-la-deforestation-causee-par-lagriculture-dixit-le-ministre-jean-luc-assi-lors-de-la-table-ronde-des-ministres-d","status":"publish","type":"post","link":"https:\/\/did-dev.net\/mineddte\/cop15-mettre-fin-dici-a-2023-a-la-deforestation-causee-par-lagriculture-dixit-le-ministre-jean-luc-assi-lors-de-la-table-ronde-des-ministres-d\/","title":{"rendered":"COP15 : \u2018\u2019METTRE FIN, D\u2019ICI A 2023, A LA DEFORESTATION CAUSEE PAR L\u2019AGRICULTURE\u2019\u2019 DIXIT LE MINISTRE JEAN-LUC ASSI LORS DE LA TABLE RONDE DES MINISTRES DE L\u2019ENVIRONNEMENT"},"content":{"rendered":"<p style=\"text-align: justify;\"><span style=\"font-family: verdana, geneva, sans-serif;\"><img decoding=\"async\" loading=\"lazy\" class=\"size-full wp-image-4221 aligncenter\" src=\"https:\/\/did-dev.net\/mineddte\/wp-content\/uploads\/2022\/10\/COP15-scaled.jpg\" alt=\"\" width=\"2560\" height=\"1003\" srcset=\"https:\/\/did-dev.net\/mineddte\/wp-content\/uploads\/2022\/10\/COP15-scaled.jpg 2560w, https:\/\/did-dev.net\/mineddte\/wp-content\/uploads\/2022\/10\/COP15-262x103.jpg 262w, https:\/\/did-dev.net\/mineddte\/wp-content\/uploads\/2022\/10\/COP15-847x332.jpg 847w, https:\/\/did-dev.net\/mineddte\/wp-content\/uploads\/2022\/10\/COP15-100x39.jpg 100w, https:\/\/did-dev.net\/mineddte\/wp-content\/uploads\/2022\/10\/COP15-1536x602.jpg 1536w, https:\/\/did-dev.net\/mineddte\/wp-content\/uploads\/2022\/10\/COP15-2048x803.jpg 2048w\" sizes=\"(max-width: 2560px) 100vw, 2560px\" \/><\/span><\/p>\n<p style=\"text-align: justify;\"><span style=\"font-family: verdana, geneva, sans-serif;\">Restauration des terres : vers une reprise durable apr\u00e8s la pand\u00e9mie est le th\u00e8me qui a r\u00e9uni les Ministres en charge de l\u2019Environnement des pays parties \u00e0 la Convention des Nations Unies sur la Lutte contre la D\u00e9sertification.<\/span><\/p>\n<p style=\"text-align: justify;\"><span style=\"font-family: verdana, geneva, sans-serif;\">Prenant part \u00e0 cette importante rencontre le mardi 10 mai 2022, le Ministre ivoirien en charge de l\u2019Environnement s\u2019est voulu rassurant sur les engagements de la C\u00f4te d\u2019Ivoire ax\u00e9s sur une agriculture durable. <em>\u00ab Dans le cadre de sa politique de lutte contre la d\u00e9sertification, la C\u00f4te d\u2019Ivoire veut mettre fin \u00e0 la d\u00e9forestation caus\u00e9e dans l\u2019agriculture \u00bb<\/em>, a affirm\u00e9 le Ministre.<\/span><\/p>\n<p style=\"text-align: justify;\"><span style=\"font-family: verdana, geneva, sans-serif;\">Il a poursuivi en citant dans sa d\u00e9claration, les piliers sur lesquels le pays mise pour atteindre cet ambitieux challenge qui sont entre autres : l\u2019agriculture durable, l\u2019agroforesterie et le reboisement intensif du couvert forestier ivoirien. Ainsi, on peut noter les grandes actions entreprises par la C\u00f4te d\u2019Ivoire pour inverser la tendance \u2018\u2019 d\u00e9gradation des for\u00eats et des terres \u00e0 travers l\u2019agriculture\u2019\u2019. Le succ\u00e8s des op\u00e9rations nationales d\u00e9nomm\u00e9es 1jour = 1 million, 1jour = 5 millions et 1jour = 50 millions ont permis de planter, entre 2019 et 2021, 35000618 arbres sur tout le territoire.<\/span><\/p>\n<p style=\"text-align: justify;\"><span style=\"font-family: verdana, geneva, sans-serif;\">La C\u00f4te d\u2019Ivoire veut aller plus loin dans ses actions en faveur de la durabilit\u00e9 de son agriculture et la protection des services \u00e9cosyst\u00e9miques de ses sols. A cet effet, le Pr\u00e9sident de la R\u00e9publique a proc\u00e9d\u00e9 au lancement d\u2019un vaste programme, qui vise \u00e0 restaurer les terres et \u00e0 augmenter leur productivit\u00e9 de mani\u00e8re exponentielle. Ce programme s\u2019intitule \u2018\u2019 L\u2019Initiative d\u2019Abidjan\u2019\u2019. C\u2019\u00e9tait lors du sommet des Chefs d\u2019Etats, le lundi 09 mai 2022, tenu dans le cadre de la COP15 sur la Lutte contre le D\u00e9sertification et la S\u00e9cheresse que la C\u00f4te d\u2019Ivoire abritera \u00e0 Abidjan du 09 au 20 mai 2022, sous le th\u00e8me <em>\u00ab Terres. Vie. Patrimoine : D\u2019un monde pr\u00e9caire vers un avenir prosp\u00e8re \u00bb<\/em><\/span><\/p>\n","protected":false},"excerpt":{"rendered":"<p>Restauration des terres : vers une reprise durable apr\u00e8s la pand\u00e9mie est le th\u00e8me qui a r\u00e9uni les Ministres en charge de l\u2019Environnement des pays parties \u00e0 la Convention des [&hellip;]<\/p>\n","protected":false},"author":1,"featured_media":4221,"comment_status":"closed","ping_status":"closed","sticky":false,"template":"","format":"standard","meta":{"_lmt_disableupdate":"no","_lmt_disable":"","pgc_sgb_lightbox_settings":""},"categories":[58],"tags":[],"post_folder":[59],"modified_by":"MINEDD","_links":{"self":[{"href":"https:\/\/did-dev.net\/mineddte\/wp-json\/wp\/v2\/posts\/4220"}],"collection":[{"href":"https:\/\/did-dev.net\/mineddte\/wp-json\/wp\/v2\/posts"}],"about":[{"href":"https:\/\/did-dev.net\/mineddte\/wp-json\/wp\/v2\/types\/post"}],"author":[{"embeddable":true,"href":"https:\/\/did-dev.net\/mineddte\/wp-json\/wp\/v2\/users\/1"}],"replies":[{"embeddable":true,"href":"https:\/\/did-dev.net\/mineddte\/wp-json\/wp\/v2\/comments?post=4220"}],"version-history":[{"count":1,"href":"https:\/\/did-dev.net\/mineddte\/wp-json\/wp\/v2\/posts\/4220\/revisions"}],"predecessor-version":[{"id":4222,"href":"https:\/\/did-dev.net\/mineddte\/wp-json\/wp\/v2\/posts\/4220\/revisions\/4222"}],"wp:featuredmedia":[{"embeddable":true,"href":"https:\/\/did-dev.net\/mineddte\/wp-json\/wp\/v2\/media\/4221"}],"wp:attachment":[{"href":"https:\/\/did-dev.net\/mineddte\/wp-json\/wp\/v2\/media?parent=4220"}],"wp:term":[{"taxonomy":"category","embeddable":true,"href":"https:\/\/did-dev.net\/mineddte\/wp-json\/wp\/v2\/categories?post=4220"},{"taxonomy":"post_tag","embeddable":true,"href":"https:\/\/did-dev.net\/mineddte\/wp-json\/wp\/v2\/tags?post=4220"},{"taxonomy":"post_folder","embeddable":true,"href":"https:\/\/did-dev.net\/mineddte\/wp-json\/wp\/v2\/post_folder?post=4220"}],"curies":[{"name":"wp","href":"https:\/\/api.w.org\/{rel}","templated":true}]}}