{"id":4219,"date":"2022-05-11T08:37:00","date_gmt":"2022-05-11T08:37:00","guid":{"rendered":"https:\/\/did-dev.net\/mineddte\/?p=4219"},"modified":"2022-10-19T10:50:03","modified_gmt":"2022-10-19T10:50:03","slug":"cop-15-le-premier-ministre-patrick-achi-preside-une-reunion-interministerielle-sur-les-enjeux-et-solutions-pour-la-restauration-des-terres","status":"publish","type":"post","link":"https:\/\/did-dev.net\/mineddte\/cop-15-le-premier-ministre-patrick-achi-preside-une-reunion-interministerielle-sur-les-enjeux-et-solutions-pour-la-restauration-des-terres\/","title":{"rendered":"COP 15 : LE PREMIER MINISTRE PATRICK ACHI PRESIDE UNE REUNION INTERMINISTERIELLE SUR LES ENJEUX ET SOLUTIONS POUR LA RESTAURATION DES TERRES"},"content":{"rendered":"<p style=\"text-align: justify;\"><span style=\"font-family: verdana, geneva, sans-serif;\"><img decoding=\"async\" loading=\"lazy\" class=\"size-full wp-image-4224 aligncenter\" src=\"https:\/\/did-dev.net\/mineddte\/wp-content\/uploads\/2022\/10\/PM-scaled.jpg\" alt=\"\" width=\"2560\" height=\"1003\" srcset=\"https:\/\/did-dev.net\/mineddte\/wp-content\/uploads\/2022\/10\/PM-scaled.jpg 2560w, https:\/\/did-dev.net\/mineddte\/wp-content\/uploads\/2022\/10\/PM-262x103.jpg 262w, https:\/\/did-dev.net\/mineddte\/wp-content\/uploads\/2022\/10\/PM-847x332.jpg 847w, https:\/\/did-dev.net\/mineddte\/wp-content\/uploads\/2022\/10\/PM-100x39.jpg 100w, https:\/\/did-dev.net\/mineddte\/wp-content\/uploads\/2022\/10\/PM-1536x602.jpg 1536w, https:\/\/did-dev.net\/mineddte\/wp-content\/uploads\/2022\/10\/PM-2048x803.jpg 2048w\" sizes=\"(max-width: 2560px) 100vw, 2560px\" \/><\/span><\/p>\n<p style=\"text-align: justify;\"><span style=\"font-family: verdana, geneva, sans-serif;\">Le Premier Ministre Patrick Achi, a pr\u00e9sid\u00e9, le mardi 10 mai 2022 \u00e0 Abidjan, une r\u00e9union interminist\u00e9rielle sur la Cop 15 co-organis\u00e9e par la 76e Assembl\u00e9e g\u00e9n\u00e9rale de l&#8217;ONU et la C\u00f4te d&#8217;Ivoire, en vue de situer les enjeux et trouver des solutions durables \u00e0 la d\u00e9gradation des sols et la s\u00e9cheresse.<\/span><\/p>\n<p style=\"text-align: justify;\"><span style=\"font-family: verdana, geneva, sans-serif;\">Pour Patrick Achi, face \u00e0 ces d\u00e9fis, nous ne pouvons que mener ce combat ensemble parce qu&#8217;il y va de la prosp\u00e9rit\u00e9 de nos nations comme celle de nos enfants, parce qu&#8217;il y va de notre responsabilit\u00e9 collective face \u00e0 notre terre commune.<\/span><\/p>\n<p style=\"text-align: justify;\"><span style=\"font-family: verdana, geneva, sans-serif;\"><em>&#8221;Par notre \u00e9lan, par notre cr\u00e9ativit\u00e9, par la mobilisation des acteurs \u00e9conomiques, par la mobilisation puissante des ressources financi\u00e8res priv\u00e9es ou publiques, nous pouvons fa\u00e7onner un autre avenir pour les zones menac\u00e9s par la d\u00e9sertification&#8221;<\/em>, a-t-il dit devant les ministres et repr\u00e9sentants des 197 pays membres.<\/span><\/p>\n<p style=\"text-align: justify;\"><span style=\"font-family: verdana, geneva, sans-serif;\">Quant \u00e0 la C\u00f4te d&#8217;Ivoire dont le couvert forestier est pass\u00e9 de 16 millions d&#8217;hectares \u00e0 3 millions d&#8217;hectares en 60 ans, a r\u00e9p\u00e9t\u00e9 le Premier Ministre, elle est plus qu&#8217;un simple pays h\u00f4te, mais un pays t\u00e9moin de ce processus environnemental et humain exigeant.<\/span><\/p>\n<p style=\"text-align: justify;\"><span style=\"font-family: verdana, geneva, sans-serif;\"><em>&#8221; La C\u00f4te d&#8217;Ivoire veut \u00eatre acteur de sa r\u00e9solution, un pays moteur, moteur d&#8217;id\u00e9es et moteur de solutions&#8221;<\/em>, a d\u00e9clar\u00e9 le Chef du gouvernement ivoirien.<\/span><\/p>\n<p style=\"text-align: justify;\"><span style=\"font-family: verdana, geneva, sans-serif;\">Comme contribution du pays, il est revenu sur &#8221;L&#8217;initiative d&#8217;Abidjan&#8221; propos\u00e9e la veille par le Pr\u00e9sident Alassane Ouattara et adopt\u00e9e par l&#8217;ensemble de ses pairs.<\/span><\/p>\n<p style=\"text-align: justify;\"><span style=\"font-family: verdana, geneva, sans-serif;\">Il a soutenu que pour la gestion durable des terres, L&#8217;initiative d&#8217;Abidjan souhaite \u00eatre une feuille de route \u00e0 partager, adapter et renforcer par toutes les nations s\u0153urs qui \u00e9prouvent les m\u00eames enjeux.<\/span><\/p>\n<p style=\"text-align: justify;\"><span style=\"font-family: verdana, geneva, sans-serif;\"><em>&#8221;Une restauration des terres est indispensable. Que ce mouvement commun naisse et s&#8217;amplifie pour un financement mondial de L&#8217;initiative car le temps nous est compt\u00e9. Cherchons l&#8217;action&#8221;,<\/em> a insist\u00e9 Patrick Achi.<\/span><\/p>\n<p style=\"text-align: justify;\"><span style=\"font-family: verdana, geneva, sans-serif;\">Il a traduit tout l&#8217;honneur de son pays d&#8217;accueillir cet \u00e9v\u00e9nement historique gr\u00e2ce au leadership du Pr\u00e9sident Alassane Ouattara.<\/span><\/p>\n<p style=\"text-align: justify;\"><span style=\"font-family: verdana, geneva, sans-serif;\">Face \u00e0 la hauteur des d\u00e9fis auxquels nous faisons face, la restauration des terres comme de la for\u00eat et la mise en place d\u2019une agriculture \u00e9cologiquement intensive, intelligente face au climat, dot\u00e9e de syst\u00e8mes de production r\u00e9silients et 0 d\u00e9forestation, constituent la seule solution strat\u00e9gique pour pr\u00e9server notre environnement et garantir la prosp\u00e9rit\u00e9 de nos pays comme celle de nos populations rurales, a conclu le Premier Ministre.<\/span><\/p>\n<p style=\"text-align: justify;\"><span style=\"font-family: verdana, geneva, sans-serif;\">La Cop 15 qui a ouvert officiellement ses portes le lundi 09 mai 2022 par le Sommet des Chefs d&#8217;\u00c9tat et de gouvernement prend fin le 20 mai 2022 prochain.<\/span><\/p>\n<p style=\"text-align: justify;\"><span style=\"font-family: verdana, geneva, sans-serif;\">&nbsp;<\/span><\/p>\n","protected":false},"excerpt":{"rendered":"<p>Le Premier Ministre Patrick Achi, a pr\u00e9sid\u00e9, le mardi 10 mai 2022 \u00e0 Abidjan, une r\u00e9union interminist\u00e9rielle sur la Cop 15 co-organis\u00e9e par la 76e Assembl\u00e9e g\u00e9n\u00e9rale de l&#8217;ONU et [&hellip;]<\/p>\n","protected":false},"author":1,"featured_media":4224,"comment_status":"closed","ping_status":"closed","sticky":false,"template":"","format":"standard","meta":{"_lmt_disableupdate":"no","_lmt_disable":"","pgc_sgb_lightbox_settings":""},"categories":[58],"tags":[],"post_folder":[59],"modified_by":"MINEDD","_links":{"self":[{"href":"https:\/\/did-dev.net\/mineddte\/wp-json\/wp\/v2\/posts\/4219"}],"collection":[{"href":"https:\/\/did-dev.net\/mineddte\/wp-json\/wp\/v2\/posts"}],"about":[{"href":"https:\/\/did-dev.net\/mineddte\/wp-json\/wp\/v2\/types\/post"}],"author":[{"embeddable":true,"href":"https:\/\/did-dev.net\/mineddte\/wp-json\/wp\/v2\/users\/1"}],"replies":[{"embeddable":true,"href":"https:\/\/did-dev.net\/mineddte\/wp-json\/wp\/v2\/comments?post=4219"}],"version-history":[{"count":2,"href":"https:\/\/did-dev.net\/mineddte\/wp-json\/wp\/v2\/posts\/4219\/revisions"}],"predecessor-version":[{"id":4226,"href":"https:\/\/did-dev.net\/mineddte\/wp-json\/wp\/v2\/posts\/4219\/revisions\/4226"}],"wp:featuredmedia":[{"embeddable":true,"href":"https:\/\/did-dev.net\/mineddte\/wp-json\/wp\/v2\/media\/4224"}],"wp:attachment":[{"href":"https:\/\/did-dev.net\/mineddte\/wp-json\/wp\/v2\/media?parent=4219"}],"wp:term":[{"taxonomy":"category","embeddable":true,"href":"https:\/\/did-dev.net\/mineddte\/wp-json\/wp\/v2\/categories?post=4219"},{"taxonomy":"post_tag","embeddable":true,"href":"https:\/\/did-dev.net\/mineddte\/wp-json\/wp\/v2\/tags?post=4219"},{"taxonomy":"post_folder","embeddable":true,"href":"https:\/\/did-dev.net\/mineddte\/wp-json\/wp\/v2\/post_folder?post=4219"}],"curies":[{"name":"wp","href":"https:\/\/api.w.org\/{rel}","templated":true}]}}