{"id":4215,"date":"2022-05-11T17:01:05","date_gmt":"2022-05-11T17:01:05","guid":{"rendered":"https:\/\/did-dev.net\/mineddte\/?p=4215"},"modified":"2022-10-18T17:06:16","modified_gmt":"2022-10-18T17:06:16","slug":"cop-15-ceremonie-douverture-officielle","status":"publish","type":"post","link":"https:\/\/did-dev.net\/mineddte\/cop-15-ceremonie-douverture-officielle\/","title":{"rendered":"COP 15 : CEREMONIE D&#8217;OUVERTURE OFFICIELLE"},"content":{"rendered":"<p style=\"text-align: justify;\"><img decoding=\"async\" loading=\"lazy\" class=\"alignnone size-full wp-image-4216\" src=\"https:\/\/did-dev.net\/mineddte\/wp-content\/uploads\/2022\/10\/COP-4-scaled.jpg\" alt=\"\" width=\"2560\" height=\"1003\" srcset=\"https:\/\/did-dev.net\/mineddte\/wp-content\/uploads\/2022\/10\/COP-4-scaled.jpg 2560w, https:\/\/did-dev.net\/mineddte\/wp-content\/uploads\/2022\/10\/COP-4-262x103.jpg 262w, https:\/\/did-dev.net\/mineddte\/wp-content\/uploads\/2022\/10\/COP-4-847x332.jpg 847w, https:\/\/did-dev.net\/mineddte\/wp-content\/uploads\/2022\/10\/COP-4-100x39.jpg 100w, https:\/\/did-dev.net\/mineddte\/wp-content\/uploads\/2022\/10\/COP-4-1536x602.jpg 1536w, https:\/\/did-dev.net\/mineddte\/wp-content\/uploads\/2022\/10\/COP-4-2048x803.jpg 2048w\" sizes=\"(max-width: 2560px) 100vw, 2560px\" \/><span style=\"font-family: verdana, geneva, sans-serif;\">Le Pre\u0301sident de la Re\u0301publique, Alassane Ouattara, a pr\u00e9sid\u00e9, ce mercredi 11 mai 2022, au Sofitel Abidjan H\u00f4tel Ivoire, la c\u00e9r\u00e9monie d&#8217;ouverture de la 15e Conf\u00e9rence des Parties \u00e0 la Convention des Nations Unies sur la lutte contre la d\u00e9sertification (<a href=\"https:\/\/www.facebook.com\/hashtag\/cop15?__eep__=6&amp;__cft__%5b0%5d=AZWmPIlnLRRYpv2PX_eQQBwKxugsSHxrBDabqYAvIh31P9eKiFoje8M2u0R6ccCOqWaP9lcQ-I-qHEgAYMINlAF8K_uDYISH-NaQ6SQedPvghVv2O3KwqNGPdnj2xSyXVNUet9DDy5OxU40dnVPsbF95KjfsCun8ERXUe8ixevX8ig22vPCBJ9q1RjiVlx0s1gU&amp;__tn__=*NK-R\">#COP15<\/a>), qui regroupera, du 9 au 20 mai, 5000 participants autour du th\u00e8me : <em>\u00ab Terres. Vie. Patrimoine : d&#8217;un monde pr\u00e9caire vers un avenir prosp\u00e8re \u00bb.<\/em><\/span><\/p>\n<p style=\"text-align: justify;\"><span style=\"font-family: verdana, geneva, sans-serif;\">Le Chef de l&#8217;Etat a remerci\u00e9 les \u00c9tats parties pour avoir port\u00e9 notre compatriote, le Ministre Alain-Richard Donwahi, \u00e0 la Pr\u00e9sidence de la COP15, qui doit \u00eatre r\u00e9solument celle de l\u2019action, du partenariat et de la solidarit\u00e9 de la communaut\u00e9 internationale avec les populations et les r\u00e9gions en d\u00e9tresse.<\/span><\/p>\n<p style=\"text-align: justify;\"><span style=\"font-family: verdana, geneva, sans-serif;\">Le Pre\u0301sident Alassane Ouattara a, en outre, soulign\u00e9 la volont\u00e9 de la C\u00f4te d\u2019Ivoire d&#8217;envisager de promouvoir les actions de restauration de nos terres et nos \u00e9cosyst\u00e8mes forestiers, d\u2019am\u00e9liorer la productivit\u00e9 agricole et de renforcer la r\u00e9silience des populations \u00e0 travers des initiatives innovantes et inclusives, int\u00e9grant les acteurs du secteur priv\u00e9, la soci\u00e9t\u00e9 civile et les communaut\u00e9s locales.<\/span><\/p>\n<p>&nbsp;<\/p>\n<p style=\"text-align: justify;\"><span style=\"font-family: verdana, geneva, sans-serif;\">\u00a0<\/span><\/p>\n","protected":false},"excerpt":{"rendered":"<p>Le Pre\u0301sident de la Re\u0301publique, Alassane Ouattara, a pr\u00e9sid\u00e9, ce mercredi 11 mai 2022, au Sofitel Abidjan H\u00f4tel Ivoire, la c\u00e9r\u00e9monie d&#8217;ouverture de la 15e Conf\u00e9rence des Parties \u00e0 la [&hellip;]<\/p>\n","protected":false},"author":1,"featured_media":4216,"comment_status":"closed","ping_status":"closed","sticky":false,"template":"","format":"standard","meta":{"_lmt_disableupdate":"no","_lmt_disable":"","pgc_sgb_lightbox_settings":""},"categories":[58],"tags":[],"post_folder":[59],"modified_by":"MINEDD","_links":{"self":[{"href":"https:\/\/did-dev.net\/mineddte\/wp-json\/wp\/v2\/posts\/4215"}],"collection":[{"href":"https:\/\/did-dev.net\/mineddte\/wp-json\/wp\/v2\/posts"}],"about":[{"href":"https:\/\/did-dev.net\/mineddte\/wp-json\/wp\/v2\/types\/post"}],"author":[{"embeddable":true,"href":"https:\/\/did-dev.net\/mineddte\/wp-json\/wp\/v2\/users\/1"}],"replies":[{"embeddable":true,"href":"https:\/\/did-dev.net\/mineddte\/wp-json\/wp\/v2\/comments?post=4215"}],"version-history":[{"count":1,"href":"https:\/\/did-dev.net\/mineddte\/wp-json\/wp\/v2\/posts\/4215\/revisions"}],"predecessor-version":[{"id":4217,"href":"https:\/\/did-dev.net\/mineddte\/wp-json\/wp\/v2\/posts\/4215\/revisions\/4217"}],"wp:featuredmedia":[{"embeddable":true,"href":"https:\/\/did-dev.net\/mineddte\/wp-json\/wp\/v2\/media\/4216"}],"wp:attachment":[{"href":"https:\/\/did-dev.net\/mineddte\/wp-json\/wp\/v2\/media?parent=4215"}],"wp:term":[{"taxonomy":"category","embeddable":true,"href":"https:\/\/did-dev.net\/mineddte\/wp-json\/wp\/v2\/categories?post=4215"},{"taxonomy":"post_tag","embeddable":true,"href":"https:\/\/did-dev.net\/mineddte\/wp-json\/wp\/v2\/tags?post=4215"},{"taxonomy":"post_folder","embeddable":true,"href":"https:\/\/did-dev.net\/mineddte\/wp-json\/wp\/v2\/post_folder?post=4215"}],"curies":[{"name":"wp","href":"https:\/\/api.w.org\/{rel}","templated":true}]}}