{"id":4212,"date":"2022-05-10T16:38:11","date_gmt":"2022-05-10T16:38:11","guid":{"rendered":"https:\/\/did-dev.net\/mineddte\/?p=4212"},"modified":"2022-10-18T16:50:41","modified_gmt":"2022-10-18T16:50:41","slug":"polluants-organiques-persistants-ladministration-des-douanes-ivoiriennes-participe-a-la-lutte","status":"publish","type":"post","link":"https:\/\/did-dev.net\/mineddte\/polluants-organiques-persistants-ladministration-des-douanes-ivoiriennes-participe-a-la-lutte\/","title":{"rendered":"POLLUANTS ORGANIQUES PERSISTANTS : L\u2019ADMINISTRATION DES DOUANES IVOIRIENNES PARTICIPE A LA LUTTE."},"content":{"rendered":"<p><img decoding=\"async\" loading=\"lazy\" class=\"size-full wp-image-4213 aligncenter\" src=\"https:\/\/did-dev.net\/mineddte\/wp-content\/uploads\/2022\/10\/D3E-scaled.jpg\" alt=\"\" width=\"2560\" height=\"1003\" srcset=\"https:\/\/did-dev.net\/mineddte\/wp-content\/uploads\/2022\/10\/D3E-scaled.jpg 2560w, https:\/\/did-dev.net\/mineddte\/wp-content\/uploads\/2022\/10\/D3E-262x103.jpg 262w, https:\/\/did-dev.net\/mineddte\/wp-content\/uploads\/2022\/10\/D3E-847x332.jpg 847w, https:\/\/did-dev.net\/mineddte\/wp-content\/uploads\/2022\/10\/D3E-100x39.jpg 100w, https:\/\/did-dev.net\/mineddte\/wp-content\/uploads\/2022\/10\/D3E-1536x602.jpg 1536w, https:\/\/did-dev.net\/mineddte\/wp-content\/uploads\/2022\/10\/D3E-2048x803.jpg 2048w\" sizes=\"(max-width: 2560px) 100vw, 2560px\" \/><\/p>\n<p style=\"text-align: justify;\"><span style=\"font-family: verdana, geneva, sans-serif;\">\u00a0<em>\u00ab Le renforcement des capacit\u00e9s est une excellente occasion d\u2019optimisation des connaissances des agents des Douanes afin que ceux-ci jouent pleinement leur r\u00f4le qui est de prot\u00e9ger la population. Nous attendons de la part du Minist\u00e8re de l\u2019Environnement et du D\u00e9veloppement Durable qu\u2019il mette \u00e0 la disposition des Douanes la r\u00e9glementation et les textes en lien avec l\u2019importation, l\u2019exportation et le contr\u00f4le des v\u00e9hicules en fin de vie et les d\u00e9chets d\u2019\u00e9quipements \u00e9lectriques et \u00e9lectroniques pour que nous prenons les mesures de leur application dans nos diff\u00e9rents services \u00bb<\/em>, s\u2019est exprim\u00e9 le Colonel Deza\u00ef Ferdinand, repr\u00e9sentant le Directeur G\u00e9n\u00e9ral des Douanes ivoiriennes dans le cadre de l\u2019atelier organis\u00e9 par l\u2019\u00e9quipe du projet UPOP-CI le 10 mai 2022, dans un r\u00e9ceptif h\u00f4telier de Cocody.<\/span><\/p>\n<p style=\"text-align: justify;\"><span style=\"font-family: verdana, geneva, sans-serif;\">Selon le Professeur Gustave BEDI, Coordonnateur du projet, l\u2019atelier de renforcement des capacit\u00e9s des Douaniers vise \u00e0 faire de la pr\u00e9vention en formant ces acteurs sur les textes la Convention de B\u00e2le, la ma\u00eetrise des proc\u00e9dures d\u2019importation et d\u2019exportation des d\u00e9chets \u00e9lectroniques et \u00e9lectriques (DEEE) et les v\u00e9hicules en fin de vie (VFV). Il a assur\u00e9 que la mise en \u0153uvre de ces mesures par les acteurs des Douanes permettra de r\u00e9duire l\u2019entr\u00e9e de tout \u00e9quipement et v\u00e9hicules en fin de vie pouvant contenir des polluants organiques persistants (POP) sur le territoire.<\/span><\/p>\n<p style=\"text-align: justify;\"><span style=\"font-family: verdana, geneva, sans-serif;\"><em>\u00ab Les fronti\u00e8res sont la porte d\u2019entr\u00e9e des DEEE et des VFV. Alors les Douaniers devraient savoir les dangers que repr\u00e9sentent les \u00e9quipements et les VFV. Si le Douanier sait exactement qu\u2019une t\u00e9l\u00e9vision ou un ordinateur \u00e0 \u00e9cran cathodique, ainsi que les porti\u00e8res, les mousses de fauteuils, les batteries de VFV contiennent du POP, au moment du d\u00e9douanement, il aura le bon r\u00e9flexe pour interdire l\u2019entr\u00e9e de ces marchandises \u00bb, <\/em>a expliqu\u00e9 le Coordonnateur du projet.<\/span><\/p>\n<p style=\"text-align: justify;\"><span style=\"font-family: verdana, geneva, sans-serif;\">En poursuivant, il a affirm\u00e9 qu\u2019il existe un projet de loi sur les d\u00e9chets industriels, quatre d\u00e9crets et trois arr\u00eat\u00e9s d\u2019accompagnement qui sont en cours de signature. D\u00e8s signature, ces textes seront mis \u00e0 la disposition de la Douane pour mieux encadrer la lutte. Par ailleurs, cela permettra \u00e0 toute personne qui veut \u0153uvrer dans l\u2019\u00e9conomie circulaire du secteur des DEEE et des VFV de savoir s\u2019orienter, en termes d\u2019obtention d\u2019agr\u00e9ment, de conditions et de conformit\u00e9s de ses installations.<\/span><\/p>\n<p style=\"text-align: justify;\"><span style=\"font-family: verdana, geneva, sans-serif;\">L\u2019atelier a regroup\u00e9 une quarantaine de douaniers, dont plusieurs cadres venus de divers services et r\u00e9gions de la C\u00f4te d\u2019Ivoire. Les modules suivants \u00e9taient au centre de cette formation : introduction \u00e0 la Conventions de B\u00e2le, proc\u00e9dures importation et d\u2019exportation, contribution des douanes \u00e0 la lutte contre les mouvements transfronti\u00e8res des d\u00e9chets dangereux, directives de la Convention de B\u00e2le sur les DEEE et sur les VFV.<\/span><\/p>\n<p style=\"text-align: justify;\"><span style=\"font-family: verdana, geneva, sans-serif;\">Monsieur Parfait KOUADIO , Directeur de Cabinet, repr\u00e9sentant le Ministre de l&#8217;Environnement et du D\u00e9veloppement Durable a pr\u00e9sid\u00e9 l&#8217;ouverture. Madame Bakayoko Alimata Kone et Monsieur Tidiane BOYE respectivement du FEM et de l&#8217;ONUDI ont pris part \u00e0 cette c\u00e9r\u00e9monie.<\/span><\/p>\n<p style=\"text-align: justify;\"><span style=\"font-family: verdana, geneva, sans-serif;\">Les POPs peuvent \u00eatre produits de mani\u00e8re intentionnelle, industriellement (pesticides, produits pour usages industriels) et de mani\u00e8re non intentionnelle (durant la combustion \u00e0 l\u2019air libre ou l\u2019incin\u00e9ration des d\u00e9chets et durant la combustion de la biomasse (feux de for\u00eats, feux domestiques) ; (durant certains processus industriels, comme la production de substances chimiques, de m\u00e9taux, de textiles, de c\u00e9ramique ainsi que la production artisanale de briques).<\/span><\/p>\n<p style=\"text-align: justify;\"><span style=\"font-family: verdana, geneva, sans-serif;\">La persistance et la toxicit\u00e9 des POP repr\u00e9sentent une menace pour la sant\u00e9 et pour l\u2019environnement \u00e0 l\u2019\u00e9chelle plan\u00e9taire. Des mesures sont donc prises afin de les \u00e9liminer au niveau de la C\u00f4te d\u2019Ivoire. D\u2019o\u00f9 l\u2019approbation par le FEM, le 4 octobre 2019, du projet UPOPCI qui signifie \u00ab Gestion rationnelle des polluants organiques persistants (POP) non intentionnels et des diph\u00e9nyles \u00e9thers polybrom\u00e9s (PBDE) pour r\u00e9duire leurs \u00e9missions du secteur des d\u00e9chets industriels \u00bb. Il a pour objectif d\u2019apporter des solutions sp\u00e9cifiques \u00e0 l\u2019\u00e9mission des PBDE et des dioxines et furanes, compos\u00e9s chimiques toxiques issus des mat\u00e9riaux plastiques contenu dans les v\u00e9hicules en fin de vie et le br\u00fblage \u00e0 ciel ouvert des d\u00e9chets \u00e9lectroniques.<\/span><\/p>\n","protected":false},"excerpt":{"rendered":"<p>\u00a0\u00ab Le renforcement des capacit\u00e9s est une excellente occasion d\u2019optimisation des connaissances des agents des Douanes afin que ceux-ci jouent pleinement leur r\u00f4le qui est de prot\u00e9ger la population. Nous [&hellip;]<\/p>\n","protected":false},"author":1,"featured_media":4213,"comment_status":"closed","ping_status":"closed","sticky":false,"template":"","format":"standard","meta":{"_lmt_disableupdate":"no","_lmt_disable":"","pgc_sgb_lightbox_settings":""},"categories":[58],"tags":[],"post_folder":[59],"modified_by":"MINEDD","_links":{"self":[{"href":"https:\/\/did-dev.net\/mineddte\/wp-json\/wp\/v2\/posts\/4212"}],"collection":[{"href":"https:\/\/did-dev.net\/mineddte\/wp-json\/wp\/v2\/posts"}],"about":[{"href":"https:\/\/did-dev.net\/mineddte\/wp-json\/wp\/v2\/types\/post"}],"author":[{"embeddable":true,"href":"https:\/\/did-dev.net\/mineddte\/wp-json\/wp\/v2\/users\/1"}],"replies":[{"embeddable":true,"href":"https:\/\/did-dev.net\/mineddte\/wp-json\/wp\/v2\/comments?post=4212"}],"version-history":[{"count":1,"href":"https:\/\/did-dev.net\/mineddte\/wp-json\/wp\/v2\/posts\/4212\/revisions"}],"predecessor-version":[{"id":4214,"href":"https:\/\/did-dev.net\/mineddte\/wp-json\/wp\/v2\/posts\/4212\/revisions\/4214"}],"wp:featuredmedia":[{"embeddable":true,"href":"https:\/\/did-dev.net\/mineddte\/wp-json\/wp\/v2\/media\/4213"}],"wp:attachment":[{"href":"https:\/\/did-dev.net\/mineddte\/wp-json\/wp\/v2\/media?parent=4212"}],"wp:term":[{"taxonomy":"category","embeddable":true,"href":"https:\/\/did-dev.net\/mineddte\/wp-json\/wp\/v2\/categories?post=4212"},{"taxonomy":"post_tag","embeddable":true,"href":"https:\/\/did-dev.net\/mineddte\/wp-json\/wp\/v2\/tags?post=4212"},{"taxonomy":"post_folder","embeddable":true,"href":"https:\/\/did-dev.net\/mineddte\/wp-json\/wp\/v2\/post_folder?post=4212"}],"curies":[{"name":"wp","href":"https:\/\/api.w.org\/{rel}","templated":true}]}}