{"id":4209,"date":"2022-05-12T16:20:35","date_gmt":"2022-05-12T16:20:35","guid":{"rendered":"https:\/\/did-dev.net\/mineddte\/?p=4209"},"modified":"2022-10-18T16:32:01","modified_gmt":"2022-10-18T16:32:01","slug":"cop-15-le-nouveau-president-alain-richard-donwahi-entend-inscrire-ses-priorites-dans-la-continuite-des-acquis-de-ses-predecesseurs","status":"publish","type":"post","link":"https:\/\/did-dev.net\/mineddte\/cop-15-le-nouveau-president-alain-richard-donwahi-entend-inscrire-ses-priorites-dans-la-continuite-des-acquis-de-ses-predecesseurs\/","title":{"rendered":"COP 15 : LE NOUVEAU PRESIDENT ALAIN-RICHARD DONWAHI ENTEND INSCRIRE SES PRIORITES DANS LA CONTINUITE DES ACQUIS DE SES PREDECESSEURS"},"content":{"rendered":"<p style=\"text-align: justify;\"><span style=\"font-family: verdana, geneva, sans-serif;\"><img decoding=\"async\" loading=\"lazy\" class=\" wp-image-4210 aligncenter\" src=\"https:\/\/did-dev.net\/mineddte\/wp-content\/uploads\/2022\/10\/PR-COP-scaled.jpg\" alt=\"\" width=\"1016\" height=\"398\" srcset=\"https:\/\/did-dev.net\/mineddte\/wp-content\/uploads\/2022\/10\/PR-COP-scaled.jpg 2560w, https:\/\/did-dev.net\/mineddte\/wp-content\/uploads\/2022\/10\/PR-COP-262x103.jpg 262w, https:\/\/did-dev.net\/mineddte\/wp-content\/uploads\/2022\/10\/PR-COP-847x332.jpg 847w, https:\/\/did-dev.net\/mineddte\/wp-content\/uploads\/2022\/10\/PR-COP-100x39.jpg 100w, https:\/\/did-dev.net\/mineddte\/wp-content\/uploads\/2022\/10\/PR-COP-1536x602.jpg 1536w, https:\/\/did-dev.net\/mineddte\/wp-content\/uploads\/2022\/10\/PR-COP-2048x803.jpg 2048w\" sizes=\"(max-width: 1016px) 100vw, 1016px\" \/><\/span><\/p>\n<p style=\"text-align: justify;\"><span style=\"font-family: verdana, geneva, sans-serif;\">Le pr\u00e9sident de la 15e Conf\u00e9rence des parties \u00e0 la Convention des Nations Unies sur la lutte contre la d\u00e9sertification, l&#8217;Ivoirien Alain-Richard Donwahi, entend inscrire ses priorit\u00e9s au cours de ses deux ans de mandat dans la continuit\u00e9 des acquis enregistr\u00e9s par ses pr\u00e9d\u00e9cesseurs dans la lutte contre l&#8217;aridit\u00e9 des sols, la d\u00e9sertification, mais aussi la s\u00e9cheresse. Ce, pour arriver \u00e0 sauver le devenir de l&#8217;homme et de la plan\u00e8te, l&#8217;h\u00e9ritage qui doit \u00eatre l\u00e9gu\u00e9 aux g\u00e9n\u00e9rations futures.<\/span><\/p>\n<p style=\"text-align: justify;\"><span style=\"font-family: verdana, geneva, sans-serif;\">Alain-Richard Donwahi s&#8217;exprimait en exclusivit\u00e9 \u00e0 une conf\u00e9rence de presse tenue dans l&#8217;apr\u00e8s-midi du 11 mai 2022, apr\u00e8s son \u00e9lection comme pr\u00e9sident de la Cop 15 dans la matin\u00e9e, en pr\u00e9sence du Pr\u00e9sident Alassane Ouattara.<\/span><\/p>\n<p style=\"text-align: justify;\"><span style=\"font-family: verdana, geneva, sans-serif;\"><em>&#8220;Mon travail sera dans la continuit\u00e9, dans l&#8217;am\u00e9lioration de ce qui a \u00e9t\u00e9 d\u00e9j\u00e0 fait dans l&#8217;atteinte des objectifs. Et surtout de faire en sorte que les programmes soient des r\u00e9sultats concrets sur le terrain pour les populations. Nous allons travailler pendant nos deux ans de mandat \u00e0 l&#8217;objectif de reconqu\u00e9rir cette plan\u00e8te. C&#8217;est une grande aventure, une aventure exaltante et s\u00e9rieuse. Elle sera peut-\u00eatre difficile, mais je crois qu&#8217;avec la volont\u00e9 de toutes les parties, nous allons y arriver ensemble&#8221;<\/em>, a d\u00e9clar\u00e9 Alain-Richard Donwahi.<\/span><\/p>\n<p style=\"text-align: justify;\"><span style=\"font-family: verdana, geneva, sans-serif;\">Pour Alain-Richard Donwahi qui a \u00e9t\u00e9 ministre des Eaux et For\u00eats, la Cop 15 n&#8217;est pas une inconnue puisqu&#8217;il s&#8217;agit de d\u00e9sertification, de lutte contre le sol. &#8221;C&#8217;est ce que j&#8217;ai fait pendant quelques ann\u00e9es et ceci constitue pour moi une continuit\u00e9&#8221;, a-t-il rassur\u00e9.<\/span><\/p>\n<p style=\"text-align: justify;\"><span style=\"font-family: verdana, geneva, sans-serif;\">Alain-Richard Donwahi souhaite d\u00e9velopper d&#8217;autres initiatives et aussi s&#8217;appuyer sur L&#8217;initiative d&#8217;Abidjan, un programme \u00e9labor\u00e9 par la C\u00f4te d&#8217;Ivoire pour la C\u00f4te d&#8217;Ivoire, mais aussi pour le reste du monde. Un h\u00e9ritage qui devrait permettre de freiner la d\u00e9sertification, permettre la reforestation, une meilleure r\u00e9mun\u00e9ration de nos paysans, une meilleure int\u00e9gration du genre, une autonomisation des femmes et des jeunes et surtout de permettre \u00e0 la C\u00f4te d&#8217;Ivoire d&#8217;avoir une agriculture qui ne d\u00e9truise pas les sols, une agriculture qui rapporte de l&#8217;argent.<\/span><\/p>\n<p style=\"text-align: justify;\"><span style=\"font-family: verdana, geneva, sans-serif;\">En plus de saluer la Muraille verte en Afrique, il entend aussi faire construire d&#8217;autres murailles autour de la plan\u00e8te. Il compte aussi sur le dialogue avec le secteur priv\u00e9 dont le financement permettra, par exemple, de renforcer les capacit\u00e9s des Etats dans la bataille pour la restauration des terres et la lutte contre la s\u00e9cheresse.<\/span><\/p>\n<p style=\"text-align: justify;\"><span style=\"font-family: verdana, geneva, sans-serif;\">Parlant de d\u00e9fis, il a relev\u00e9 que son \u00e9quipe travaillera \u00e0 trouver des solutions aux probl\u00e9matiques de la s\u00e9cheresse, la reforestation, des cha\u00eenes de valeur, l&#8217;eau, du climat, des sols, etc.<\/span><\/p>\n<p style=\"text-align: justify;\"><span style=\"font-family: verdana, geneva, sans-serif;\">Et pour r\u00e9ussir \u00e0 relever ces d\u00e9fis, il a appel\u00e9 \u00e0 la mobilisation des financements pour la r\u00e9alisation des programmes \u00e9labor\u00e9s pour restaurer les terres et freiner la s\u00e9cheresse. Il a \u00e9galement lanc\u00e9 un appel \u00e0 la presse en vue de son accompagnement pour donner de la visibilit\u00e9 \u00e0 ses actions et remonter les pr\u00e9occupations.<\/span><\/p>\n<p style=\"text-align: justify;\"><span style=\"font-family: verdana, geneva, sans-serif;\">L&#8217;\u00e9lection de Alain-Richard Donwahi \u00e0 la pr\u00e9sidence de la Cop 15 pour deux ans est une fiert\u00e9 pour la C\u00f4te d&#8217;Ivoire, \u00e9galement pays h\u00f4te de cet \u00e9v\u00e9nement mondial auquel participent 197 \u00c9tats parties, une expression du repositionnement du pays sur l&#8217;\u00e9chiquier international.<\/span><\/p>\n","protected":false},"excerpt":{"rendered":"<p>Le pr\u00e9sident de la 15e Conf\u00e9rence des parties \u00e0 la Convention des Nations Unies sur la lutte contre la d\u00e9sertification, l&#8217;Ivoirien Alain-Richard Donwahi, entend inscrire ses priorit\u00e9s au cours de [&hellip;]<\/p>\n","protected":false},"author":1,"featured_media":4210,"comment_status":"closed","ping_status":"closed","sticky":false,"template":"","format":"standard","meta":{"_lmt_disableupdate":"no","_lmt_disable":"","pgc_sgb_lightbox_settings":""},"categories":[58],"tags":[],"post_folder":[59],"modified_by":"MINEDD","_links":{"self":[{"href":"https:\/\/did-dev.net\/mineddte\/wp-json\/wp\/v2\/posts\/4209"}],"collection":[{"href":"https:\/\/did-dev.net\/mineddte\/wp-json\/wp\/v2\/posts"}],"about":[{"href":"https:\/\/did-dev.net\/mineddte\/wp-json\/wp\/v2\/types\/post"}],"author":[{"embeddable":true,"href":"https:\/\/did-dev.net\/mineddte\/wp-json\/wp\/v2\/users\/1"}],"replies":[{"embeddable":true,"href":"https:\/\/did-dev.net\/mineddte\/wp-json\/wp\/v2\/comments?post=4209"}],"version-history":[{"count":1,"href":"https:\/\/did-dev.net\/mineddte\/wp-json\/wp\/v2\/posts\/4209\/revisions"}],"predecessor-version":[{"id":4211,"href":"https:\/\/did-dev.net\/mineddte\/wp-json\/wp\/v2\/posts\/4209\/revisions\/4211"}],"wp:featuredmedia":[{"embeddable":true,"href":"https:\/\/did-dev.net\/mineddte\/wp-json\/wp\/v2\/media\/4210"}],"wp:attachment":[{"href":"https:\/\/did-dev.net\/mineddte\/wp-json\/wp\/v2\/media?parent=4209"}],"wp:term":[{"taxonomy":"category","embeddable":true,"href":"https:\/\/did-dev.net\/mineddte\/wp-json\/wp\/v2\/categories?post=4209"},{"taxonomy":"post_tag","embeddable":true,"href":"https:\/\/did-dev.net\/mineddte\/wp-json\/wp\/v2\/tags?post=4209"},{"taxonomy":"post_folder","embeddable":true,"href":"https:\/\/did-dev.net\/mineddte\/wp-json\/wp\/v2\/post_folder?post=4209"}],"curies":[{"name":"wp","href":"https:\/\/api.w.org\/{rel}","templated":true}]}}