{"id":4206,"date":"2022-05-13T15:55:33","date_gmt":"2022-05-13T15:55:33","guid":{"rendered":"https:\/\/did-dev.net\/mineddte\/?p=4206"},"modified":"2022-10-18T16:07:36","modified_gmt":"2022-10-18T16:07:36","slug":"cop-15-la-cedeao-presente-les-resultats-de-sa-lutte-contre-la-desertification-dans-la-sous-region","status":"publish","type":"post","link":"https:\/\/did-dev.net\/mineddte\/cop-15-la-cedeao-presente-les-resultats-de-sa-lutte-contre-la-desertification-dans-la-sous-region\/","title":{"rendered":"COP 15 : LA CEDEAO PRESENTE LES RESULTATS DE SA LUTTE CONTRE LA DESERTIFICATION DANS LA SOUS-REGION"},"content":{"rendered":"<p><img decoding=\"async\" loading=\"lazy\" class=\"size-full wp-image-4207 aligncenter\" src=\"https:\/\/did-dev.net\/mineddte\/wp-content\/uploads\/2022\/10\/CEDEAO-scaled.jpg\" alt=\"\" width=\"2560\" height=\"1003\" srcset=\"https:\/\/did-dev.net\/mineddte\/wp-content\/uploads\/2022\/10\/CEDEAO-scaled.jpg 2560w, https:\/\/did-dev.net\/mineddte\/wp-content\/uploads\/2022\/10\/CEDEAO-262x103.jpg 262w, https:\/\/did-dev.net\/mineddte\/wp-content\/uploads\/2022\/10\/CEDEAO-847x332.jpg 847w, https:\/\/did-dev.net\/mineddte\/wp-content\/uploads\/2022\/10\/CEDEAO-100x39.jpg 100w, https:\/\/did-dev.net\/mineddte\/wp-content\/uploads\/2022\/10\/CEDEAO-1536x602.jpg 1536w, https:\/\/did-dev.net\/mineddte\/wp-content\/uploads\/2022\/10\/CEDEAO-2048x803.jpg 2048w\" sizes=\"(max-width: 2560px) 100vw, 2560px\" \/><\/p>\n<p style=\"text-align: justify;\"><span style=\"font-family: verdana, geneva, sans-serif;\">En d\u00e9pit des nombreux d\u00e9fis qui demeurent, du travail a \u00e9t\u00e9 fait conjointement par les 15 \u00c9tats de la Commission de la Communaut\u00e9 \u00e9conomique des \u00c9tats de l&#8217;Afrique de l&#8217;Ouest (CEDEAO) dans la lutte contre la d\u00e9sertification et les r\u00e9sultats sont l\u00e0.<\/span><\/p>\n<p style=\"text-align: justify;\"><span style=\"font-family: verdana, geneva, sans-serif;\">Cette information a \u00e9t\u00e9 donn\u00e9e, le jeudi 12 mai 2022 \u00e0 Abidjan, par le commissaire en charge de l&#8217;Agriculture, de l&#8217;environnement et des Ressources en Eau \u00e0 la CEDEAO, S\u00e9kou Sangar\u00e9, au cours d&#8217;une conf\u00e9rence de presse dans le cadre de la Cop 15.<\/span><\/p>\n<p style=\"text-align: justify;\"><span style=\"font-family: verdana, geneva, sans-serif;\">Selon S\u00e9kou Sangar\u00e9, depuis le d\u00e9but des ann\u00e9es 70, des programmes sous continentaux et continentaux d\u00e9cid\u00e9s par le Sommet des Chefs d&#8217;\u00c9tat ont \u00e9t\u00e9 mis en \u0153uvre.<\/span><\/p>\n<p style=\"text-align: justify;\"><span style=\"font-family: verdana, geneva, sans-serif;\">Il s&#8217;agit, notamment, du Programme r\u00e9gional d&#8217;am\u00e9nagement int\u00e9gr\u00e9 du massif de Fouta Djalon, en Guin\u00e9e (consid\u00e9r\u00e9 comme le ch\u00e2teau d&#8217;eau de l&#8217;Afrique de l&#8217;Ouest du fait que la plupart des grands fleuves ouest-africains y prennent leur source et qui est fortement menac\u00e9 par la d\u00e9gradation) depuis 1978 au sommet de l&#8217;Union africaine.<\/span><\/p>\n<p style=\"text-align: justify;\"><span style=\"font-family: verdana, geneva, sans-serif;\">D&#8217;autres r\u00e9sultats sont l\u00e0. Notamment, la cr\u00e9ation de la Grande Muraille verte (qui part du S\u00e9n\u00e9gal jusqu&#8217;\u00e0 Djibouti et dont l&#8217;objectif est de r\u00e9cup\u00e9rer 100 millions d&#8217;hectares de terres impact\u00e9es par la s\u00e9cheresse et la d\u00e9sertification) qui se d\u00e9veloppe avec des r\u00e9sultats extr\u00eamement importants. De m\u00eame que le travail fait par le Comit\u00e9 inter-\u00c9tats de Lutte contre la S\u00e9cheresse dans le Sahel (CILSS) que les gouvernements ont d\u00e9cid\u00e9 de mettre en place apr\u00e8s la grande s\u00e9cheresse des ann\u00e9es 73 avec pour objectif cl\u00e9 de d\u00e9finir et de mettre au point des technologies qui permettront d&#8217;assister les producteurs, les \u00e9leveurs, les acteurs ruraux dans l&#8217;att\u00e9nuation de l&#8217;impact de la s\u00e9cheresse.<\/span><\/p>\n<p style=\"text-align: justify;\"><span style=\"font-family: verdana, geneva, sans-serif;\">Le commissaire de la CEDEAO qui a salu\u00e9 L&#8217;initiative d&#8217;Abidjan propos\u00e9 par le Pr\u00e9sident Alassane Ouattara, a souhait\u00e9 que la Cop15 serve de tournant d\u00e9cisif \u00e0 la mobilisation de tous les pays, de tous les acteurs mondiaux pour qu&#8217;aussi bien au niveau mondial qu&#8217;africain, et surtout dans notre r\u00e9gion ouest-africaine, &#8220;nous puissions travailler la main dans la main pour acc\u00e9l\u00e9rer le travail de la lutte contre la d\u00e9sertification et renforcer les actions d&#8217;adaptation et d&#8217;att\u00e9nuation des effets du changement climatique&#8221;.<\/span><\/p>\n<p style=\"text-align: justify;\"><span style=\"font-family: verdana, geneva, sans-serif;\">Il a rappel\u00e9 que la d\u00e9sertification est une pr\u00e9occupation majeure de notre r\u00e9gion et du monde parce que cette d\u00e9sertification d\u00e9truit la vie, d\u00e9truit la fertilit\u00e9 du sol.<\/span><\/p>\n<p style=\"text-align: justify;\"><span style=\"font-family: verdana, geneva, sans-serif;\"><em>&#8221;La dur\u00e9e de la saison pluvieuse tend \u00e0 \u00eatre toujours r\u00e9duite, la quantit\u00e9 de pluie tomb\u00e9e suivant les ann\u00e9es ne cesse de diminuer, les vents violents, les catastrophes naturelles, les inondations, les s\u00e9cheresses avec des impacts importants sur la baisse de la productivit\u00e9 et de rendement des cultures dans les champs sont visibles. C&#8217;est une pr\u00e9occupation majeure parce que la vie de l&#8217;homme, n&#8217;est possible que si nous gardons l&#8217;harmonie entre l&#8217;\u00eatre humain et les ressources naturelles (arbres, sols et eau, etc.) de fa\u00e7on g\u00e9n\u00e9rale. Et cette pr\u00e9occupation est mondiale aussi&#8221;<\/em>, a-t-il d\u00e9plor\u00e9.<\/span><\/p>\n<p style=\"text-align: justify;\"><span style=\"font-family: verdana, geneva, sans-serif;\">Certes, le processus de d\u00e9sertification est beaucoup plus visible et beaucoup plus pr\u00e9occupant au Sahel (au Niger, au Burkina Faso, au Nord du Nig\u00e9ria, au Mali, au Nord du S\u00e9n\u00e9gal, au Cap Vert), a reconnu S\u00e9kou Sangar\u00e9. Mais, il est \u00e9galement ressenti dans les autres pays car <em>&#8221;il n&#8217;y a aucun pays de notre espace ouest-africain qui soit \u00e9pargn\u00e9 par ce processus de d\u00e9sertification avec son lot de vagues de chaleur et les variations climatiques qui sont devenues extr\u00eames partout dans nos pays&#8221;.<\/em><\/span><\/p>\n<p style=\"text-align: justify;\"><span style=\"font-family: verdana, geneva, sans-serif;\">Pour relever le d\u00e9fi le plus important, notamment l&#8217;inversion de la tendance \u00e0 la d\u00e9gradation des ressources naturelles et \u00e0 la d\u00e9sertification, S\u00e9kou Sangar\u00e9 en a appel\u00e9 \u00e0 l&#8217;accroissement des financements, mais \u00e9galement \u00e0 des financements innovants, pour lancer un processus de reboisement continu et soutenu, lutter contre les feux de brousse et entreprendre d&#8217;autres actions locales et r\u00e9gionales de lutte contre la d\u00e9sertification.<\/span><\/p>\n<p style=\"text-align: justify;\"><span style=\"font-family: verdana, geneva, sans-serif;\">Il a aussi encourag\u00e9 la coop\u00e9ration r\u00e9gionale pour faire b\u00e9n\u00e9ficier des fruits de recherches de nouvelles productions culturales respectueuses de l&#8217;environnement (nouvelles vari\u00e9t\u00e9s de riz (Nerica), de cacao (Mercedes), de manioc, de ma\u00efs, de mil, de sorgho, etc.), l&#8217;action citoyenne, la responsabilit\u00e9 sociale des entreprises, la responsabilisation des collectivit\u00e9s d\u00e9centralis\u00e9es, la forte implication de la soci\u00e9t\u00e9 civile et de la presse.<\/span><\/p>\n<p style=\"text-align: justify;\"><span style=\"font-family: verdana, geneva, sans-serif;\">Il a aussi recommand\u00e9 que les banques sous-r\u00e9gionales comme la BIDC, la BOAD, financent de plus en plus des projets environnementaux et que des pr\u00e9l\u00e8vements soient faits au niveau des entreprises qui exploitent les ressources naturelles de sorte que ces fonds soient r\u00e9investis dans la restauration de l&#8217;environnement.<\/span><\/p>\n","protected":false},"excerpt":{"rendered":"<p>En d\u00e9pit des nombreux d\u00e9fis qui demeurent, du travail a \u00e9t\u00e9 fait conjointement par les 15 \u00c9tats de la Commission de la Communaut\u00e9 \u00e9conomique des \u00c9tats de l&#8217;Afrique de l&#8217;Ouest [&hellip;]<\/p>\n","protected":false},"author":1,"featured_media":4207,"comment_status":"closed","ping_status":"closed","sticky":false,"template":"","format":"standard","meta":{"_lmt_disableupdate":"no","_lmt_disable":"","pgc_sgb_lightbox_settings":""},"categories":[58],"tags":[],"post_folder":[59],"modified_by":"MINEDD","_links":{"self":[{"href":"https:\/\/did-dev.net\/mineddte\/wp-json\/wp\/v2\/posts\/4206"}],"collection":[{"href":"https:\/\/did-dev.net\/mineddte\/wp-json\/wp\/v2\/posts"}],"about":[{"href":"https:\/\/did-dev.net\/mineddte\/wp-json\/wp\/v2\/types\/post"}],"author":[{"embeddable":true,"href":"https:\/\/did-dev.net\/mineddte\/wp-json\/wp\/v2\/users\/1"}],"replies":[{"embeddable":true,"href":"https:\/\/did-dev.net\/mineddte\/wp-json\/wp\/v2\/comments?post=4206"}],"version-history":[{"count":1,"href":"https:\/\/did-dev.net\/mineddte\/wp-json\/wp\/v2\/posts\/4206\/revisions"}],"predecessor-version":[{"id":4208,"href":"https:\/\/did-dev.net\/mineddte\/wp-json\/wp\/v2\/posts\/4206\/revisions\/4208"}],"wp:featuredmedia":[{"embeddable":true,"href":"https:\/\/did-dev.net\/mineddte\/wp-json\/wp\/v2\/media\/4207"}],"wp:attachment":[{"href":"https:\/\/did-dev.net\/mineddte\/wp-json\/wp\/v2\/media?parent=4206"}],"wp:term":[{"taxonomy":"category","embeddable":true,"href":"https:\/\/did-dev.net\/mineddte\/wp-json\/wp\/v2\/categories?post=4206"},{"taxonomy":"post_tag","embeddable":true,"href":"https:\/\/did-dev.net\/mineddte\/wp-json\/wp\/v2\/tags?post=4206"},{"taxonomy":"post_folder","embeddable":true,"href":"https:\/\/did-dev.net\/mineddte\/wp-json\/wp\/v2\/post_folder?post=4206"}],"curies":[{"name":"wp","href":"https:\/\/api.w.org\/{rel}","templated":true}]}}