{"id":4199,"date":"2022-05-19T15:19:06","date_gmt":"2022-05-19T15:19:06","guid":{"rendered":"https:\/\/did-dev.net\/mineddte\/?p=4199"},"modified":"2022-10-18T15:26:30","modified_gmt":"2022-10-18T15:26:30","slug":"cop-15-le-conseil-du-coton-et-de-lanacarde-cca-en-avance-dans-lagroforesterie-selon-le-dg-du-cca-adama-coulibaly","status":"publish","type":"post","link":"https:\/\/did-dev.net\/mineddte\/cop-15-le-conseil-du-coton-et-de-lanacarde-cca-en-avance-dans-lagroforesterie-selon-le-dg-du-cca-adama-coulibaly\/","title":{"rendered":"COP 15 : LE CONSEIL DU COTON ET DE L&#8217;ANACARDE (CCA) EN AVANCE DANS L\u2019AGROFORESTERIE, SELON LE DG DU CCA, ADAMA COULIBALY"},"content":{"rendered":"<p><img decoding=\"async\" loading=\"lazy\" class=\"alignnone size-full wp-image-4200\" src=\"https:\/\/did-dev.net\/mineddte\/wp-content\/uploads\/2022\/10\/CCA-scaled.jpg\" alt=\"\" width=\"2560\" height=\"1003\" srcset=\"https:\/\/did-dev.net\/mineddte\/wp-content\/uploads\/2022\/10\/CCA-scaled.jpg 2560w, https:\/\/did-dev.net\/mineddte\/wp-content\/uploads\/2022\/10\/CCA-262x103.jpg 262w, https:\/\/did-dev.net\/mineddte\/wp-content\/uploads\/2022\/10\/CCA-847x332.jpg 847w, https:\/\/did-dev.net\/mineddte\/wp-content\/uploads\/2022\/10\/CCA-100x39.jpg 100w, https:\/\/did-dev.net\/mineddte\/wp-content\/uploads\/2022\/10\/CCA-1536x602.jpg 1536w, https:\/\/did-dev.net\/mineddte\/wp-content\/uploads\/2022\/10\/CCA-2048x803.jpg 2048w\" sizes=\"(max-width: 2560px) 100vw, 2560px\" \/><\/p>\n<p style=\"text-align: justify;\"><span style=\"font-family: verdana, geneva, sans-serif;\">Le directeur g\u00e9n\u00e9ral du Conseil du Coton et de l&#8217;Anacarde (CCA), Adama Coulibaly, a dit, le mercredi 18 mai 2022 \u00e0 Abidjan, que la fili\u00e8re qu&#8217;il dirige est en avance dans l&#8217;agroforesterie. Le Conseil a commenc\u00e9 \u00e0 fournir aux producteurs 100 hectares d&#8217;arbres forestiers qui seront plant\u00e9s sur les parcelles \u00e9lagu\u00e9es afin de restaurer la for\u00eat d\u00e9truite et prot\u00e9ger le sol.<\/span><\/p>\n<p style=\"text-align: justify;\"><span style=\"font-family: verdana, geneva, sans-serif;\">Il s&#8217;exprimait au cours d&#8217;une conf\u00e9rence de presse dans le cadre de la Cop 15.<\/span><\/p>\n<p style=\"text-align: justify;\"><span style=\"font-family: verdana, geneva, sans-serif;\">&#8221;Le Conseil du Coton et de l&#8217;Anacarde (CCA) est engag\u00e9 dans l&#8217;agroforesterie. Sur chaque parcelle \u00e9lagu\u00e9e d&#8217;anacardier ou de coton, nous plantons \u00e0 la demande du producteur, des arbres forestiers. Les essences concern\u00e9es sont l&#8217;acacia, le teck, etc. Cette ann\u00e9e, nos parents producteurs attendent 100 hectares d&#8217;arbres forestiers que nous avons commenc\u00e9 \u00e0 livrer&#8221;, a annonc\u00e9 Adama Coulibaly.<\/span><\/p>\n<p style=\"text-align: justify;\"><span style=\"font-family: verdana, geneva, sans-serif;\">Le directeur g\u00e9n\u00e9ral du CCA a aussi soulign\u00e9 que sa structure travaille \u00e0 l&#8217;att\u00e9nuation des effets des changements climatiques sur les producteurs de coton et d&#8217;anacarde.<\/span><\/p>\n<p style=\"text-align: justify;\"><span style=\"font-family: verdana, geneva, sans-serif;\">Il a \u00e9voqu\u00e9 l&#8217;existence d&#8217;un laboratoire d&#8217;analyses des sols qui permet de conna\u00eetre la qualit\u00e9 des sols et de dresser la cartographie. Il a aussi \u00e9voqu\u00e9 l&#8217;existence d&#8217;une soixantaine de stations m\u00e9t\u00e9o dans l&#8217;ensemble des zones de production afin de ma\u00eetriser la pluviom\u00e9trie et \u00e9tablir le calendrier agricole.<\/span><\/p>\n<p style=\"text-align: justify;\"><span style=\"font-family: verdana, geneva, sans-serif;\">Le CCA encourage \u00e9galement l&#8217;utilisation intelligente des engrais pour ne pas d\u00e9grader davantage les sols et aussi de la fumure organique qui permet de r\u00e9g\u00e9n\u00e9rer les sols, a fait savoir Adama Coulibaly.<\/span><\/p>\n<p style=\"text-align: justify;\"><span style=\"font-family: verdana, geneva, sans-serif;\">En termes de bilan pour la campagne 2020-2021, la fili\u00e8re coton a enregistr\u00e9 environ 500 000 tonnes faisant de la C\u00f4te d&#8217;Ivoire, le deuxi\u00e8me pays producteur pour les pays subsahariens et la C\u00f4te d&#8217;Ivoire reste dans le top 5 africain des meilleurs producteurs.<\/span><\/p>\n<p style=\"text-align: justify;\"><span style=\"font-family: verdana, geneva, sans-serif;\">Pour l&#8217;anacarde, un arbre tr\u00e8s \u00e9cologique selon le DG Adama Coulibaly, le pays a atteint environ le million de tonnes en 2021 (exactement 966 000 tonnes de noix de cajou commercialis\u00e9es). La C\u00f4te d&#8217;Ivoire en est actuellement le premier producteur mondial.<\/span><\/p>\n","protected":false},"excerpt":{"rendered":"<p>Le directeur g\u00e9n\u00e9ral du Conseil du Coton et de l&#8217;Anacarde (CCA), Adama Coulibaly, a dit, le mercredi 18 mai 2022 \u00e0 Abidjan, que la fili\u00e8re qu&#8217;il dirige est en avance [&hellip;]<\/p>\n","protected":false},"author":1,"featured_media":4200,"comment_status":"closed","ping_status":"closed","sticky":false,"template":"","format":"standard","meta":{"_lmt_disableupdate":"no","_lmt_disable":"","pgc_sgb_lightbox_settings":""},"categories":[58],"tags":[],"post_folder":[59],"modified_by":"MINEDD","_links":{"self":[{"href":"https:\/\/did-dev.net\/mineddte\/wp-json\/wp\/v2\/posts\/4199"}],"collection":[{"href":"https:\/\/did-dev.net\/mineddte\/wp-json\/wp\/v2\/posts"}],"about":[{"href":"https:\/\/did-dev.net\/mineddte\/wp-json\/wp\/v2\/types\/post"}],"author":[{"embeddable":true,"href":"https:\/\/did-dev.net\/mineddte\/wp-json\/wp\/v2\/users\/1"}],"replies":[{"embeddable":true,"href":"https:\/\/did-dev.net\/mineddte\/wp-json\/wp\/v2\/comments?post=4199"}],"version-history":[{"count":1,"href":"https:\/\/did-dev.net\/mineddte\/wp-json\/wp\/v2\/posts\/4199\/revisions"}],"predecessor-version":[{"id":4201,"href":"https:\/\/did-dev.net\/mineddte\/wp-json\/wp\/v2\/posts\/4199\/revisions\/4201"}],"wp:featuredmedia":[{"embeddable":true,"href":"https:\/\/did-dev.net\/mineddte\/wp-json\/wp\/v2\/media\/4200"}],"wp:attachment":[{"href":"https:\/\/did-dev.net\/mineddte\/wp-json\/wp\/v2\/media?parent=4199"}],"wp:term":[{"taxonomy":"category","embeddable":true,"href":"https:\/\/did-dev.net\/mineddte\/wp-json\/wp\/v2\/categories?post=4199"},{"taxonomy":"post_tag","embeddable":true,"href":"https:\/\/did-dev.net\/mineddte\/wp-json\/wp\/v2\/tags?post=4199"},{"taxonomy":"post_folder","embeddable":true,"href":"https:\/\/did-dev.net\/mineddte\/wp-json\/wp\/v2\/post_folder?post=4199"}],"curies":[{"name":"wp","href":"https:\/\/api.w.org\/{rel}","templated":true}]}}