{"id":4198,"date":"2022-05-18T15:38:47","date_gmt":"2022-05-18T15:38:47","guid":{"rendered":"https:\/\/did-dev.net\/mineddte\/?p=4198"},"modified":"2022-10-18T15:46:12","modified_gmt":"2022-10-18T15:46:12","slug":"%f0%9d%90%82%f0%9d%90%8e%f0%9d%90%8f-%f0%9d%9f%8f%f0%9d%9f%93-%f0%9d%90%a5%f0%9d%90%9e-%f0%9d%90%8f%f0%9d%90%82%f0%9d%90%8e-%f0%9d%90%80%f0%9d%90%9b%f0%9d%90%a8%f0%9d%90%ae-%f0%9d%90%81%f0%9d%90%9a","status":"publish","type":"post","link":"https:\/\/did-dev.net\/mineddte\/%f0%9d%90%82%f0%9d%90%8e%f0%9d%90%8f-%f0%9d%9f%8f%f0%9d%9f%93-%f0%9d%90%a5%f0%9d%90%9e-%f0%9d%90%8f%f0%9d%90%82%f0%9d%90%8e-%f0%9d%90%80%f0%9d%90%9b%f0%9d%90%a8%f0%9d%90%ae-%f0%9d%90%81%f0%9d%90%9a\/","title":{"rendered":"\ud835\udc02\ud835\udc0e\ud835\udc0f \ud835\udfcf\ud835\udfd3 : \ud835\udc25\ud835\udc1e \ud835\udc0f\ud835\udc02\ud835\udc0e \ud835\udc00\ud835\udc1b\ud835\udc28\ud835\udc2e \ud835\udc01\ud835\udc1a\ud835\udc26\ud835\udc1b\ud835\udc1a \ud835\udc2c\ud835\udc1a\ud835\udc2d\ud835\udc22\ud835\udc2c\ud835\udc1f\ud835\udc1a\ud835\udc22\ud835\udc2d \ud835\udc1d\ud835\udc1e \ud835\udc25&#8217;\ud835\udc28\ud835\udc2b\ud835\udc20\ud835\udc1a\ud835\udc27\ud835\udc22\ud835\udc2c\ud835\udc1a\ud835\udc2d\ud835\udc22\ud835\udc28\ud835\udc27 \ud835\udc1a\u0300 \ud835\udc26\ud835\udc22-\ud835\udc29\ud835\udc1a\ud835\udc2b\ud835\udc1c\ud835\udc28\ud835\udc2e\ud835\udc2b\ud835\udc2c \ud835\udc1d\ud835\udc1e \ud835\udc25&#8217;\ud835\udc1e\u0301\ud835\udc2f\ud835\udc1e\u0301\ud835\udc27\ud835\udc1e\ud835\udc26\ud835\udc1e\ud835\udc27\ud835\udc2d \ud835\udc1e\ud835\udc27 \ud835\udc02\ud835\udc28\u0302\ud835\udc2d\ud835\udc1e \ud835\udc1d&#8217;\ud835\udc08\ud835\udc2f\ud835\udc28\ud835\udc22\ud835\udc2b\ud835\udc1e"},"content":{"rendered":"<div class=\"x11i5rnm xat24cr x1mh8g0r x1vvkbs xtlvy1s x126k92a\">\n<div dir=\"auto\">\u00a0<\/div>\n<p dir=\"auto\" style=\"text-align: justify;\"><span style=\"font-family: verdana, geneva, sans-serif;\"><img decoding=\"async\" loading=\"lazy\" class=\"size-full wp-image-4204 aligncenter\" src=\"https:\/\/did-dev.net\/mineddte\/wp-content\/uploads\/2022\/10\/PCO-scaled.jpg\" alt=\"\" width=\"2560\" height=\"1003\" srcset=\"https:\/\/did-dev.net\/mineddte\/wp-content\/uploads\/2022\/10\/PCO-scaled.jpg 2560w, https:\/\/did-dev.net\/mineddte\/wp-content\/uploads\/2022\/10\/PCO-262x103.jpg 262w, https:\/\/did-dev.net\/mineddte\/wp-content\/uploads\/2022\/10\/PCO-847x332.jpg 847w, https:\/\/did-dev.net\/mineddte\/wp-content\/uploads\/2022\/10\/PCO-100x39.jpg 100w, https:\/\/did-dev.net\/mineddte\/wp-content\/uploads\/2022\/10\/PCO-1536x602.jpg 1536w, https:\/\/did-dev.net\/mineddte\/wp-content\/uploads\/2022\/10\/PCO-2048x803.jpg 2048w\" sizes=\"(max-width: 2560px) 100vw, 2560px\" \/><\/span><\/p>\n<p dir=\"auto\" style=\"text-align: justify;\"><span style=\"font-family: verdana, geneva, sans-serif;\">Au cours d&#8217;un point presse qu&#8217;il a anim\u00e9, ce mardi 17 mai 2022 au Sofitel H\u00f4tel Ivoire \u00e0 Abidjan, le pr\u00e9sident du comit\u00e9 d&#8217;organisation de la 15\u00e8me Conf\u00e9rence des Parties sur la d\u00e9sertification et la s\u00e9cheresse (<a class=\"x1i10hfl xjbqb8w x6umtig x1b1mbwd xaqea5y xav7gou x9f619 x1ypdohk xt0psk2 xe8uvvx xdj266r x11i5rnm xat24cr x1mh8g0r xexx8yu x4uap5 x18d9i69 xkhd6sd x16tdsg8 x1hl2dhg xggy1nq x1a2a7pz xt0b8zv x1qq9wsj xo1l8bm\" tabindex=\"0\" role=\"link\" href=\"https:\/\/www.facebook.com\/hashtag\/cop15?__eep__=6&amp;__cft__[0]=AZVBA9PuNZOxbk6jgBDUTFbOknXo1xtVQBEuwqj6hAoMU8tgHVytAUiwcmh5nb4oOHnOj8Yx7CnJfrNOOnaHYh2TK8Btd18cZds6EcN7tX0hiG2w2rcOb9acxPYSmE-cYh64huptG_FAXBP-pioyMurtBEzZaCAnb7Twnr0GdW4b3asl7JJplPb5zO3927a6ZSg&amp;__tn__=*NK-R\">#COP15<\/a>), Abou Bamba, a dit \u00eatre satisfait de la bonne organisation \u00e0 mi-parcours de l&#8217;\u00e9v\u00e9nement en C\u00f4te d&#8217;Ivoire.<\/span><\/p>\n<\/div>\n<div dir=\"auto\"><span style=\"font-family: verdana, geneva, sans-serif;\">&#8220;En tant que PCO de la COP 15, je me r\u00e9jouis de la fa\u00e7on dont se d\u00e9roulent les choses. On ne peut que prier que cela continue ainsi jusqu&#8217;au vendredi, date de fin de l&#8217;\u00e9v\u00e9nement, et m\u00eame au-del\u00e0&#8221;, a d\u00e9clar\u00e9 Abou Bamba, pr\u00e9cisant que jusque-l\u00e0, aucun incident majeur n&#8217;a \u00e9t\u00e9 enregistr\u00e9.<\/span><\/div>\n<div dir=\"auto\"><span style=\"font-family: verdana, geneva, sans-serif;\">Selon lui, cette bonne organisation est le fruit d&#8217;un travail d&#8217;\u00e9quipe, de coh\u00e9sion de tous les acteurs, depuis le Pr\u00e9sident de la R\u00e9publique, le Premier Ministre et m\u00eame des ONGs, des Forces de d\u00e9fense et de S\u00e9curit\u00e9. Non sans remercier les diff\u00e9rents pays qui ont assist\u00e9 la C\u00f4te d&#8217;Ivoire dans l&#8217;organisation de cette COP, entre autres la France, l&#8217;Arabie Saoudite, la Grande Bretagne, et les organisations telles que le Pnud, la Banque mondiale, la Bad, la Fao, etc.<\/span><\/div>\n<div dir=\"auto\"><span style=\"font-family: verdana, geneva, sans-serif;\">\u00c0 en croire le pr\u00e9sident du Comit\u00e9 d&#8217;organisation de la COP15, les participants sont \u00e9merveill\u00e9s par tout ce qu&#8217;ils d\u00e9couvrent en C\u00f4te d&#8217;Ivoire. &#8220;Certains d&#8217;entre eux ont visit\u00e9 la capitale Yamoussoukro avec ses sites touristiques, d&#8217;autres ont d\u00e9couvert le magnifique \u00e9cosyst\u00e8me lagunaire dont nous disposons, un \u00e9cosyst\u00e8me unique au monde&#8221;, s&#8217;est-il rejoui.<\/span><\/div>\n<div dir=\"auto\"><span style=\"font-family: verdana, geneva, sans-serif;\">Au niveau gastronomique, a expliqu\u00e9 Abou Bamba, il a \u00e9t\u00e9 demand\u00e9 aux prestataires de faire d\u00e9couvrir aux participants les meilleures vari\u00e9t\u00e9s culinaires du pays. &#8220;On a travaill\u00e9, avec le minist\u00e8re du Tourisme, de sorte que les gens se plaisent en C\u00f4te d&#8217;Ivoire, gardent un bon souvenir du pays et y reviennent apr\u00e8s la COP&#8221;, a soulign\u00e9 Abou Bamba.<\/span><\/div>\n<div class=\"x11i5rnm xat24cr x1mh8g0r x1vvkbs xtlvy1s x126k92a\">\n<p dir=\"auto\" style=\"text-align: justify;\"><span style=\"font-family: verdana, geneva, sans-serif;\">Il a fait savoir qu&#8217;\u00e0 la cl\u00f4ture, le Comit\u00e9 d&#8217;organisation pr\u00e9voit en collaboration avec le minist\u00e8re de la Culture faire d\u00e9couvrir aux visiteurs les richesses de la C\u00f4te d&#8217;Ivoire.<\/span><\/p>\n<\/div>\n","protected":false},"excerpt":{"rendered":"<p>\u00a0 Au cours d&#8217;un point presse qu&#8217;il a anim\u00e9, ce mardi 17 mai 2022 au Sofitel H\u00f4tel Ivoire \u00e0 Abidjan, le pr\u00e9sident du comit\u00e9 d&#8217;organisation de la 15\u00e8me Conf\u00e9rence des [&hellip;]<\/p>\n","protected":false},"author":1,"featured_media":4204,"comment_status":"closed","ping_status":"closed","sticky":false,"template":"","format":"standard","meta":{"_lmt_disableupdate":"no","_lmt_disable":"","pgc_sgb_lightbox_settings":""},"categories":[58],"tags":[],"post_folder":[59],"modified_by":"MINEDD","_links":{"self":[{"href":"https:\/\/did-dev.net\/mineddte\/wp-json\/wp\/v2\/posts\/4198"}],"collection":[{"href":"https:\/\/did-dev.net\/mineddte\/wp-json\/wp\/v2\/posts"}],"about":[{"href":"https:\/\/did-dev.net\/mineddte\/wp-json\/wp\/v2\/types\/post"}],"author":[{"embeddable":true,"href":"https:\/\/did-dev.net\/mineddte\/wp-json\/wp\/v2\/users\/1"}],"replies":[{"embeddable":true,"href":"https:\/\/did-dev.net\/mineddte\/wp-json\/wp\/v2\/comments?post=4198"}],"version-history":[{"count":1,"href":"https:\/\/did-dev.net\/mineddte\/wp-json\/wp\/v2\/posts\/4198\/revisions"}],"predecessor-version":[{"id":4205,"href":"https:\/\/did-dev.net\/mineddte\/wp-json\/wp\/v2\/posts\/4198\/revisions\/4205"}],"wp:featuredmedia":[{"embeddable":true,"href":"https:\/\/did-dev.net\/mineddte\/wp-json\/wp\/v2\/media\/4204"}],"wp:attachment":[{"href":"https:\/\/did-dev.net\/mineddte\/wp-json\/wp\/v2\/media?parent=4198"}],"wp:term":[{"taxonomy":"category","embeddable":true,"href":"https:\/\/did-dev.net\/mineddte\/wp-json\/wp\/v2\/categories?post=4198"},{"taxonomy":"post_tag","embeddable":true,"href":"https:\/\/did-dev.net\/mineddte\/wp-json\/wp\/v2\/tags?post=4198"},{"taxonomy":"post_folder","embeddable":true,"href":"https:\/\/did-dev.net\/mineddte\/wp-json\/wp\/v2\/post_folder?post=4198"}],"curies":[{"name":"wp","href":"https:\/\/api.w.org\/{rel}","templated":true}]}}