{"id":4193,"date":"2022-05-13T14:33:11","date_gmt":"2022-05-13T14:33:11","guid":{"rendered":"https:\/\/did-dev.net\/mineddte\/?p=4193"},"modified":"2022-10-18T14:41:49","modified_gmt":"2022-10-18T14:41:49","slug":"cop15-sauvegarde-de-la-reserve-naturelle-de-mabi-yaya-le-ministre-jean-luc-assi-signe-un-important-protocole-daccord","status":"publish","type":"post","link":"https:\/\/did-dev.net\/mineddte\/cop15-sauvegarde-de-la-reserve-naturelle-de-mabi-yaya-le-ministre-jean-luc-assi-signe-un-important-protocole-daccord\/","title":{"rendered":"COP15 \/ SAUVEGARDE DE LA RESERVE NATURELLE DE MABI-YAYA : LE MINISTRE JEAN-LUC ASSI SIGNE UN IMPORTANT PROTOCOLE D&#8217;ACCORD"},"content":{"rendered":"<p style=\"text-align: justify;\">\u00a0<\/p>\n<p style=\"text-align: justify;\"><span style=\"font-family: verdana, geneva, sans-serif;\"><img decoding=\"async\" loading=\"lazy\" class=\"size-full wp-image-4194 aligncenter\" src=\"https:\/\/did-dev.net\/mineddte\/wp-content\/uploads\/2022\/10\/genessis-scaled.jpg\" alt=\"\" width=\"2560\" height=\"1003\" srcset=\"https:\/\/did-dev.net\/mineddte\/wp-content\/uploads\/2022\/10\/genessis-scaled.jpg 2560w, https:\/\/did-dev.net\/mineddte\/wp-content\/uploads\/2022\/10\/genessis-262x103.jpg 262w, https:\/\/did-dev.net\/mineddte\/wp-content\/uploads\/2022\/10\/genessis-847x332.jpg 847w, https:\/\/did-dev.net\/mineddte\/wp-content\/uploads\/2022\/10\/genessis-100x39.jpg 100w, https:\/\/did-dev.net\/mineddte\/wp-content\/uploads\/2022\/10\/genessis-1536x602.jpg 1536w, https:\/\/did-dev.net\/mineddte\/wp-content\/uploads\/2022\/10\/genessis-2048x803.jpg 2048w\" sizes=\"(max-width: 2560px) 100vw, 2560px\" \/><\/span><\/p>\n<p style=\"text-align: justify;\"><span style=\"font-family: verdana, geneva, sans-serif;\">Apr\u00e8s la signature d&#8217;une convention avec l&#8217;agence fran\u00e7aise de notation GENESIS le 12 mai 2022, portant sur le suivi de l\u2019impact des projets de restauration des sols financ\u00e9s par le programme <strong><em>\u00ab Initiative d\u2019Abidjan \u00bb,<\/em><\/strong> le Ministre Jean-Luc ASSI a pr\u00e9sid\u00e9 la signature d&#8217;un protocole d&#8217;accord qui cette fois-ci vise \u00e0 promouvoir la protection de la R\u00e9serve Naturelle de Mabi-Yaya, situ\u00e9e dans la r\u00e9gion de la M\u00e9. Ce partenariat tripartite, entre la C\u00f4te d\u2019Ivoire repr\u00e9sent\u00e9e par le Minist\u00e8re de l\u2019Environnement et du D\u00e9veloppement Durable (MINEDD), la soci\u00e9t\u00e9 Mirova et l\u2019ONG Nitidae a \u00e9t\u00e9 officialis\u00e9 le mercredi 18 mai 2022, lors de la 15e session de la Conf\u00e9rence des Parties de la Convention-Cadre des Nations Unies sur la Lutte contre la D\u00e9sertification (COP15) qui se d\u00e9roule actuellement \u00e0 Abidjan en C\u00f4te d\u2019Ivoire.<\/span><\/p>\n<p style=\"text-align: justify;\"><span style=\"font-family: verdana, geneva, sans-serif;\"><em>\u00ab Au regard des nombreuses opportunit\u00e9s li\u00e9es \u00e0 la protection de ce massif forestier, le Conseil R\u00e9gional de la M\u00e9, l\u2019Office Ivoirien des Parcs et R\u00e9serves, la Fondation pour les Parcs et R\u00e9serves de C\u00f4te d\u2019Ivoire (FPRCI) et l\u2019Association NITIDAE avec le soutien du Gouvernement ivoirien, ont conduit des actions pour identifier des partenaires techniques et financiers \u00e0 m\u00eame de soutenir la C\u00f4te d\u2019Ivoire dans la mise en \u0153uvre d\u2019un projet REDD+ dans la R\u00e9serve naturelle de Mabi-Yaya \u00bb<\/em>, a pr\u00e9cis\u00e9 le Ministre ivoirien en charge de l&#8217;Environnement.<\/span><\/p>\n<p style=\"text-align: justify;\"><span style=\"font-family: verdana, geneva, sans-serif;\">Jean-Luc ASSI a rappel\u00e9 que cet accord fait suite \u00e0 des \u00e9changes fructueux qui ont permis de mobiliser un partenaire technique et financier, \u00e0 savoir la Soci\u00e9t\u00e9 MIROVA. Sa signature a pour objectif principal de d\u00e9velopper un projet REDD+ sp\u00e9cifique \u00e0 la R\u00e9serve naturelle de Mabi-Yaya (RNMY) visant \u00e0 faciliter la mobilisation de financement destin\u00e9s \u00e0 la protection de la R\u00e9serve, en s\u2019appuyant notamment sur des m\u00e9canismes de financement innovant et en particulier la finance carbone.<\/span><\/p>\n<p style=\"text-align: justify;\"><span style=\"font-family: verdana, geneva, sans-serif;\">Ledit projet devrait permettre de lutter contre la d\u00e9forestation et la d\u00e9gradation des for\u00eats dans la NRMY en mettant en \u0153uvre un programme de gestion durable de l&#8217;utilisation des terres et de l\u2019environnement.<\/span><\/p>\n<p style=\"text-align: justify;\"><span style=\"font-family: verdana, geneva, sans-serif;\">Notons que plusieurs enjeux \u00e9conomiques, touristiques et sociaux pourraient \u00eatre mise en place pour le bien-\u00eatre des populations locales, la conservation du milieu naturel et la sauvegarde de la biodiversit\u00e9 de cette r\u00e9serve. D\u00e8s lors, les attentes et espoirs de la C\u00f4te d&#8217;Ivoire, en vue de rendre op\u00e9rationnel le protocole d&#8217;accord, sont grandes. <em>\u00ab Cette signature rev\u00eat une importance particuli\u00e8re en ce qu\u2019elle est en phase avec les objectifs de la Convention des Nations Unies sur la lutte contre la d\u00e9sertification dont la Quinzi\u00e8me Conf\u00e9rences des Parties se tient actuellement dans notre pays. Le Gouvernement ivoirien fonde beaucoup d\u2019espoirs dans la mise en \u0153uvre de cet Accord et attend tr\u00e8s rapidement les effets perceptibles sur le terrain \u00bb,<\/em> a conclu le Ministre Jean-Luc ASSI.<\/span><\/p>\n<p style=\"text-align: justify;\"><span style=\"font-family: verdana, geneva, sans-serif;\">Mirova est une soci\u00e9t\u00e9 de gestion d\u00e9di\u00e9e \u00e0 l\u2019investissement responsable et sp\u00e9cialis\u00e9e notamment sur la protection du capital naturel. Quant \u00e0 l\u2019ONG Nitidae, elle est sp\u00e9cialis\u00e9e dans les chaines de valeur durable et le d\u00e9veloppement territorial. Elle dispose d&#8217;une longue exp\u00e9rience en mati\u00e8re de montage et de conduite de projets de territoires alliant d\u00e9veloppement \u00e9conomique et pr\u00e9servation des ressources naturelles, Ces deux entit\u00e9s \u00e9taient respectivement repr\u00e9sent\u00e9es par messieurs Johann Fourgeaud et Matthieu Tiberghien. Tout en saluant les efforts de la C\u00f4te d&#8217;Ivoire en mati\u00e8re de protection de l\u2019environnement et les diff\u00e9rentes politiques mises en place \u00e0 cet effet, notamment le m\u00e9canisme REDD+ et ses acquis, elles ont marqu\u00e9 leur engagement pour l\u2019ex\u00e9cution des diff\u00e9rentes composantes de l\u2019accord.<\/span><\/p>\n<p style=\"text-align: justify;\"><span style=\"font-family: verdana, geneva, sans-serif;\">Pour rappel, la R\u00e9serve Naturelle de Mabi-Yaya a une superficie totale de 61.282 hectares et elle a \u00e9t\u00e9 cr\u00e9\u00e9e en 2019.<\/span><\/p>\n","protected":false},"excerpt":{"rendered":"<p>\u00a0 Apr\u00e8s la signature d&#8217;une convention avec l&#8217;agence fran\u00e7aise de notation GENESIS le 12 mai 2022, portant sur le suivi de l\u2019impact des projets de restauration des sols financ\u00e9s par [&hellip;]<\/p>\n","protected":false},"author":1,"featured_media":4194,"comment_status":"closed","ping_status":"closed","sticky":false,"template":"","format":"standard","meta":{"_lmt_disableupdate":"no","_lmt_disable":"","pgc_sgb_lightbox_settings":""},"categories":[58],"tags":[],"post_folder":[59],"modified_by":"MINEDD","_links":{"self":[{"href":"https:\/\/did-dev.net\/mineddte\/wp-json\/wp\/v2\/posts\/4193"}],"collection":[{"href":"https:\/\/did-dev.net\/mineddte\/wp-json\/wp\/v2\/posts"}],"about":[{"href":"https:\/\/did-dev.net\/mineddte\/wp-json\/wp\/v2\/types\/post"}],"author":[{"embeddable":true,"href":"https:\/\/did-dev.net\/mineddte\/wp-json\/wp\/v2\/users\/1"}],"replies":[{"embeddable":true,"href":"https:\/\/did-dev.net\/mineddte\/wp-json\/wp\/v2\/comments?post=4193"}],"version-history":[{"count":1,"href":"https:\/\/did-dev.net\/mineddte\/wp-json\/wp\/v2\/posts\/4193\/revisions"}],"predecessor-version":[{"id":4195,"href":"https:\/\/did-dev.net\/mineddte\/wp-json\/wp\/v2\/posts\/4193\/revisions\/4195"}],"wp:featuredmedia":[{"embeddable":true,"href":"https:\/\/did-dev.net\/mineddte\/wp-json\/wp\/v2\/media\/4194"}],"wp:attachment":[{"href":"https:\/\/did-dev.net\/mineddte\/wp-json\/wp\/v2\/media?parent=4193"}],"wp:term":[{"taxonomy":"category","embeddable":true,"href":"https:\/\/did-dev.net\/mineddte\/wp-json\/wp\/v2\/categories?post=4193"},{"taxonomy":"post_tag","embeddable":true,"href":"https:\/\/did-dev.net\/mineddte\/wp-json\/wp\/v2\/tags?post=4193"},{"taxonomy":"post_folder","embeddable":true,"href":"https:\/\/did-dev.net\/mineddte\/wp-json\/wp\/v2\/post_folder?post=4193"}],"curies":[{"name":"wp","href":"https:\/\/api.w.org\/{rel}","templated":true}]}}