{"id":4190,"date":"2022-05-19T14:48:47","date_gmt":"2022-05-19T14:48:47","guid":{"rendered":"https:\/\/did-dev.net\/mineddte\/?p=4190"},"modified":"2022-10-18T15:29:53","modified_gmt":"2022-10-18T15:29:53","slug":"cop-15-planter-un-arbre-est-un-acte-citoyen-le-premier-ministre-patrick-achi","status":"publish","type":"post","link":"https:\/\/did-dev.net\/mineddte\/cop-15-planter-un-arbre-est-un-acte-citoyen-le-premier-ministre-patrick-achi\/","title":{"rendered":"COP 15 : \u00ab PLANTER UN ARBRE EST UN ACTE CITOYEN \u00bb, LE PREMIER MINISTRE PATRICK ACHI"},"content":{"rendered":"<p style=\"text-align: justify;\"><span style=\"font-family: verdana, geneva, sans-serif;\"><img decoding=\"async\" loading=\"lazy\" class=\"size-full wp-image-4196 aligncenter\" src=\"https:\/\/did-dev.net\/mineddte\/wp-content\/uploads\/2022\/10\/PLANTING-COP-15-scaled.jpg\" alt=\"\" width=\"2560\" height=\"1003\" srcset=\"https:\/\/did-dev.net\/mineddte\/wp-content\/uploads\/2022\/10\/PLANTING-COP-15-scaled.jpg 2560w, https:\/\/did-dev.net\/mineddte\/wp-content\/uploads\/2022\/10\/PLANTING-COP-15-262x103.jpg 262w, https:\/\/did-dev.net\/mineddte\/wp-content\/uploads\/2022\/10\/PLANTING-COP-15-847x332.jpg 847w, https:\/\/did-dev.net\/mineddte\/wp-content\/uploads\/2022\/10\/PLANTING-COP-15-100x39.jpg 100w, https:\/\/did-dev.net\/mineddte\/wp-content\/uploads\/2022\/10\/PLANTING-COP-15-1536x602.jpg 1536w, https:\/\/did-dev.net\/mineddte\/wp-content\/uploads\/2022\/10\/PLANTING-COP-15-2048x803.jpg 2048w\" sizes=\"(max-width: 2560px) 100vw, 2560px\" \/><\/span><\/p>\n<div class=\"x11i5rnm xat24cr x1mh8g0r x1vvkbs xtlvy1s x126k92a\">\n<div dir=\"auto\" style=\"text-align: justify;\"><span style=\"font-family: verdana, geneva, sans-serif;\">Le Premier Ministre, Patrick Achi, a conduit, le mercredi 18 mai 2022 \u00e0 Abidjan, une op\u00e9ration de planting d&#8217;arbres, en compagnie de 24 autres personnalit\u00e9s du monde de l\u2019environnement, de la politique, de la diplomatie, du sport et de la culture. Cette op\u00e9ration s&#8217;inscrit dans le processus de la restauration du couvert forestier ivoirien, dont la superficie est pass\u00e9e de 16 millions d&#8217;hectares en 1960 \u00e0 3 millions d&#8217;hectares aujourd&#8217;hui.<\/span><\/div>\n<\/div>\n<div class=\"x11i5rnm xat24cr x1mh8g0r x1vvkbs xtlvy1s x126k92a\" style=\"text-align: justify;\">\n<div dir=\"auto\"><span style=\"font-family: verdana, geneva, sans-serif;\">Sept essences locales ont \u00e9t\u00e9 propos\u00e9es pour cette op\u00e9ration de planting d\u2019arbres dont le but est d\u2019inviter les Ivoiriens, ainsi que les habitants des autres pays \u00e0 contribuer au reboisement.<\/span><\/div>\n<\/div>\n<div class=\"x11i5rnm xat24cr x1mh8g0r x1vvkbs xtlvy1s x126k92a\" style=\"text-align: justify;\">\n<div dir=\"auto\"><span style=\"font-family: verdana, geneva, sans-serif;\">&#8221;Cette initiative conjointe du PNUD et du gouvernement ivoirien vise \u00e0 traduire en actes tous les discours. Ces actes repr\u00e9sentent la volont\u00e9 affich\u00e9e de lutte contre la d\u00e9forestation et \u00e9galement de restauration des terres. Nous sommes extr\u00eamement heureux d&#8217;avoir pu traduire en actes ces discours forts qui ont \u00e9t\u00e9 tenus tout au long de cette Cop 15&#8221;, a indiqu\u00e9 Patrick Achi, qui a plant\u00e9 l&#8217;essence locale d\u00e9nomm\u00e9e Assamela. Il en a plant\u00e9 un autre au nom du Pr\u00e9sident de la R\u00e9publique Alassane Ouattara, absent du pays.<\/span><\/div>\n<\/div>\n<div class=\"x11i5rnm xat24cr x1mh8g0r x1vvkbs xtlvy1s x126k92a\" style=\"text-align: justify;\">\n<div dir=\"auto\"><span style=\"font-family: verdana, geneva, sans-serif;\">Le Chef du gouvernement ivoirien souhaite &#8221;que ces gestes, ces images qui certainement feront le tour du monde, donnent un signal fort de ce qu&#8217;au-del\u00e0 des discours, il va falloir que toute cette volont\u00e9 soit traduite dans des actes et des actes concrets&#8221;.<\/span><\/div>\n<\/div>\n<div class=\"x11i5rnm xat24cr x1mh8g0r x1vvkbs xtlvy1s x126k92a\" style=\"text-align: justify;\">\n<div dir=\"auto\"><span style=\"font-family: verdana, geneva, sans-serif;\">Pour Patrick Achi, ces 25 arbres repr\u00e9senteront, dans quelques mois, une for\u00eat, le symbole de cette Cop 15 qui s&#8217;est d\u00e9roul\u00e9e ici et qui sera quelque part &#8221;une forme d&#8217;h\u00e9ritage que cette Cop 15 aura laiss\u00e9 pour que chaque personne ici en C\u00f4te d&#8217;Ivoire qui passe et qui voit cette for\u00eat, se souvienne de cette Cop, se souvienne des conclusions majeures de cette Cop, qui fera date dans l&#8217;histoire de la Cop&#8221;.<\/span><\/div>\n<\/div>\n<div class=\"x11i5rnm xat24cr x1mh8g0r x1vvkbs xtlvy1s x126k92a\" style=\"text-align: justify;\">\n<div dir=\"auto\"><span style=\"font-family: verdana, geneva, sans-serif;\">A travers ces actes, le Chef du gouvernement a invit\u00e9 &#8221;les citoyens du monde, mais en particulier les Ivoiriens \u00e0 retenir qu&#8217;en C\u00f4te d&#8217;Ivoire, durant deux semaines, s&#8217;est discut\u00e9 l&#8217;avenir du monde, au niveau de la durabilit\u00e9 de l&#8217;environnement, la pr\u00e9servation de la nature, de l&#8217;espace de vie qui aujourd&#8217;hui est menac\u00e9 par des actes humains&#8221;.<\/span><\/div>\n<\/div>\n<div class=\"x11i5rnm xat24cr x1mh8g0r x1vvkbs xtlvy1s x126k92a\" style=\"text-align: justify;\">\n<div dir=\"auto\"><span style=\"font-family: verdana, geneva, sans-serif;\">Le Premier Ministre est revenu sur l&#8217;appel d&#8217;Abidjan d\u00e9nomm\u00e9 Abidjan Legacy Program, cet h\u00e9ritage issu de la Cop 15.<\/span><\/div>\n<\/div>\n<div class=\"x11i5rnm xat24cr x1mh8g0r x1vvkbs xtlvy1s x126k92a\" style=\"text-align: justify;\">\n<div dir=\"auto\"><span style=\"font-family: verdana, geneva, sans-serif;\">&#8221;C&#8217;est donc un vaste programme d&#8217;activit\u00e9s qui porte sur plusieurs composantes et vise comme objectif la durabilit\u00e9 de notre agriculture, sa modernisation et la cr\u00e9ation de dizaines de millions d&#8217;emplois pour les femmes et les jeunes qui constituent les d\u00e9fis majeurs auxquels nos pays doivent faire face&#8221;, a-t-il rappel\u00e9.<\/span><\/div>\n<\/div>\n<div class=\"x11i5rnm xat24cr x1mh8g0r x1vvkbs xtlvy1s x126k92a\" style=\"text-align: justify;\">\n<div dir=\"auto\"><span style=\"font-family: verdana, geneva, sans-serif;\">Selon Patrick Achi, la C\u00f4te d&#8217;Ivoire, en ce qui la concerne, a depuis deux \u00e0 trois ans, initi\u00e9 un vaste programme de reforestation de son couvert forestier. &#8221;\u00c0 ce jour, on est \u00e0 environ 38 millions d&#8217;arbres d\u00e9j\u00e0 plant\u00e9s&#8221;, a r\u00e9v\u00e9l\u00e9 le Chef du gouvernement.<\/span><\/div>\n<\/div>\n<div class=\"x11i5rnm xat24cr x1mh8g0r x1vvkbs xtlvy1s x126k92a\" style=\"text-align: justify;\">\n<div dir=\"auto\"><span style=\"font-family: verdana, geneva, sans-serif;\">Au cours de la d\u00e9cennie \u00e0 venir, a-t-il annonc\u00e9, l&#8217;objectif est de recouvrer 20% du couvert forestier. Et avec l&#8217;appel d&#8217;Abidjan, selon Patrick Achi, les fonds r\u00e9colt\u00e9s permettront certainement d&#8217;acc\u00e9l\u00e9rer et d&#8217;atteindre ces objectifs.<\/span><\/div>\n<\/div>\n<div class=\"x11i5rnm xat24cr x1mh8g0r x1vvkbs xtlvy1s x126k92a\" style=\"text-align: justify;\">\n<div dir=\"auto\"><span style=\"font-family: verdana, geneva, sans-serif;\">Chacune des personnalit\u00e9s a plant\u00e9 un arbre sur le site de la Cop 15. Et chaque arbre plant\u00e9 est g\u00e9o-r\u00e9f\u00e9renc\u00e9 et identifi\u00e9 par un panneau comportant les armoiries de la C\u00f4te d\u2019Ivoire et le logo de la COP 15, les noms commun et scientifique de l\u2019essence foresti\u00e8re, ainsi que le nom et le titre de la personnalit\u00e9 qui l\u2019aura plant\u00e9. L\u2019\u00e9volution des diff\u00e9rents arbres pourra \u00eatre suivie gr\u00e2ce au g\u00e9o-r\u00e9f\u00e9rencement sur une plateforme en ligne.<\/span><\/div>\n<\/div>\n<div class=\"x11i5rnm xat24cr x1mh8g0r x1vvkbs xtlvy1s x126k92a\" style=\"text-align: justify;\">\n<div dir=\"auto\"><span style=\"font-family: verdana, geneva, sans-serif;\">Cette activit\u00e9, qui est une initiative du gouvernement ivoirien en collaboration avec le Programme des Nations Unies pour le D\u00e9veloppement (PNUD) d\u00e9nomm\u00e9e \u00ab La for\u00eat de la COP 15 \u00bb, se tient dans le cadre de la 15\u00e8me Conf\u00e9rence des Parties de la Convention des Nations Unies sur la Lutte contre la D\u00e9sertification et la S\u00e9cheresse (Cop 15), qui a ouvert ses portes \u00e0 Abidjan le lundi 09 mai pour prendre fin le 20 mai prochain. Les sept essences locales plant\u00e9es sont Assamela, Makor\u00e9, Tiama, Acajou, Niangon, V\u00e8ne et Etimo\u00e9.<\/span><\/div>\n<\/div>\n<div class=\"x11i5rnm xat24cr x1mh8g0r x1vvkbs xtlvy1s x126k92a\">\n<div dir=\"auto\" style=\"text-align: justify;\"><span style=\"font-family: verdana, geneva, sans-serif;\">Suite \u00e0 l&#8217;op\u00e9ration de planting d&#8217;arbres, le Premier Ministre et sa d\u00e9l\u00e9gation ont visit\u00e9 des stands d&#8217;exposition.<\/span><\/div>\n<\/div>\n","protected":false},"excerpt":{"rendered":"<p>Le Premier Ministre, Patrick Achi, a conduit, le mercredi 18 mai 2022 \u00e0 Abidjan, une op\u00e9ration de planting d&#8217;arbres, en compagnie de 24 autres personnalit\u00e9s du monde de l\u2019environnement, de [&hellip;]<\/p>\n","protected":false},"author":1,"featured_media":4196,"comment_status":"closed","ping_status":"closed","sticky":false,"template":"","format":"standard","meta":{"_lmt_disableupdate":"no","_lmt_disable":"","pgc_sgb_lightbox_settings":""},"categories":[58],"tags":[],"post_folder":[59],"modified_by":"MINEDD","_links":{"self":[{"href":"https:\/\/did-dev.net\/mineddte\/wp-json\/wp\/v2\/posts\/4190"}],"collection":[{"href":"https:\/\/did-dev.net\/mineddte\/wp-json\/wp\/v2\/posts"}],"about":[{"href":"https:\/\/did-dev.net\/mineddte\/wp-json\/wp\/v2\/types\/post"}],"author":[{"embeddable":true,"href":"https:\/\/did-dev.net\/mineddte\/wp-json\/wp\/v2\/users\/1"}],"replies":[{"embeddable":true,"href":"https:\/\/did-dev.net\/mineddte\/wp-json\/wp\/v2\/comments?post=4190"}],"version-history":[{"count":2,"href":"https:\/\/did-dev.net\/mineddte\/wp-json\/wp\/v2\/posts\/4190\/revisions"}],"predecessor-version":[{"id":4203,"href":"https:\/\/did-dev.net\/mineddte\/wp-json\/wp\/v2\/posts\/4190\/revisions\/4203"}],"wp:featuredmedia":[{"embeddable":true,"href":"https:\/\/did-dev.net\/mineddte\/wp-json\/wp\/v2\/media\/4196"}],"wp:attachment":[{"href":"https:\/\/did-dev.net\/mineddte\/wp-json\/wp\/v2\/media?parent=4190"}],"wp:term":[{"taxonomy":"category","embeddable":true,"href":"https:\/\/did-dev.net\/mineddte\/wp-json\/wp\/v2\/categories?post=4190"},{"taxonomy":"post_tag","embeddable":true,"href":"https:\/\/did-dev.net\/mineddte\/wp-json\/wp\/v2\/tags?post=4190"},{"taxonomy":"post_folder","embeddable":true,"href":"https:\/\/did-dev.net\/mineddte\/wp-json\/wp\/v2\/post_folder?post=4190"}],"curies":[{"name":"wp","href":"https:\/\/api.w.org\/{rel}","templated":true}]}}