{"id":4186,"date":"2022-05-19T14:09:29","date_gmt":"2022-05-19T14:09:29","guid":{"rendered":"https:\/\/did-dev.net\/mineddte\/?p=4186"},"modified":"2022-10-18T14:21:50","modified_gmt":"2022-10-18T14:21:50","slug":"cop-15-onu-environnement-reaffirme-son-engagement-en-faveur-de-la-restauration-des-terres","status":"publish","type":"post","link":"https:\/\/did-dev.net\/mineddte\/cop-15-onu-environnement-reaffirme-son-engagement-en-faveur-de-la-restauration-des-terres\/","title":{"rendered":"COP 15 : ONU ENVIRONNEMENT REAFFIRME SON ENGAGEMENT EN FAVEUR DE LA RESTAURATION DES TERRES"},"content":{"rendered":"<p style=\"text-align: justify;\"><span style=\"font-family: verdana, geneva, sans-serif;\"><img decoding=\"async\" loading=\"lazy\" class=\"size-full wp-image-4191 aligncenter\" src=\"https:\/\/did-dev.net\/mineddte\/wp-content\/uploads\/2022\/10\/COP-3-scaled.jpg\" alt=\"\" width=\"2560\" height=\"1003\" srcset=\"https:\/\/did-dev.net\/mineddte\/wp-content\/uploads\/2022\/10\/COP-3-scaled.jpg 2560w, https:\/\/did-dev.net\/mineddte\/wp-content\/uploads\/2022\/10\/COP-3-262x103.jpg 262w, https:\/\/did-dev.net\/mineddte\/wp-content\/uploads\/2022\/10\/COP-3-847x332.jpg 847w, https:\/\/did-dev.net\/mineddte\/wp-content\/uploads\/2022\/10\/COP-3-100x39.jpg 100w, https:\/\/did-dev.net\/mineddte\/wp-content\/uploads\/2022\/10\/COP-3-1536x602.jpg 1536w, https:\/\/did-dev.net\/mineddte\/wp-content\/uploads\/2022\/10\/COP-3-2048x803.jpg 2048w\" sizes=\"(max-width: 2560px) 100vw, 2560px\" \/><\/span><\/p>\n<p style=\"text-align: justify;\"><span style=\"font-family: verdana, geneva, sans-serif;\">La directrice r\u00e9gionale Afrique de l&#8217;Ouest du Programme des Nations Unies pour l&#8217;Environnement (ONU Environnement), Ang\u00e8le Luh, a affirm\u00e9 que son organisation s&#8217;est toujours engag\u00e9e aux c\u00f4t\u00e9s des objectifs de la convention contre la d\u00e9sertification et continuera de le faire pour prot\u00e9ger l&#8217;environnement et stopper la crise de la d\u00e9gradation des sols.<\/span><\/p>\n<p style=\"text-align: justify;\"><span style=\"font-family: verdana, geneva, sans-serif;\">Elle s&#8217;exprimait \u00e0 l&#8217;occasion d&#8217;une conf\u00e9rence de presse, le mercredi 18 mai 2022 \u00e0 Abidjan, dans le cadre de la Cop 15.<\/span><\/p>\n<p style=\"text-align: justify;\"><span style=\"font-family: verdana, geneva, sans-serif;\">A cet \u00e9gard, elle a rappel\u00e9 que l&#8217;appui financier de son organisation aux diff\u00e9rentes conventions (anciennes et \u00e0 venir) est pass\u00e9 de 1,5 milliard de dollars \u00e0 environ 2,3 milliards de dollars aujourd&#8217;hui.<\/span><\/p>\n<p style=\"text-align: justify;\"><span style=\"font-family: verdana, geneva, sans-serif;\">Ang\u00e8le Luh a \u00e9galement indiqu\u00e9 que Onu Environnement appuie le secr\u00e9tariat de l&#8217;Agence de la Grande Muraille verte qui part du S\u00e9n\u00e9gal jusqu&#8217;\u00e0 Djibouti.<\/span><\/p>\n<p style=\"text-align: justify;\"><span style=\"font-family: verdana, geneva, sans-serif;\">Selon la responsable onusienne, en plus de planter des arbres, il faut aussi d\u00e9velopper les m\u00e9canismes qui vont aider les communaut\u00e9s \u00e0 am\u00e9liorer leur condition de vie.<\/span><\/p>\n<p style=\"text-align: justify;\"><span style=\"font-family: verdana, geneva, sans-serif;\">Au niveau du Programme des Nations Unies pour l&#8217;Environnement, trois attentes particuli\u00e8res retiennent l&#8217;attention et sont g\u00e9n\u00e9ralement bas\u00e9es sur la vision de vivre en harmonie avec la terre, avec la nature, a rappel\u00e9 Ang\u00e8le Luh.<\/span><\/p>\n<p style=\"text-align: justify;\"><span style=\"font-family: verdana, geneva, sans-serif;\">&#8221;Tout d&#8217;abord, nous esp\u00e9rons des changements et des engagements financiers au cours de cette Cop. Ensuite, nous esp\u00e9rons que ces engagements vont \u00eatre renouvel\u00e9s car nous devons parvenir \u00e0 la durabilit\u00e9 par rapport \u00e0 la mani\u00e8re dont nous consommons et dont nous produisons.<\/span><\/p>\n<p style=\"text-align: justify;\"><span style=\"font-family: verdana, geneva, sans-serif;\">Et enfin, nous esp\u00e9rons que nous allons pouvoir renforcer les capacit\u00e9s des pays&#8221;, a-t-elle affirm\u00e9.<\/span><\/p>\n<p style=\"text-align: justify;\"><span style=\"font-family: verdana, geneva, sans-serif;\">La directrice r\u00e9gionale Afrique de ONU Environnement reste convaincue que toutes les solutions \u00e0 ces probl\u00e9matiques sont dans la nature. Il s&#8217;agit de les mettre en \u0153uvre avec les ressources financi\u00e8res qui vont avec.<\/span><\/p>\n<p style=\"text-align: justify;\"><span style=\"font-family: verdana, geneva, sans-serif;\">Ang\u00e8le Luh a exhort\u00e9 les Africains \u00e0 s&#8217;approprier cette Cop 15 dont la finalit\u00e9 est l&#8217;am\u00e9lioration des conditions de vie des populations, la sauvegarde de la biodiversit\u00e9, la protection de l&#8217;environnement et la restauration des terres.<\/span><\/p>\n<p style=\"text-align: justify;\"><span style=\"font-family: verdana, geneva, sans-serif;\"><em>&#8221;La Cop 15 est la Cop de l&#8217;Afrique. Elle se d\u00e9roule en Afrique. Il faut que nous nous l&#8217;approprions en ayant en t\u00eate le bien-\u00eatre des populations, notamment rurales&#8221;,<\/em> a-t-elle insist\u00e9.<\/span><\/p>\n<p style=\"text-align: justify;\"><span style=\"font-family: verdana, geneva, sans-serif;\">La responsable onusienne a annonc\u00e9 qu&#8217;un trait\u00e9 plus contraignant sur les sachets plastiques est en n\u00e9gociation \u00e0 Dakar et devrait entrer en vigueur d&#8217;ici \u00e0 2024.<\/span><\/p>\n","protected":false},"excerpt":{"rendered":"<p>La directrice r\u00e9gionale Afrique de l&#8217;Ouest du Programme des Nations Unies pour l&#8217;Environnement (ONU Environnement), Ang\u00e8le Luh, a affirm\u00e9 que son organisation s&#8217;est toujours engag\u00e9e aux c\u00f4t\u00e9s des objectifs de [&hellip;]<\/p>\n","protected":false},"author":1,"featured_media":4191,"comment_status":"closed","ping_status":"closed","sticky":false,"template":"","format":"standard","meta":{"_lmt_disableupdate":"no","_lmt_disable":"","pgc_sgb_lightbox_settings":""},"categories":[58],"tags":[],"post_folder":[59],"modified_by":"MINEDD","_links":{"self":[{"href":"https:\/\/did-dev.net\/mineddte\/wp-json\/wp\/v2\/posts\/4186"}],"collection":[{"href":"https:\/\/did-dev.net\/mineddte\/wp-json\/wp\/v2\/posts"}],"about":[{"href":"https:\/\/did-dev.net\/mineddte\/wp-json\/wp\/v2\/types\/post"}],"author":[{"embeddable":true,"href":"https:\/\/did-dev.net\/mineddte\/wp-json\/wp\/v2\/users\/1"}],"replies":[{"embeddable":true,"href":"https:\/\/did-dev.net\/mineddte\/wp-json\/wp\/v2\/comments?post=4186"}],"version-history":[{"count":1,"href":"https:\/\/did-dev.net\/mineddte\/wp-json\/wp\/v2\/posts\/4186\/revisions"}],"predecessor-version":[{"id":4192,"href":"https:\/\/did-dev.net\/mineddte\/wp-json\/wp\/v2\/posts\/4186\/revisions\/4192"}],"wp:featuredmedia":[{"embeddable":true,"href":"https:\/\/did-dev.net\/mineddte\/wp-json\/wp\/v2\/media\/4191"}],"wp:attachment":[{"href":"https:\/\/did-dev.net\/mineddte\/wp-json\/wp\/v2\/media?parent=4186"}],"wp:term":[{"taxonomy":"category","embeddable":true,"href":"https:\/\/did-dev.net\/mineddte\/wp-json\/wp\/v2\/categories?post=4186"},{"taxonomy":"post_tag","embeddable":true,"href":"https:\/\/did-dev.net\/mineddte\/wp-json\/wp\/v2\/tags?post=4186"},{"taxonomy":"post_folder","embeddable":true,"href":"https:\/\/did-dev.net\/mineddte\/wp-json\/wp\/v2\/post_folder?post=4186"}],"curies":[{"name":"wp","href":"https:\/\/api.w.org\/{rel}","templated":true}]}}