{"id":4181,"date":"2022-05-21T13:14:34","date_gmt":"2022-05-21T13:14:34","guid":{"rendered":"https:\/\/did-dev.net\/mineddte\/?p=4181"},"modified":"2022-10-18T13:22:44","modified_gmt":"2022-10-18T13:22:44","slug":"cop-15-une-cop-exceptionnele-selon-le-secretaire-executif-de-la-convention-des-nations-unies-pour-la-lutte-contre-la-desertification-ibrahima-thiaw","status":"publish","type":"post","link":"https:\/\/did-dev.net\/mineddte\/cop-15-une-cop-exceptionnele-selon-le-secretaire-executif-de-la-convention-des-nations-unies-pour-la-lutte-contre-la-desertification-ibrahima-thiaw\/","title":{"rendered":"COP 15 : UNE COP EXCEPTIONNELE, SELON LE SECRETAIRE EXECUTIF DE LA CONVENTION DES NATIONS UNIES POUR LA LUTTE CONTRE LA DESERTIFICATION, IBRAHIMA THIAW"},"content":{"rendered":"<p style=\"text-align: justify;\"><span style=\"font-family: verdana, geneva, sans-serif;\"><img decoding=\"async\" loading=\"lazy\" class=\"alignnone size-full wp-image-4182\" src=\"https:\/\/did-dev.net\/mineddte\/wp-content\/uploads\/2022\/10\/COP-1-scaled.jpg\" alt=\"\" width=\"2560\" height=\"1003\" srcset=\"https:\/\/did-dev.net\/mineddte\/wp-content\/uploads\/2022\/10\/COP-1-scaled.jpg 2560w, https:\/\/did-dev.net\/mineddte\/wp-content\/uploads\/2022\/10\/COP-1-262x103.jpg 262w, https:\/\/did-dev.net\/mineddte\/wp-content\/uploads\/2022\/10\/COP-1-847x332.jpg 847w, https:\/\/did-dev.net\/mineddte\/wp-content\/uploads\/2022\/10\/COP-1-100x39.jpg 100w, https:\/\/did-dev.net\/mineddte\/wp-content\/uploads\/2022\/10\/COP-1-1536x602.jpg 1536w, https:\/\/did-dev.net\/mineddte\/wp-content\/uploads\/2022\/10\/COP-1-2048x803.jpg 2048w\" sizes=\"(max-width: 2560px) 100vw, 2560px\" \/><\/span><\/p>\n<p style=\"text-align: justify;\"><span style=\"font-family: verdana, geneva, sans-serif;\">Le secr\u00e9taire ex\u00e9cutif de la Convention des Nations unies pour la lutte contre la d\u00e9sertification, Ibrahima Thiaw, a indiqu\u00e9 que la Cop 15 d&#8217;Abidjan a \u00e9t\u00e9 exceptionnelle, avec plus de 7 000 participants, la pr\u00e9sence de 196 pays et de l&#8217;Union europ\u00e9enne, la diffusion de 4 000 articles en 40 langues dans 120 pays du monde.<\/span><\/p>\n<p style=\"text-align: justify;\"><span style=\"font-family: verdana, geneva, sans-serif;\">Il s&#8217;exprimait le vendredi 20 mai 2022, \u00e0 l&#8217;occasion de la conf\u00e9rence de presse de cl\u00f4ture de la 15e Conf\u00e9rence des parties \u00e0 la Convention des Nations unies sur la lutte contre la d\u00e9sertification (Cop 15) qui s&#8217;est tenue \u00e0 Abidjan du 09 au 20 mai 2022.<\/span><\/p>\n<p style=\"text-align: justify;\"><span style=\"font-family: verdana, geneva, sans-serif;\"><em>&#8221;La Cop 15 a \u00e9t\u00e9 un sommet exceptionnel \u00e0 plusieurs points de vue. C&#8217;est un niveau de participation que je trouve excellent. Il y a eu plus de 7000 participants. C&#8217;est-\u00e0-dire plus que le nombre de participants que nous avons eus \u00e0 la derni\u00e8re Cop en Inde et beaucoup plus qu&#8217;aux Cop pr\u00e9c\u00e9dentes&#8221;,<\/em> s&#8217;est f\u00e9licit\u00e9 Ibrahima Thiaw.<\/span><\/p>\n<p style=\"text-align: justify;\"><span style=\"font-family: verdana, geneva, sans-serif;\">Et d&#8217;ajouter : &#8221;4000 articles ont \u00e9t\u00e9 publi\u00e9s dans 120 pays et 40 langues. Cela est sans pr\u00e9c\u00e9dent dans l&#8217;histoire de la Convention&#8221;.<\/span><\/p>\n<p style=\"text-align: justify;\"><span style=\"font-family: verdana, geneva, sans-serif;\">Le Sommet des Chefs d&#8217;\u00c9tat pr\u00e9sid\u00e9 par le Pr\u00e9sident Alassane Ouattara,<strong><em> l&#8217;Appel d&#8217;Abidjan<\/em><\/strong> d\u00e9nomm\u00e9 <em><strong>Abidjan Legacy Program<\/strong><\/em> propos\u00e9 par le Pr\u00e9sident Alassane Ouattara pour restaurer les terres et prot\u00e9ger les for\u00eats, le Caucus genre pr\u00e9sid\u00e9 par la Premi\u00e8re Dame de C\u00f4te d&#8217;Ivoire, Dominique Ouattara, le Forum des jeunes et toutes les th\u00e9matiques discut\u00e9es en lien avec la restauration des terres et la lutte contre la d\u00e9sertification t\u00e9moignent de cet engagement, selon le secr\u00e9taire ex\u00e9cutif.<\/span><\/p>\n<p style=\"text-align: justify;\"><span style=\"font-family: verdana, geneva, sans-serif;\">Pour Ibrahima Thiaw, la question de la restauration des terres est cruciale pour l&#8217;humanit\u00e9 car 40 % de la plan\u00e8te est d\u00e9j\u00e0 d\u00e9grad\u00e9e et 1\/4 des \u00e9missions \u00e0 effet de serre provient de la d\u00e9gradation des terres.<\/span><\/p>\n<p style=\"text-align: justify;\"><span style=\"font-family: verdana, geneva, sans-serif;\">La Cop 15 est une Cop d&#8217;appel \u00e0 l&#8217;action pour la restauration des terres et la lutte contre la s\u00e9cheresse, a-t-il signifi\u00e9. Avant de souhaiter que cet engagement constat\u00e9 se poursuive.<\/span><\/p>\n<p style=\"text-align: justify;\"><span style=\"font-family: verdana, geneva, sans-serif;\">Pour sa part, le ministre ivoirien de l&#8217;Environnement et du D\u00e9veloppement durable, Jean-Luc Assi, a dit que l&#8217;organisation r\u00e9ussie de la Cop a permis \u00e0 la C\u00f4te d&#8217;Ivoire <em>&#8221;de se repositionner dans la diplomatie environnementale&#8221;.<\/em><\/span><\/p>\n<p style=\"text-align: justify;\"><span style=\"font-family: verdana, geneva, sans-serif;\">Sur les autres r\u00e9ussites de la COP, le ministre Jean-Luc Assi a salu\u00e9 le fait que le tourisme du pays ait \u00e9t\u00e9 renforc\u00e9, des emplois aient \u00e9t\u00e9 cr\u00e9\u00e9s pour les jeunes dans les activit\u00e9s en lien avec la terre, et les activit\u00e9s agricoles aient \u00e9t\u00e9 renforc\u00e9es. A cela s&#8217;ajoutent les retomb\u00e9es \u00e9conomiques pour plusieurs secteurs d&#8217;activit\u00e9s (restauration, h\u00f4tellerie, transport, etc.)<\/span><\/p>\n","protected":false},"excerpt":{"rendered":"<p>Le secr\u00e9taire ex\u00e9cutif de la Convention des Nations unies pour la lutte contre la d\u00e9sertification, Ibrahima Thiaw, a indiqu\u00e9 que la Cop 15 d&#8217;Abidjan a \u00e9t\u00e9 exceptionnelle, avec plus de [&hellip;]<\/p>\n","protected":false},"author":1,"featured_media":4182,"comment_status":"closed","ping_status":"closed","sticky":false,"template":"","format":"standard","meta":{"_lmt_disableupdate":"no","_lmt_disable":"","pgc_sgb_lightbox_settings":""},"categories":[58],"tags":[],"post_folder":[59],"modified_by":"MINEDD","_links":{"self":[{"href":"https:\/\/did-dev.net\/mineddte\/wp-json\/wp\/v2\/posts\/4181"}],"collection":[{"href":"https:\/\/did-dev.net\/mineddte\/wp-json\/wp\/v2\/posts"}],"about":[{"href":"https:\/\/did-dev.net\/mineddte\/wp-json\/wp\/v2\/types\/post"}],"author":[{"embeddable":true,"href":"https:\/\/did-dev.net\/mineddte\/wp-json\/wp\/v2\/users\/1"}],"replies":[{"embeddable":true,"href":"https:\/\/did-dev.net\/mineddte\/wp-json\/wp\/v2\/comments?post=4181"}],"version-history":[{"count":1,"href":"https:\/\/did-dev.net\/mineddte\/wp-json\/wp\/v2\/posts\/4181\/revisions"}],"predecessor-version":[{"id":4183,"href":"https:\/\/did-dev.net\/mineddte\/wp-json\/wp\/v2\/posts\/4181\/revisions\/4183"}],"wp:featuredmedia":[{"embeddable":true,"href":"https:\/\/did-dev.net\/mineddte\/wp-json\/wp\/v2\/media\/4182"}],"wp:attachment":[{"href":"https:\/\/did-dev.net\/mineddte\/wp-json\/wp\/v2\/media?parent=4181"}],"wp:term":[{"taxonomy":"category","embeddable":true,"href":"https:\/\/did-dev.net\/mineddte\/wp-json\/wp\/v2\/categories?post=4181"},{"taxonomy":"post_tag","embeddable":true,"href":"https:\/\/did-dev.net\/mineddte\/wp-json\/wp\/v2\/tags?post=4181"},{"taxonomy":"post_folder","embeddable":true,"href":"https:\/\/did-dev.net\/mineddte\/wp-json\/wp\/v2\/post_folder?post=4181"}],"curies":[{"name":"wp","href":"https:\/\/api.w.org\/{rel}","templated":true}]}}