{"id":4180,"date":"2022-05-18T08:29:10","date_gmt":"2022-05-18T08:29:10","guid":{"rendered":"https:\/\/did-dev.net\/mineddte\/?p=4180"},"modified":"2022-10-18T13:37:00","modified_gmt":"2022-10-18T13:37:00","slug":"cop-15-le-president-alain-richard-donwahi-dispose-a-obtenir-des-avancees-concretes-dans-le-monde-entier","status":"publish","type":"post","link":"https:\/\/did-dev.net\/mineddte\/cop-15-le-president-alain-richard-donwahi-dispose-a-obtenir-des-avancees-concretes-dans-le-monde-entier\/","title":{"rendered":"COP 15 : LE PRESIDENT ALAIN-RICHARD DONWAHI DISPOSE A OBTENIR DES AVANCEES CONCRETES DANS LE MONDE ENTIER"},"content":{"rendered":"<p style=\"text-align: justify;\"><span style=\"font-family: verdana, geneva, sans-serif;\"><img decoding=\"async\" loading=\"lazy\" class=\"size-full wp-image-4184 aligncenter\" src=\"https:\/\/did-dev.net\/mineddte\/wp-content\/uploads\/2022\/10\/COP-2-scaled.jpg\" alt=\"\" width=\"2560\" height=\"1003\" srcset=\"https:\/\/did-dev.net\/mineddte\/wp-content\/uploads\/2022\/10\/COP-2-scaled.jpg 2560w, https:\/\/did-dev.net\/mineddte\/wp-content\/uploads\/2022\/10\/COP-2-262x103.jpg 262w, https:\/\/did-dev.net\/mineddte\/wp-content\/uploads\/2022\/10\/COP-2-847x332.jpg 847w, https:\/\/did-dev.net\/mineddte\/wp-content\/uploads\/2022\/10\/COP-2-100x39.jpg 100w, https:\/\/did-dev.net\/mineddte\/wp-content\/uploads\/2022\/10\/COP-2-1536x602.jpg 1536w, https:\/\/did-dev.net\/mineddte\/wp-content\/uploads\/2022\/10\/COP-2-2048x803.jpg 2048w\" sizes=\"(max-width: 2560px) 100vw, 2560px\" \/><\/span><\/p>\n<p style=\"text-align: justify;\"><span style=\"font-family: verdana, geneva, sans-serif;\">S\u2019exprimant dans une interview accord\u00e9e \u00e0 la Web TV de la COP 15, le mardi 17 mai 2022, le pr\u00e9sident de la 15\u00e8me Conf\u00e9rence des Parties (COP15) de la Convention des Nations Unies sur la Lutte contre la D\u00e9sertification et la S\u00e8cheresse, Alain-Richard Donwahi, a expliqu\u00e9 que sa mission sera de veiller \u00e0 obtenir des avanc\u00e9es concr\u00e8tes pour le bonheur des populations sur toute la plan\u00e8te terre.<\/span><\/p>\n<p style=\"text-align: justify;\"><span style=\"font-family: verdana, geneva, sans-serif;\"><em>\u00ab Durant mon mandat, je serai \u00e0 la disposition des pays pour faire en sorte que les d\u00e9cisions soient appliqu\u00e9es, les objectifs atteints, et surtout pour qu\u2019il y ait des avanc\u00e9es concr\u00e8tes pour nos populations sur toute l\u2019\u00e9tendue de la plan\u00e8te, concernant les sujets de la lutte contre la d\u00e9sertification et la s\u00e9cheresse \u00bb,<\/em> a d\u00e9clar\u00e9 le pr\u00e9sident de la COP 15, pr\u00e9cisant qu\u2019il a \u00e9t\u00e9 \u00e9lu pour une p\u00e9riode de deux ans. Non sans renouveler sa gratitude au Chef de l\u2019Etat qui a propos\u00e9 sa candidature et aux 196 pays de la Convention.<\/span><\/p>\n<p style=\"text-align: justify;\"><span style=\"font-family: verdana, geneva, sans-serif;\">Pour Alain-Richard Donwahi, l\u2019organisation de la COP 15 en terre ivoirienne est un honneur. Et la C\u00f4te d\u2019Ivoire, \u00e0 l\u2019en croire, tire un grand b\u00e9n\u00e9fice de cette organisation d\u2019envergure r\u00e9alis\u00e9e par les Nations unies. <em>\u00ab Notre pays acquiert une plus grande renomm\u00e9e et le dynamisme \u00e9conomique se trouve boost\u00e9. En effet, plus de 5 000 personnes, dont des Chefs d\u2019Etat participent \u00e0 cette COP. Plusieurs d\u2019entre elles d\u00e9couvrent la C\u00f4te d\u2019Ivoire. Cela participe au renforcement de l\u2019\u00e9lan de notre \u00e9conomie \u00bb<\/em>, a-t-il expliqu\u00e9.<\/span><\/p>\n<p style=\"text-align: justify;\"><span style=\"font-family: verdana, geneva, sans-serif;\">Selon lui, la COP 15 participera \u00e0 \u00e9veiller les consciences dans un pays comme le n\u00f4tre qui n\u2019est pas \u00e9pargn\u00e9 par la d\u00e9sertification. <em>\u00ab Cette COP 15 donnera l\u2019occasion \u00e0 chacun de se rendre compte de l\u2019importance de la lutte contre la d\u00e9sertification. On pense, malheureusement \u00e0 tort, qu\u2019elle ne touche que les pays du Sahel, en Afrique. La C\u00f4te d\u2019Ivoire est \u00e9galement concern\u00e9e \u00bb<\/em>, a affirm\u00e9 le pr\u00e9sident de la COP 15.<\/span><\/p>\n<p style=\"text-align: justify;\"><span style=\"font-family: verdana, geneva, sans-serif;\">Concernant l\u2019Initiative d\u2019Abidjan, Alain-Richard Donwahi a expliqu\u00e9 qu\u2019il s\u2019agit d\u2019un programme lanc\u00e9 par la C\u00f4te d\u2019Ivoire qui prend en compte la lutte contre la d\u00e9forestation, la mise en place d\u2019une agriculture durable et la promotion d\u2019une cha\u00eene de valeur agricole qui permettra aux populations d\u2019en vivre. <em>&#8221;L\u2019Initiative d\u2019Abidjan favorisera la cr\u00e9ation d\u2019emplois et la transformation de notre \u00e9conomie agricole&#8221;,<\/em> a-t-il dit.<\/span><\/p>\n","protected":false},"excerpt":{"rendered":"<p>S\u2019exprimant dans une interview accord\u00e9e \u00e0 la Web TV de la COP 15, le mardi 17 mai 2022, le pr\u00e9sident de la 15\u00e8me Conf\u00e9rence des Parties (COP15) de la Convention [&hellip;]<\/p>\n","protected":false},"author":1,"featured_media":4184,"comment_status":"closed","ping_status":"closed","sticky":false,"template":"","format":"standard","meta":{"_lmt_disableupdate":"no","_lmt_disable":"","pgc_sgb_lightbox_settings":""},"categories":[58],"tags":[],"post_folder":[59],"modified_by":"MINEDD","_links":{"self":[{"href":"https:\/\/did-dev.net\/mineddte\/wp-json\/wp\/v2\/posts\/4180"}],"collection":[{"href":"https:\/\/did-dev.net\/mineddte\/wp-json\/wp\/v2\/posts"}],"about":[{"href":"https:\/\/did-dev.net\/mineddte\/wp-json\/wp\/v2\/types\/post"}],"author":[{"embeddable":true,"href":"https:\/\/did-dev.net\/mineddte\/wp-json\/wp\/v2\/users\/1"}],"replies":[{"embeddable":true,"href":"https:\/\/did-dev.net\/mineddte\/wp-json\/wp\/v2\/comments?post=4180"}],"version-history":[{"count":1,"href":"https:\/\/did-dev.net\/mineddte\/wp-json\/wp\/v2\/posts\/4180\/revisions"}],"predecessor-version":[{"id":4185,"href":"https:\/\/did-dev.net\/mineddte\/wp-json\/wp\/v2\/posts\/4180\/revisions\/4185"}],"wp:featuredmedia":[{"embeddable":true,"href":"https:\/\/did-dev.net\/mineddte\/wp-json\/wp\/v2\/media\/4184"}],"wp:attachment":[{"href":"https:\/\/did-dev.net\/mineddte\/wp-json\/wp\/v2\/media?parent=4180"}],"wp:term":[{"taxonomy":"category","embeddable":true,"href":"https:\/\/did-dev.net\/mineddte\/wp-json\/wp\/v2\/categories?post=4180"},{"taxonomy":"post_tag","embeddable":true,"href":"https:\/\/did-dev.net\/mineddte\/wp-json\/wp\/v2\/tags?post=4180"},{"taxonomy":"post_folder","embeddable":true,"href":"https:\/\/did-dev.net\/mineddte\/wp-json\/wp\/v2\/post_folder?post=4180"}],"curies":[{"name":"wp","href":"https:\/\/api.w.org\/{rel}","templated":true}]}}