{"id":4176,"date":"2022-05-22T00:01:24","date_gmt":"2022-05-22T00:01:24","guid":{"rendered":"https:\/\/did-dev.net\/mineddte\/?p=4176"},"modified":"2025-03-07T16:58:05","modified_gmt":"2025-03-07T16:58:05","slug":"journee-internationale-de-la-biodiversite","status":"publish","type":"post","link":"https:\/\/did-dev.net\/mineddte\/journee-internationale-de-la-biodiversite\/","title":{"rendered":"JOURNEE INTERNATIONALE DE LA BIODIVERSITE"},"content":{"rendered":"<p style=\"text-align: center;\"><img decoding=\"async\" loading=\"lazy\" class=\"wp-image-3819 size-full aligncenter\" src=\"https:\/\/did-dev.net\/mineddte\/wp-content\/uploads\/2022\/06\/Article-Images-JMO-2022.jpg\" alt=\"\" width=\"847\" height=\"332\" srcset=\"https:\/\/did-dev.net\/mineddte\/wp-content\/uploads\/2022\/06\/Article-Images-JMO-2022.jpg 847w, https:\/\/did-dev.net\/mineddte\/wp-content\/uploads\/2022\/06\/Article-Images-JMO-2022-262x103.jpg 262w, https:\/\/did-dev.net\/mineddte\/wp-content\/uploads\/2022\/06\/Article-Images-JMO-2022-100x39.jpg 100w\" sizes=\"(max-width: 847px) 100vw, 847px\" \/><\/p>\n<p style=\"text-align: justify;\"><span style=\"font-family: verdana, geneva, sans-serif;\">IVOIRIENNES, IVOIRIENS,<\/span><\/p>\n<p style=\"text-align: justify;\"><span style=\"font-family: verdana, geneva, sans-serif;\">CHER (E) S COMPATRIOTES,<\/span><\/p>\n<p style=\"text-align: justify;\"><span style=\"font-family: verdana, geneva, sans-serif;\">CHER(E)S AMI(E)S DE LA C\u00d4TE D\u2019IVOIRE,<\/span><\/p>\n<p style=\"text-align: justify;\"><span style=\"font-family: verdana, geneva, sans-serif;\">MESDAMES ET MESSIEURS,<\/span><\/p>\n<p style=\"text-align: justify;\"><span style=\"font-family: verdana, geneva, sans-serif;\">Face \u00e0 l\u2019\u00e9rosion toujours persistante de la biodiversit\u00e9, la Convention sur la Diversit\u00e9 Biologique, entr\u00e9e en vigueur en 1993, a \u00e9t\u00e9 ratifi\u00e9e par 196 Etats, dont la C\u00f4te d\u2019Ivoire, depuis le 27 F\u00e9vrier 1995. Cet instrument l\u00e9gal international vise \u00e0 pr\u00e9server la diversit\u00e9 biologique, l\u2019utilisation durable des ressources naturelles, la protection des ressources g\u00e9n\u00e9tiques et la n\u00e9cessit\u00e9 d&#8217;un partage juste et \u00e9quitable des avantages d\u00e9coulant de l\u2019utilisation de la biodiversit\u00e9 avec les communaut\u00e9s.<\/span><\/p>\n<p style=\"text-align: justify;\"><span style=\"font-family: verdana, geneva, sans-serif;\">Chaque ann\u00e9e, la C\u00f4te d\u2019Ivoire, \u00e0 l\u2019instar de tous les autres pays du monde, c\u00e9l\u00e8bre le 22 mai, la Journ\u00e9e Internationale de la Diversit\u00e9 Biologique. L\u2019organisation de cette journ\u00e9e est une opportunit\u00e9 pour le Gouvernement, d\u2019informer nos concitoyens sur les enjeux majeurs li\u00e9s \u00e0 la vie, donc \u00e0 la Biodiversit\u00e9 sur terre et dans les eaux.<\/span><\/p>\n<p style=\"text-align: justify;\"><span style=\"font-family: verdana, geneva, sans-serif;\">Cette ann\u00e9e 2022, le th\u00e8me retenu est \u00ab B\u00e2tir un avenir partag\u00e9 pour toutes les formes de vie \u00bb. Ce th\u00e8me a \u00e9t\u00e9 choisi pour tirer parti de la dynamique g\u00e9n\u00e9r\u00e9e en 2020 et 2021 en appui au cadre mondial pour la biodiversit\u00e9 post-2020, cadre ambitieux qui prend en compte les objectifs des Accords multilat\u00e9raux sur l\u2019Environnement et ceux relatifs \u00e0 la biodiversit\u00e9. Ce th\u00e8me est orient\u00e9 vers l&#8217;action et s&#8217;inscrit dans le contexte de la D\u00e9cennie des Nations-Unies pour la restauration des \u00e9cosyst\u00e8mes. Celle-ci souligne que la biodiversit\u00e9 est la r\u00e9ponse \u00e0 plusieurs d\u00e9fis de d\u00e9veloppement durable ; qu&#8217;il s&#8217;agisse de solutions fond\u00e9es sur la nature ou d&#8217;approches \u00e9cosyst\u00e9miques du climat, des questions de sant\u00e9, de la s\u00e9curit\u00e9 alimentaire, de l&#8217;eau ou d\u2019autres moyens de subsistance durables.<\/span><\/p>\n<p style=\"text-align: justify;\"><span style=\"font-family: verdana, geneva, sans-serif;\">Mesdames et Messieurs,<\/span><\/p>\n<p style=\"text-align: justify;\"><span style=\"font-family: verdana, geneva, sans-serif;\">Nos modes de vie et de production au cours de ce si\u00e8cle se sont av\u00e9r\u00e9s mena\u00e7ants pour notre cadre de vie, notre environnement, notre plan\u00e8te. En effet, les activit\u00e9s anthropiques continuent de d\u00e9truire les \u00e9cosyst\u00e8mes et les esp\u00e8ces vivantes. Alors que, tous reconnaissent aujourd\u2019hui l\u2019importance de la diversit\u00e9 biologique pour les g\u00e9n\u00e9rations pr\u00e9sentes et futures.<\/span><\/p>\n<p style=\"text-align: justify;\"><span style=\"font-family: verdana, geneva, sans-serif;\">En C\u00f4te d\u2019Ivoire, l\u2019\u00e9tat des lieux des for\u00eats refl\u00e8te une nette tendance \u00e0 la d\u00e9forestation et \u00e0 la d\u00e9gradation des ressources biologiques. Le rythme de la d\u00e9forestation est de l\u2019ordre de 150.000 ha \u00e0 200.000 hectares par an (Eaux et for\u00eats N\u00b07, D\u00e9cembre 2021). Ainsi, plusieurs services et fonctions \u00e9cosyst\u00e9miques fournis par les for\u00eats, comme l\u2019approvisionnement durable en eau, ont presque disparu suite aux activit\u00e9s humaines telles que l\u2019exploitation mini\u00e8re, la coupe de bois d\u2019\u0153uvre, l\u2019agriculture.<\/span><\/p>\n<p style=\"text-align: justify;\"><span style=\"font-family: verdana, geneva, sans-serif;\">C\u2019est \u00e0 juste titre que la C\u00f4te d\u2019Ivoire a abrit\u00e9 du 09 au 20 mai, la 15e session de la Conf\u00e9rence des Parties de la Convention-Cadre des Nations Unies sur la Lutte contre la D\u00e9sertification (COP15).<\/span><\/p>\n<p style=\"text-align: justify;\"><span style=\"font-family: verdana, geneva, sans-serif;\">Avec pr\u00e8s de 60% de son territoire et 90% de sa partie septentrionale affect\u00e9s par la d\u00e9gradation des sols arables, la restauration des terres comme de la for\u00eat et la mise en place d\u2019une agriculture \u00e9cologiquement intensive, intelligente face au climat, dot\u00e9e de syst\u00e8mes de production r\u00e9silients et Z\u00e9ro d\u00e9forestation, constituent une solution strat\u00e9gique pour pr\u00e9server notre environnement et garantir la biodiversit\u00e9.<\/span><\/p>\n<p style=\"text-align: justify;\"><span style=\"font-family: verdana, geneva, sans-serif;\">La perte de terres fertiles menace aussi notre sant\u00e9, notre s\u00e9curit\u00e9 et notre prosp\u00e9rit\u00e9. Elle entra\u00eene les crises interconnect\u00e9es de la d\u00e9sertification, de la s\u00e9cheresse, de la perte de la biodiversit\u00e9 et du changement climatique, et plus loin des migrations, de l\u2019agitation sociale et de la d\u00e9stabilisation g\u00e9opolitique.<\/span><\/p>\n<p style=\"text-align: justify;\"><span style=\"font-family: verdana, geneva, sans-serif;\">Concernant le volet faunique, les r\u00e9sultats de l\u2019Inventaire Forestier Faunique National de la C\u00f4te d\u2019Ivoire de juin 2021 ont recens\u00e9 120 esp\u00e8ces cibl\u00e9es dont 3 esp\u00e8ces seulement totalisent plus de 40% des observations. Ces esp\u00e8ces sont le li\u00e8vre, le guib harnach\u00e9 et l\u2019aulacode. Confront\u00e9s au braconnage et \u00e0 la destruction progressive, les grands mammif\u00e8res ont quasiment disparu, du fait des conflits de l\u2019homme avec la faune, de plus en plus fr\u00e9quents. En outre, 34 esp\u00e8ces ont rejoint la liste rouge. Cinq esp\u00e8ces sont en danger critique d\u2019extinction, tandis que 9 autres esp\u00e8ces sont menac\u00e9es d\u2019extinction. Les esp\u00e8ces aquatiques ne sont pas \u00e9pargn\u00e9es. En effet, le stock des ressources halieutiques est en danger, avec des pertes estim\u00e9es \u00e0 100 000 tonnes en 2018, du fait entre autre, de la p\u00eache illicite.<\/span><\/p>\n<p style=\"text-align: justify;\"><span style=\"font-family: verdana, geneva, sans-serif;\">Par ailleurs, les mangroves sur le littoral sont d\u00e9truites par les activit\u00e9s d\u2019exploitation, constituant une pression importante sur l\u2019environnement. Celles-ci offrent pourtant de nombreux services \u00e9cosyst\u00e9miques en raison de leur productivit\u00e9 \u00e9lev\u00e9e et de l\u2019architecture dense qu\u2019elles d\u00e9veloppent sur la frange littorale : refuge de diversit\u00e9, usages multiples, ressources renouvelables, protection des rivages et s\u00e9questration de carbone pour lutter contre les Changements Climatiques.<\/span><\/p>\n<p style=\"text-align: justify;\"><span style=\"font-family: verdana, geneva, sans-serif;\">La menace sur la diversit\u00e9 biologique marine est une r\u00e9alit\u00e9 dans notre pays. La pollution marine et c\u00f4ti\u00e8re, caus\u00e9e entre autres, par les charriements des d\u00e9chets biologiques, les macro-plastics, la surexploitation et les extractions diverses, contribue \u00e0 la disparition de certaines esp\u00e8ces dont les requins, les raies, les tortues marines, les poissons et les crustac\u00e9s.<\/span><\/p>\n<p style=\"text-align: justify;\"><span style=\"font-family: verdana, geneva, sans-serif;\">Mesdames et Messieurs,<\/span><\/p>\n<p style=\"text-align: justify;\"><span style=\"font-family: verdana, geneva, sans-serif;\">Les paysages, les \u00e9cosyst\u00e8mes, les esp\u00e8ces et les personnes sont interd\u00e9pendants \u00e0 diff\u00e9rents niveaux. La pand\u00e9mie \u00e0 la COVID-19 le d\u00e9montre si bien. Elle n&#8217;a pas seulement perturb\u00e9 les syst\u00e8mes de sant\u00e9 et l&#8217;\u00e9conomie mondiale, mais a \u00e9galement amen\u00e9 plusieurs personnes \u00e0 s&#8217;interroger sur la durabilit\u00e9 de nos modes de consommation, de production et l&#8217;impact de toutes nos activit\u00e9s sur la biodiversit\u00e9.<\/span><\/p>\n<p style=\"text-align: justify;\"><span style=\"font-family: verdana, geneva, sans-serif;\">Alors que nous nous remettons de la pand\u00e9mie \u00e0 la COVID-19, nous avons la responsabilit\u00e9 partag\u00e9e de nous assurer que nous avons tir\u00e9 les le\u00e7ons de cette exp\u00e9rience.<\/span><\/p>\n<p style=\"text-align: justify;\"><span style=\"font-family: verdana, geneva, sans-serif;\">L&#8217;un des principaux enseignements est que la sant\u00e9 de l\u2019Homme est intimement li\u00e9e \u00e0 celle de la plan\u00e8te. Et si nous voulons construire un avenir plus juste, plus vert et plus sain, nous devons prendre soin de notre plan\u00e8te comme nous le faisons pour notre sant\u00e9 personnelle. Les changements climatiques, la perte de biodiversit\u00e9, la pollution sont l\u00e0, trois grands d\u00e9fis environnementaux qui ont un impact sur notre sant\u00e9 et celle de nos \u00e9cosyst\u00e8mes. Ils doivent tous \u00eatre abord\u00e9s de mani\u00e8re int\u00e9gr\u00e9e et compl\u00e9mentaire.<\/span><\/p>\n<p>&nbsp;<\/p>\n<p style=\"text-align: justify;\"><span style=\"font-family: verdana, geneva, sans-serif;\">Mesdames et Messieurs,<\/span><\/p>\n<p style=\"text-align: justify;\"><span style=\"font-family: verdana, geneva, sans-serif;\">Cher(e)s ami(e)s de la C\u00f4te d\u2019Ivoire,<\/span><\/p>\n<p style=\"text-align: justify;\"><span style=\"font-family: verdana, geneva, sans-serif;\">Le cadre mondial pour la biodiversit\u00e9 post-2020, actuellement en cours de n\u00e9gociation sous les auspices de la Convention sur la diversit\u00e9 biologique, repr\u00e9sente une occasion historique de donner l&#8217;exemple d&#8217;un accord mondial pour une action efficace en faveur de la biodiversit\u00e9 et, par la suite, de faire progresser la sant\u00e9 et le bien-\u00eatre de tous.<\/span><\/p>\n<p style=\"text-align: justify;\"><span style=\"font-family: verdana, geneva, sans-serif;\">Mais, cet objectif ne peut \u00eatre atteint que par des efforts coordonn\u00e9s, un leadership fort et en s&#8217;attaquant de front \u00e0 la triple crise environnementale (la perte de la Biodiversit\u00e9, les changements climatiques et la pollution). Il n&#8217;y a pas de temps \u00e0 perdre, c&#8217;est maintenant qu&#8217;il faut agir.<\/span><\/p>\n<p style=\"text-align: justify;\"><span style=\"font-family: verdana, geneva, sans-serif;\">Je vous remercie\u00a0!<\/span><\/p>\n","protected":false},"excerpt":{"rendered":"<p>IVOIRIENNES, IVOIRIENS, CHER (E) S COMPATRIOTES, CHER(E)S AMI(E)S DE LA C\u00d4TE D\u2019IVOIRE, MESDAMES ET MESSIEURS, Face \u00e0 l\u2019\u00e9rosion toujours persistante de la biodiversit\u00e9, la Convention sur la Diversit\u00e9 Biologique, entr\u00e9e [&hellip;]<\/p>\n","protected":false},"author":1,"featured_media":3819,"comment_status":"closed","ping_status":"closed","sticky":false,"template":"","format":"standard","meta":{"_lmt_disableupdate":"no","_lmt_disable":"","pgc_sgb_lightbox_settings":""},"categories":[58],"tags":[],"post_folder":[59],"modified_by":"MINEDD","_links":{"self":[{"href":"https:\/\/did-dev.net\/mineddte\/wp-json\/wp\/v2\/posts\/4176"}],"collection":[{"href":"https:\/\/did-dev.net\/mineddte\/wp-json\/wp\/v2\/posts"}],"about":[{"href":"https:\/\/did-dev.net\/mineddte\/wp-json\/wp\/v2\/types\/post"}],"author":[{"embeddable":true,"href":"https:\/\/did-dev.net\/mineddte\/wp-json\/wp\/v2\/users\/1"}],"replies":[{"embeddable":true,"href":"https:\/\/did-dev.net\/mineddte\/wp-json\/wp\/v2\/comments?post=4176"}],"version-history":[{"count":1,"href":"https:\/\/did-dev.net\/mineddte\/wp-json\/wp\/v2\/posts\/4176\/revisions"}],"predecessor-version":[{"id":4177,"href":"https:\/\/did-dev.net\/mineddte\/wp-json\/wp\/v2\/posts\/4176\/revisions\/4177"}],"wp:featuredmedia":[{"embeddable":true,"href":"https:\/\/did-dev.net\/mineddte\/wp-json\/wp\/v2\/media\/3819"}],"wp:attachment":[{"href":"https:\/\/did-dev.net\/mineddte\/wp-json\/wp\/v2\/media?parent=4176"}],"wp:term":[{"taxonomy":"category","embeddable":true,"href":"https:\/\/did-dev.net\/mineddte\/wp-json\/wp\/v2\/categories?post=4176"},{"taxonomy":"post_tag","embeddable":true,"href":"https:\/\/did-dev.net\/mineddte\/wp-json\/wp\/v2\/tags?post=4176"},{"taxonomy":"post_folder","embeddable":true,"href":"https:\/\/did-dev.net\/mineddte\/wp-json\/wp\/v2\/post_folder?post=4176"}],"curies":[{"name":"wp","href":"https:\/\/api.w.org\/{rel}","templated":true}]}}