{"id":4175,"date":"2022-05-20T20:54:53","date_gmt":"2022-05-20T20:54:53","guid":{"rendered":"https:\/\/did-dev.net\/mineddte\/?p=4175"},"modified":"2022-10-18T13:01:56","modified_gmt":"2022-10-18T13:01:56","slug":"cop-15-le-premier-ministre-patrick-achi-appelle-les-parties-a-faire-preuve-defficacite-et-de-celerite-dans-la-mise-en-oeuvre-des-projets","status":"publish","type":"post","link":"https:\/\/did-dev.net\/mineddte\/cop-15-le-premier-ministre-patrick-achi-appelle-les-parties-a-faire-preuve-defficacite-et-de-celerite-dans-la-mise-en-oeuvre-des-projets\/","title":{"rendered":"COP 15 : LE PREMIER MINISTRE PATRICK ACHI APPELLE LES PARTIES A FAIRE PREUVE D&#8217;EFFICACITE ET DE CELERITE DANS LA MISE EN \u0152UVRE DES PROJETS"},"content":{"rendered":"<p style=\"text-align: justify;\"><span style=\"font-family: verdana, geneva, sans-serif;\"><img decoding=\"async\" loading=\"lazy\" class=\"alignnone size-full wp-image-4178\" src=\"https:\/\/did-dev.net\/mineddte\/wp-content\/uploads\/2022\/10\/cop-scaled.jpg\" alt=\"\" width=\"2560\" height=\"1003\" srcset=\"https:\/\/did-dev.net\/mineddte\/wp-content\/uploads\/2022\/10\/cop-scaled.jpg 2560w, https:\/\/did-dev.net\/mineddte\/wp-content\/uploads\/2022\/10\/cop-262x103.jpg 262w, https:\/\/did-dev.net\/mineddte\/wp-content\/uploads\/2022\/10\/cop-847x332.jpg 847w, https:\/\/did-dev.net\/mineddte\/wp-content\/uploads\/2022\/10\/cop-100x39.jpg 100w, https:\/\/did-dev.net\/mineddte\/wp-content\/uploads\/2022\/10\/cop-1536x602.jpg 1536w, https:\/\/did-dev.net\/mineddte\/wp-content\/uploads\/2022\/10\/cop-2048x803.jpg 2048w\" sizes=\"(max-width: 2560px) 100vw, 2560px\" \/><\/span><\/p>\n<p style=\"text-align: justify;\"><span style=\"font-family: verdana, geneva, sans-serif;\">Le Premier Ministre Patrick Achi a appel\u00e9 les parties \u00e0 la Convention des Nations Unies sur la Lutte Contre la D\u00e9sertification (CNULCD) \u00e0 faire preuve d&#8217;efficacit\u00e9 et de c\u00e9l\u00e9rit\u00e9 dans la mise en \u0153uvre des projets afin d\u2019am\u00e9liorer de mani\u00e8re significative le bien-\u00eatre des populations.<\/span><\/p>\n<p style=\"text-align: justify;\"><span style=\"font-family: verdana, geneva, sans-serif;\">Le Chef du gouvernement ivoirien s\u2019exprimait le vendredi 20 mai 2022, \u00e0 Abidjan, \u00e0 l\u2019occasion de la cl\u00f4ture de la 15\u00e8me Conf\u00e9rence des Parties (COP 15) \u00e0 la Convention des Nations-Unies sur la Lutte contre la D\u00e9sertification et la S\u00e9cheresse.<\/span><\/p>\n<p style=\"text-align: justify;\"><span style=\"font-family: verdana, geneva, sans-serif;\"><em>\u00ab Les priorit\u00e9s \u00e9tant d\u00e9termin\u00e9es, la mobilisation r\u00e9alis\u00e9e, j\u2019invite d\u00e9sormais toutes les parties, \u00e0 faire preuve d\u2019efficacit\u00e9 et de c\u00e9l\u00e9rit\u00e9 dans la mise en \u0153uvre des projets d\u00e9j\u00e0 identifi\u00e9s et de ceux qui \u00e9mergeront demain, afin d\u2019am\u00e9liorer de mani\u00e8re significative le bien-\u00eatre des populations de la sous-r\u00e9gion et, par ricochet, de celle du continent et du monde entier \u00bb<\/em>, a d\u00e9clar\u00e9 Patrick Achi.<\/span><\/p>\n<p style=\"text-align: justify;\"><span style=\"font-family: verdana, geneva, sans-serif;\">Mais avant, le Premier Ministre a rappel\u00e9 les engagements communs des parties. Il s\u2019agit notamment, de permettre aux for\u00eats de pr\u00e9server leur extraordinaire biodiversit\u00e9 et de d\u00e9livrer tout le potentiel de leurs services \u00e9cosyst\u00e9miques uniques ; de permettre aux milieux cultiv\u00e9s de mettre en \u0153uvre une production agricole durable, bien mieux ins\u00e9r\u00e9e dans les cha\u00eenes de valeurs mondiales, pour ainsi lutter avec efficacit\u00e9 contre une ins\u00e9curit\u00e9 alimentaire et nutritionnelle encore bien trop pr\u00e9sente en Afrique, touchant plus de 280 millions de personnes en 2020, selon les derni\u00e8res donn\u00e9es de la FAO.<\/span><\/p>\n<p style=\"text-align: justify;\"><span style=\"font-family: verdana, geneva, sans-serif;\">Il s\u2019agit \u00e9galement de permettre \u00e0 ces zones foresti\u00e8res et agricoles, ainsi pr\u00e9serv\u00e9es et exploit\u00e9es durablement, de jouer pleinement leur r\u00f4le social et \u00e9conomique inclusif : am\u00e9liorer les conditions de vie des populations rurales et faire reculer massivement la pauvret\u00e9.<\/span><\/p>\n<p style=\"text-align: justify;\"><span style=\"font-family: verdana, geneva, sans-serif;\">Patrick Achi a, au nom du Chef de l\u2019Etat Alassane Ouattara, salu\u00e9 et remerci\u00e9 tous les partenaires techniques et financiers, ainsi que les bailleurs de fonds, qui ont accept\u00e9 d\u2019accompagner la C\u00f4te d\u2019Ivoire dans la mise en \u0153uvre de l\u2019Initiative d\u2019Abidjan, encore appel\u00e9e <strong><em>&#8220;Programme H\u00e9ritage d\u2019Abidjan&#8221;<\/em><\/strong>, en s\u2019engageant sur un financement de plus de 2,5 milliards de dollars sur 5 ans.<\/span><\/p>\n<p style=\"text-align: justify;\"><span style=\"font-family: verdana, geneva, sans-serif;\">Ce programme, tout \u00e0 la fois strat\u00e9gie d\u2019action nationale pour la C\u00f4te d\u2019Ivoire et proposition de mod\u00e8le \u00e0 amender et dupliquer ailleurs sur le continent et dans le monde, d\u00e9ploie un ensemble d\u2019actions concr\u00e8tes visant d\u2019une part \u00e0 restaurer un couvert forestier primordial pour les \u00e9quilibres climatiques et productifs de nos nations, et d\u2019autre part \u00e0 rendre les terres d\u00e9grad\u00e9es \u00e0 nouveau productives sur les plans biologiques, agronomiques et \u00e9conomiques.<\/span><\/p>\n<p style=\"text-align: justify;\"><span style=\"font-family: verdana, geneva, sans-serif;\">Le Premier Ministre a, \u00e9galement au nom du Pr\u00e9sident de la R\u00e9publique, exprim\u00e9 son infinie gratitude et celle de toute la C\u00f4te d\u2019Ivoire \u00e0 toutes celles et ceux qui ont contribu\u00e9 au succ\u00e8s majeur de la COP15, r\u00e9unissant \u00e0 son ouverture plus d\u2019une dizaine de Chefs d\u2019\u00c9tat autour de l\u2019Initiative d\u2019Abidjan.<\/span><\/p>\n<p style=\"text-align: justify;\"><span style=\"font-family: verdana, geneva, sans-serif;\">La COP 15 s\u2019est tenue du 9 au 20 mai 2022, \u00e0 Abidjan, en C\u00f4te d\u2019Ivoire, autour du th\u00e8me central : <em>&#8220;Terres. Vies. Patrimoine : d\u2019un monde pr\u00e9caire vers un avenir prosp\u00e8re&#8221;.<\/em><\/span><\/p>\n","protected":false},"excerpt":{"rendered":"<p>Le Premier Ministre Patrick Achi a appel\u00e9 les parties \u00e0 la Convention des Nations Unies sur la Lutte Contre la D\u00e9sertification (CNULCD) \u00e0 faire preuve d&#8217;efficacit\u00e9 et de c\u00e9l\u00e9rit\u00e9 dans [&hellip;]<\/p>\n","protected":false},"author":1,"featured_media":4178,"comment_status":"closed","ping_status":"closed","sticky":false,"template":"","format":"standard","meta":{"_lmt_disableupdate":"no","_lmt_disable":"","pgc_sgb_lightbox_settings":""},"categories":[58],"tags":[],"post_folder":[59],"modified_by":"MINEDD","_links":{"self":[{"href":"https:\/\/did-dev.net\/mineddte\/wp-json\/wp\/v2\/posts\/4175"}],"collection":[{"href":"https:\/\/did-dev.net\/mineddte\/wp-json\/wp\/v2\/posts"}],"about":[{"href":"https:\/\/did-dev.net\/mineddte\/wp-json\/wp\/v2\/types\/post"}],"author":[{"embeddable":true,"href":"https:\/\/did-dev.net\/mineddte\/wp-json\/wp\/v2\/users\/1"}],"replies":[{"embeddable":true,"href":"https:\/\/did-dev.net\/mineddte\/wp-json\/wp\/v2\/comments?post=4175"}],"version-history":[{"count":1,"href":"https:\/\/did-dev.net\/mineddte\/wp-json\/wp\/v2\/posts\/4175\/revisions"}],"predecessor-version":[{"id":4179,"href":"https:\/\/did-dev.net\/mineddte\/wp-json\/wp\/v2\/posts\/4175\/revisions\/4179"}],"wp:featuredmedia":[{"embeddable":true,"href":"https:\/\/did-dev.net\/mineddte\/wp-json\/wp\/v2\/media\/4178"}],"wp:attachment":[{"href":"https:\/\/did-dev.net\/mineddte\/wp-json\/wp\/v2\/media?parent=4175"}],"wp:term":[{"taxonomy":"category","embeddable":true,"href":"https:\/\/did-dev.net\/mineddte\/wp-json\/wp\/v2\/categories?post=4175"},{"taxonomy":"post_tag","embeddable":true,"href":"https:\/\/did-dev.net\/mineddte\/wp-json\/wp\/v2\/tags?post=4175"},{"taxonomy":"post_folder","embeddable":true,"href":"https:\/\/did-dev.net\/mineddte\/wp-json\/wp\/v2\/post_folder?post=4175"}],"curies":[{"name":"wp","href":"https:\/\/api.w.org\/{rel}","templated":true}]}}