{"id":4172,"date":"2022-05-21T12:12:25","date_gmt":"2022-05-21T12:12:25","guid":{"rendered":"https:\/\/did-dev.net\/mineddte\/?p=4172"},"modified":"2022-10-18T12:22:01","modified_gmt":"2022-10-18T12:22:01","slug":"cop-15-le-premier-ministre-patrick-achi-reitere-la-volonte-de-la-cote-divoire-de-jouer-pleinement-son-role-avec-lintiative-dabidjan","status":"publish","type":"post","link":"https:\/\/did-dev.net\/mineddte\/cop-15-le-premier-ministre-patrick-achi-reitere-la-volonte-de-la-cote-divoire-de-jouer-pleinement-son-role-avec-lintiative-dabidjan\/","title":{"rendered":"COP 15 : LE PREMIER MINISTRE PATRICK ACHI REITERE LA VOLONTE DE LA C\u00d4TE D\u2019IVOIRE DE JOUER PLEINEMENT SON R\u00d4LE AVEC L\u2019INTIATIVE D\u2019ABIDJAN"},"content":{"rendered":"<p style=\"text-align: justify;\"><span style=\"font-family: verdana, geneva, sans-serif;\"><img decoding=\"async\" loading=\"lazy\" class=\"alignnone size-full wp-image-4173\" src=\"https:\/\/did-dev.net\/mineddte\/wp-content\/uploads\/2022\/10\/COP-15-IA-scaled.jpg\" alt=\"\" width=\"2560\" height=\"1003\" srcset=\"https:\/\/did-dev.net\/mineddte\/wp-content\/uploads\/2022\/10\/COP-15-IA-scaled.jpg 2560w, https:\/\/did-dev.net\/mineddte\/wp-content\/uploads\/2022\/10\/COP-15-IA-262x103.jpg 262w, https:\/\/did-dev.net\/mineddte\/wp-content\/uploads\/2022\/10\/COP-15-IA-847x332.jpg 847w, https:\/\/did-dev.net\/mineddte\/wp-content\/uploads\/2022\/10\/COP-15-IA-100x39.jpg 100w, https:\/\/did-dev.net\/mineddte\/wp-content\/uploads\/2022\/10\/COP-15-IA-1536x602.jpg 1536w, https:\/\/did-dev.net\/mineddte\/wp-content\/uploads\/2022\/10\/COP-15-IA-2048x803.jpg 2048w\" sizes=\"(max-width: 2560px) 100vw, 2560px\" \/><\/span><\/p>\n<p style=\"text-align: justify;\"><span style=\"font-family: verdana, geneva, sans-serif;\">Avec l\u2019Initiative d\u2019Abidjan qui d\u00e9bute, apr\u00e8s l\u2019organisation de la COP15 \u00e0 Abidjan, le Premier Ministre ivoirien, Patrick Achi, a exprim\u00e9 la volont\u00e9 de la C\u00f4te d\u2019Ivoire de jouer pleinement son r\u00f4le dans la lutte contre le r\u00e9chauffement climatique et la lutte contre la d\u00e9sertification des terres, aussi dans la restauration des \u00e9quilibres environnementaux primordiaux pour l\u2019avenir de la plan\u00e8te.<\/span><\/p>\n<p style=\"text-align: justify;\"><span style=\"font-family: verdana, geneva, sans-serif;\">Le Chef du gouvernement a fait cette d\u00e9claration le vendredi 20 mai 2022, \u00e0 l\u2019occasion de la cl\u00f4ture de la 15\u00e8me Conf\u00e9rence des Parties (COP15) \u00e0 la Convention des Nations-Unies sur la Lutte contre la D\u00e9sertification et la S\u00e9cheresse.<\/span><\/p>\n<p style=\"text-align: justify;\"><span style=\"font-family: verdana, geneva, sans-serif;\"><em>\u00ab Avec la COP15 qui s\u2019ach\u00e8ve, avec l\u2019Initiative d\u2019Abidjan qui d\u00e9bute, la C\u00f4te d\u2019Ivoire veut en effet jouer pleinement son r\u00f4le dans la lutte contre le r\u00e9chauffement climatique, dans la lutte contre la d\u00e9sertification des terres, dans la restauration des \u00e9quilibres environnementaux primordiaux pour l\u2019avenir de la plan\u00e8te, dans la promotion de mod\u00e8les agricoles plus efficaces et intelligents, face aux enjeux climatiques, d\u00e9mographiques et \u00e9conomiques \u00bb<\/em>, a-t-il d\u00e9clar\u00e9.<\/span><\/p>\n<p style=\"text-align: justify;\"><span style=\"font-family: verdana, geneva, sans-serif;\">Pour Patrick Achi, le pari et la r\u00e9ussite de l\u2019organisation par la C\u00f4te d\u2019Ivoire de la COP15, constituent un double symbole d\u2019avenir.<\/span><\/p>\n<p style=\"text-align: justify;\"><span style=\"font-family: verdana, geneva, sans-serif;\">Il a expliqu\u00e9 qu\u2019il est d\u2019abord celui de la renaissance de notre nation, apr\u00e8s une d\u00e9cennie d\u2019efforts inou\u00efs, men\u00e9s sous le leadership du Pr\u00e9sident de la R\u00e9publique, Alassane Ouattara et gr\u00e2ce \u00e0 la mobilisation extraordinaire de tout un peuple. <em>\u00ab La C\u00f4te d\u2019Ivoire a d\u00e9sormais repris sa place sur le continent et sa marche vers l\u2019avenir (\u2026) Soyons en fiers. Soyons en dignes \u00bb<\/em>, a-t-il dit.<\/span><\/p>\n<p style=\"text-align: justify;\"><span style=\"font-family: verdana, geneva, sans-serif;\">Le second symbole d\u2019avenir, a poursuivi le Chef du gouvernement, c\u2019est celui qu\u2019incarne cette COP15 pour notre nation. <em>\u00ab Elle est en effet le prolongement d\u2019un engagement constant de notre pays depuis une d\u00e9cennie, pour comprendre les enjeux naturels de notre \u00e9cosyst\u00e8me et rechercher des solutions efficaces et durables pour lutter contre la d\u00e9gradation de nos sols et celle de notre couvert forestier \u00bb<\/em>, a-t-il soulign\u00e9.<\/span><\/p>\n<p style=\"text-align: justify;\"><span style=\"font-family: verdana, geneva, sans-serif;\">Le Premier Ministre a f\u00e9licit\u00e9 l\u2019ensemble des membres du gouvernement ainsi que le Comit\u00e9 d\u2019organisation de la COP15, pour avoir tout mis en \u0153uvre pour la r\u00e9ussite de cet \u00e9v\u00e9nement plan\u00e9taire, ici, en terre ivoirienne.<\/span><\/p>\n<p style=\"text-align: justify;\"><span style=\"font-family: verdana, geneva, sans-serif;\">Il a vivement remerci\u00e9 le secr\u00e9taire ex\u00e9cutif de la Convention des Nations-Unies, Ibrahim Thiaw, et son \u00e9quipe, pour leur soutien et leur franche collaboration.<\/span><\/p>\n<p style=\"text-align: justify;\"><span style=\"font-family: verdana, geneva, sans-serif;\">Il s\u2019est f\u00e9licit\u00e9 de l\u2019engagement pour la r\u00e9ussite de cette Convention, des 197 \u00c9tats parties, des institutions du Syst\u00e8me des Nations Unies, des partenaires au d\u00e9veloppement, de la soci\u00e9t\u00e9 civile et du secteur priv\u00e9.<\/span><\/p>\n<p style=\"text-align: justify;\"><span style=\"font-family: verdana, geneva, sans-serif;\">Le Chef du gouvernement a salu\u00e9 la participation remarquable des jeunes et des femmes lors de cette COP15 et remerci\u00e9 \u00ab tr\u00e8s sinc\u00e8rement \u00bb la Premi\u00e8re Dame de C\u00f4te d\u2019Ivoire, Dominique Ouattara, Pr\u00e9sidente du Caucus des Femmes, ainsi que la Premi\u00e8re Dame de la R\u00e9publique D\u00e9mocratique du Congo.<\/span><\/p>\n<p style=\"text-align: justify;\"><span style=\"font-family: verdana, geneva, sans-serif;\">Il a tenu \u00e0 remercier les \u00c9tats parties pour l\u2019\u00e9lection du ministre Alain-Richard Donwahi, pr\u00e9sident de la COP15.<\/span><\/p>\n<p style=\"text-align: justify;\"><span style=\"font-family: verdana, geneva, sans-serif;\">Pour finir, le Premier Ministre a souhait\u00e9 un bon retour aux diff\u00e9rents participants dans leurs pays respectifs et les a invit\u00e9s <em>\u00ab \u00e0 revenir r\u00e9guli\u00e8rement en C\u00f4te d\u2019Ivoire, cette terre d\u2019hospitalit\u00e9, cette terre de fraternit\u00e9 \u00bb.<\/em><\/span><\/p>\n<p style=\"text-align: justify;\"><span style=\"font-family: verdana, geneva, sans-serif;\">Avec l\u2019Initiative d\u2019Abidjan qui d\u00e9bute, apr\u00e8s l\u2019organisation de la COP15 \u00e0 Abidjan, le Premier Ministre ivoirien, Patrick Achi, a exprim\u00e9 la volont\u00e9 de la C\u00f4te d\u2019Ivoire de jouer pleinement son r\u00f4le dans la lutte contre le r\u00e9chauffement climatique et la lutte contre la d\u00e9sertification des terres, aussi dans la restauration des \u00e9quilibres environnementaux primordiaux pour l\u2019avenir de la plan\u00e8te.<\/span><\/p>\n<p style=\"text-align: justify;\"><span style=\"font-family: verdana, geneva, sans-serif;\">Le Chef du gouvernement a fait cette d\u00e9claration le vendredi 20 mai 2022, \u00e0 l\u2019occasion de la cl\u00f4ture de la 15\u00e8me Conf\u00e9rence des Parties (COP15) \u00e0 la Convention des Nations-Unies sur la Lutte contre la D\u00e9sertification et la S\u00e9cheresse.<\/span><\/p>\n<p style=\"text-align: justify;\"><span style=\"font-family: verdana, geneva, sans-serif;\"><em>\u00ab Avec la COP15 qui s\u2019ach\u00e8ve, avec l\u2019Initiative d\u2019Abidjan qui d\u00e9bute, la C\u00f4te d\u2019Ivoire veut en effet jouer pleinement son r\u00f4le dans la lutte contre le r\u00e9chauffement climatique, dans la lutte contre la d\u00e9sertification des terres, dans la restauration des \u00e9quilibres environnementaux primordiaux pour l\u2019avenir de la plan\u00e8te, dans la promotion de mod\u00e8les agricoles plus efficaces et intelligents, face aux enjeux climatiques, d\u00e9mographiques et \u00e9conomiques \u00bb<\/em>, a-t-il d\u00e9clar\u00e9.<\/span><\/p>\n<p style=\"text-align: justify;\"><span style=\"font-family: verdana, geneva, sans-serif;\">Pour Patrick Achi, le pari et la r\u00e9ussite de l\u2019organisation par la C\u00f4te d\u2019Ivoire de la COP15, constituent un double symbole d\u2019avenir.<\/span><\/p>\n<p style=\"text-align: justify;\"><span style=\"font-family: verdana, geneva, sans-serif;\">Il a expliqu\u00e9 qu\u2019il est d\u2019abord celui de la renaissance de notre nation, apr\u00e8s une d\u00e9cennie d\u2019efforts inou\u00efs, men\u00e9s sous le leadership du Pr\u00e9sident de la R\u00e9publique, Alassane Ouattara et gr\u00e2ce \u00e0 la mobilisation extraordinaire de tout un peuple. <em>\u00ab La C\u00f4te d\u2019Ivoire a d\u00e9sormais repris sa place sur le continent et sa marche vers l\u2019avenir (\u2026) Soyons en fiers. Soyons en dignes \u00bb<\/em>, a-t-il dit.<\/span><\/p>\n<p style=\"text-align: justify;\"><span style=\"font-family: verdana, geneva, sans-serif;\">Le second symbole d\u2019avenir, a poursuivi le Chef du gouvernement, c\u2019est celui qu\u2019incarne cette COP15 pour notre nation. <em>\u00ab Elle est en effet le prolongement d\u2019un engagement constant de notre pays depuis une d\u00e9cennie, pour comprendre les enjeux naturels de notre \u00e9cosyst\u00e8me et rechercher des solutions efficaces et durables pour lutter contre la d\u00e9gradation de nos sols et celle de notre couvert forestier \u00bb<\/em>, a-t-il soulign\u00e9.<\/span><\/p>\n<p style=\"text-align: justify;\"><span style=\"font-family: verdana, geneva, sans-serif;\">Le Premier Ministre a f\u00e9licit\u00e9 l\u2019ensemble des membres du gouvernement ainsi que le Comit\u00e9 d\u2019organisation de la COP15, pour avoir tout mis en \u0153uvre pour la r\u00e9ussite de cet \u00e9v\u00e9nement plan\u00e9taire, ici, en terre ivoirienne.<\/span><\/p>\n<p style=\"text-align: justify;\"><span style=\"font-family: verdana, geneva, sans-serif;\">Il a vivement remerci\u00e9 le secr\u00e9taire ex\u00e9cutif de la Convention des Nations-Unies, Ibrahim Thiaw, et son \u00e9quipe, pour leur soutien et leur franche collaboration.<\/span><\/p>\n<p style=\"text-align: justify;\"><span style=\"font-family: verdana, geneva, sans-serif;\">Il s\u2019est f\u00e9licit\u00e9 de l\u2019engagement pour la r\u00e9ussite de cette Convention, des 197 \u00c9tats parties, des institutions du Syst\u00e8me des Nations Unies, des partenaires au d\u00e9veloppement, de la soci\u00e9t\u00e9 civile et du secteur priv\u00e9.<\/span><\/p>\n<p style=\"text-align: justify;\"><span style=\"font-family: verdana, geneva, sans-serif;\">Le Chef du gouvernement a salu\u00e9 la participation remarquable des jeunes et des femmes lors de cette COP15 et remerci\u00e9 \u00ab tr\u00e8s sinc\u00e8rement \u00bb la Premi\u00e8re Dame de C\u00f4te d\u2019Ivoire, Dominique Ouattara, Pr\u00e9sidente du Caucus des Femmes, ainsi que la Premi\u00e8re Dame de la R\u00e9publique D\u00e9mocratique du Congo.<\/span><\/p>\n<p style=\"text-align: justify;\"><span style=\"font-family: verdana, geneva, sans-serif;\">Il a tenu \u00e0 remercier les \u00c9tats parties pour l\u2019\u00e9lection du ministre Alain-Richard Donwahi, pr\u00e9sident de la COP15.<\/span><\/p>\n<p style=\"text-align: justify;\"><span style=\"font-family: verdana, geneva, sans-serif;\">Pour finir, le Premier Ministre a souhait\u00e9 un bon retour aux diff\u00e9rents participants dans leurs pays respectifs et les a invit\u00e9s <em>\u00ab \u00e0 revenir r\u00e9guli\u00e8rement en C\u00f4te d\u2019Ivoire, cette terre d\u2019hospitalit\u00e9, cette terre de fraternit\u00e9 \u00bb.<\/em><\/span><\/p>\n","protected":false},"excerpt":{"rendered":"<p>Avec l\u2019Initiative d\u2019Abidjan qui d\u00e9bute, apr\u00e8s l\u2019organisation de la COP15 \u00e0 Abidjan, le Premier Ministre ivoirien, Patrick Achi, a exprim\u00e9 la volont\u00e9 de la C\u00f4te d\u2019Ivoire de jouer pleinement son [&hellip;]<\/p>\n","protected":false},"author":1,"featured_media":4173,"comment_status":"closed","ping_status":"closed","sticky":false,"template":"","format":"standard","meta":{"_lmt_disableupdate":"no","_lmt_disable":"","pgc_sgb_lightbox_settings":""},"categories":[58],"tags":[],"post_folder":[59],"modified_by":"MINEDD","_links":{"self":[{"href":"https:\/\/did-dev.net\/mineddte\/wp-json\/wp\/v2\/posts\/4172"}],"collection":[{"href":"https:\/\/did-dev.net\/mineddte\/wp-json\/wp\/v2\/posts"}],"about":[{"href":"https:\/\/did-dev.net\/mineddte\/wp-json\/wp\/v2\/types\/post"}],"author":[{"embeddable":true,"href":"https:\/\/did-dev.net\/mineddte\/wp-json\/wp\/v2\/users\/1"}],"replies":[{"embeddable":true,"href":"https:\/\/did-dev.net\/mineddte\/wp-json\/wp\/v2\/comments?post=4172"}],"version-history":[{"count":1,"href":"https:\/\/did-dev.net\/mineddte\/wp-json\/wp\/v2\/posts\/4172\/revisions"}],"predecessor-version":[{"id":4174,"href":"https:\/\/did-dev.net\/mineddte\/wp-json\/wp\/v2\/posts\/4172\/revisions\/4174"}],"wp:featuredmedia":[{"embeddable":true,"href":"https:\/\/did-dev.net\/mineddte\/wp-json\/wp\/v2\/media\/4173"}],"wp:attachment":[{"href":"https:\/\/did-dev.net\/mineddte\/wp-json\/wp\/v2\/media?parent=4172"}],"wp:term":[{"taxonomy":"category","embeddable":true,"href":"https:\/\/did-dev.net\/mineddte\/wp-json\/wp\/v2\/categories?post=4172"},{"taxonomy":"post_tag","embeddable":true,"href":"https:\/\/did-dev.net\/mineddte\/wp-json\/wp\/v2\/tags?post=4172"},{"taxonomy":"post_folder","embeddable":true,"href":"https:\/\/did-dev.net\/mineddte\/wp-json\/wp\/v2\/post_folder?post=4172"}],"curies":[{"name":"wp","href":"https:\/\/api.w.org\/{rel}","templated":true}]}}