{"id":4169,"date":"2022-05-20T11:53:11","date_gmt":"2022-05-20T11:53:11","guid":{"rendered":"https:\/\/did-dev.net\/mineddte\/?p=4169"},"modified":"2022-10-18T12:01:02","modified_gmt":"2022-10-18T12:01:02","slug":"la-formatrice-nous-a-dit-des-choses-que-nous-ne-savions-pas-avant-dixit-haidara-ramata-une-participante-a-la-sensibilisation-sur-les-risques-des-polluants-organiques-persistants-a-marc","status":"publish","type":"post","link":"https:\/\/did-dev.net\/mineddte\/la-formatrice-nous-a-dit-des-choses-que-nous-ne-savions-pas-avant-dixit-haidara-ramata-une-participante-a-la-sensibilisation-sur-les-risques-des-polluants-organiques-persistants-a-marc\/","title":{"rendered":"\u00ab LA FORMATRICE NOUS A DIT DES CHOSES QUE NOUS NE SAVIONS PAS AVANT \u00bb, DIXIT HA\u00cfDARA RAMATA, UNE PARTICIPANTE A LA SENSIBILISATION SUR LES RISQUES DES POLLUANTS ORGANIQUES PERSISTANTS A MARCORY"},"content":{"rendered":"<p style=\"text-align: justify;\"><img decoding=\"async\" loading=\"lazy\" class=\"size-full wp-image-4170 aligncenter\" src=\"https:\/\/did-dev.net\/mineddte\/wp-content\/uploads\/2022\/10\/UPOP-MARCORY-scaled.jpg\" alt=\"\" width=\"2560\" height=\"1003\" srcset=\"https:\/\/did-dev.net\/mineddte\/wp-content\/uploads\/2022\/10\/UPOP-MARCORY-scaled.jpg 2560w, https:\/\/did-dev.net\/mineddte\/wp-content\/uploads\/2022\/10\/UPOP-MARCORY-262x103.jpg 262w, https:\/\/did-dev.net\/mineddte\/wp-content\/uploads\/2022\/10\/UPOP-MARCORY-847x332.jpg 847w, https:\/\/did-dev.net\/mineddte\/wp-content\/uploads\/2022\/10\/UPOP-MARCORY-100x39.jpg 100w, https:\/\/did-dev.net\/mineddte\/wp-content\/uploads\/2022\/10\/UPOP-MARCORY-1536x602.jpg 1536w, https:\/\/did-dev.net\/mineddte\/wp-content\/uploads\/2022\/10\/UPOP-MARCORY-2048x803.jpg 2048w\" sizes=\"(max-width: 2560px) 100vw, 2560px\" \/><\/p>\n<p style=\"text-align: justify;\"><span style=\"font-family: verdana, geneva, sans-serif;\">Une cinquantaine de femmes de la commune de Marcory, pr\u00e9cis\u00e9ment d\u2019Anoumambo, ont \u00e9t\u00e9 form\u00e9es sur les risques des Polluants Organiques Persistants pour la sant\u00e9 et l\u2019environnement.<\/span><\/p>\n<p style=\"text-align: justify;\"><span style=\"font-family: verdana, geneva, sans-serif;\">Au cours de cet atelier qui s\u2019est d\u00e9roul\u00e9 le jeudi 19 mai 2022, la formation a \u00e9t\u00e9 une grande satisfaction pour ces femmes, comme le t\u00e9moigne madame Ha\u00efdara Ramata, restauratrice au sein d\u2019une casse et porte-parole des femmes<em>. \u00ab En tout cas, nous sommes tr\u00e8s heureuses de participer \u00e0 cette formation car nous avons appris ce qui est dangereux pour nous et comment faire pour r\u00e9duire notre exposition aux POPs \u00bb<\/em>, a-t-elle d\u00e9clar\u00e9. Elle a soulign\u00e9 que le groupe de femmes participantes \u00e0 cette session allait faire le relais pour que le mode de vie de l\u2019entourage change, en lien avec la manipulation et le d\u00e9mant\u00e8lement des \u00e9quipements \u00e9lectriques et \u00e9lectroniques et des v\u00e9hicules en fin de vie.<\/span><\/p>\n<p style=\"text-align: justify;\"><span style=\"font-family: verdana, geneva, sans-serif;\">Les POPs sont les Polluants Organiques Persistants. Ils peuvent \u00eatre produits de mani\u00e8re intentionnelle, \u00e0 travers les industries (pesticides, produits pour usages industriels) et de mani\u00e8re non intentionnelle (durant la combustion \u00e0 l\u2019air libre ou l\u2019incin\u00e9ration des d\u00e9chets et durant la combustion de la biomasse (feux de for\u00eats, feux domestiques). Aussi, certains processus industriels, comme la production de substances chimiques, de m\u00e9taux, de textiles, de c\u00e9ramique ainsi que la production artisanale de briques en sont les sources.<\/span><\/p>\n<p style=\"text-align: justify;\"><span style=\"font-family: verdana, geneva, sans-serif;\">L\u2019exposition des femmes pr\u00e9sentent plus de risques dus \u00e0 certains facteurs biologiques et surtout socio-\u00e9conomiques. <em>\u00ab Vous les femmes, vous avez la charge de la majeure partie des travaux domestiques \u00e0 l\u2019int\u00e9rieur et autour de la maison, y compris le tri, l\u2019enl\u00e8vement et l\u2019\u00e9limination des d\u00e9chets m\u00e9nagers. Vous br\u00fblez souvent \u00e0 l\u2019air libre des plastiques, des c\u00e2bles et plaquettes \u00e9lectriques, pneus et autres d\u00e9chets, ce qui vous expose \u00e0 des polluants organiques persistants hautement toxiques \u00bb,<\/em> a expliqu\u00e9 le Professeur Gustave BEDI.<\/span><\/p>\n<p style=\"text-align: justify;\"><span style=\"font-family: verdana, geneva, sans-serif;\">L\u2019exposition des femmes aux POPs a des r\u00e9percussions importantes sur leur sant\u00e9 et sur leur capacit\u00e9 \u00e0 porter des enfants qui \u00e0 leur tour deviennent vuln\u00e9rables \u00e0 travers l\u2019allaitement.<\/span><\/p>\n<p style=\"text-align: justify;\"><span style=\"font-family: verdana, geneva, sans-serif;\">La formation a \u00e9t\u00e9 donn\u00e9e par une experte du genre, madame Kra. Elle a pr\u00e9cis\u00e9 que ces sessions, qui visent essentiellement les femmes et qui avaient pour objectifs de les montrer les Meilleures Techniques Disponibles et les Meilleures Pratiques Environnementales (MTD\/MPE) de gestion des POPS contenus dans les D\u00e9chets d\u2019Equipements Electriques et Electroniques (DEEE) et des V\u00e9hicules en Fin de Vie (VFV), de les pr\u00e9senter les opportunit\u00e9s li\u00e9es aux DEEE et des VFV afin qu\u2019elles participent autant que les hommes, \u00e0 l\u2019\u00e9conomie circulaire de ce secteur.<\/span><\/p>\n<p style=\"text-align: justify;\"><span style=\"font-family: verdana, geneva, sans-serif;\">Coordonn\u00e9 par le Professeur Gustave BEDI, le projet UPOPCI <strong><em>signifie \u00ab Gestion rationnelle des polluants organiques persistants (POP) non intentionnels et des diph\u00e9nyles \u00e9thers polybrom\u00e9s (PBDE) pour r\u00e9duire leurs \u00e9missions du secteur des d\u00e9chets industriels \u00bb.<\/em><\/strong><\/span><\/p>\n<p style=\"text-align: justify;\"><span style=\"font-family: verdana, geneva, sans-serif;\">Ce projet a \u00e9t\u00e9 approuv\u00e9 par le FEM le 4 octobre 2019. Il a pour objectif d\u2019apporter des solutions sp\u00e9cifiques \u00e0 l\u2019\u00e9mission des PBDE et des dioxines et furanes, compos\u00e9s chimiques toxiques issus des mat\u00e9riaux plastiques contenu dans des v\u00e9hicules en fin de vie et du br\u00fblage \u00e0 ciel ouvert des d\u00e9chets \u00e9lectroniques.<\/span><\/p>\n","protected":false},"excerpt":{"rendered":"<p>Une cinquantaine de femmes de la commune de Marcory, pr\u00e9cis\u00e9ment d\u2019Anoumambo, ont \u00e9t\u00e9 form\u00e9es sur les risques des Polluants Organiques Persistants pour la sant\u00e9 et l\u2019environnement. Au cours de cet [&hellip;]<\/p>\n","protected":false},"author":1,"featured_media":4170,"comment_status":"closed","ping_status":"closed","sticky":false,"template":"","format":"standard","meta":{"_lmt_disableupdate":"no","_lmt_disable":"","pgc_sgb_lightbox_settings":""},"categories":[58],"tags":[],"post_folder":[59],"modified_by":"MINEDD","_links":{"self":[{"href":"https:\/\/did-dev.net\/mineddte\/wp-json\/wp\/v2\/posts\/4169"}],"collection":[{"href":"https:\/\/did-dev.net\/mineddte\/wp-json\/wp\/v2\/posts"}],"about":[{"href":"https:\/\/did-dev.net\/mineddte\/wp-json\/wp\/v2\/types\/post"}],"author":[{"embeddable":true,"href":"https:\/\/did-dev.net\/mineddte\/wp-json\/wp\/v2\/users\/1"}],"replies":[{"embeddable":true,"href":"https:\/\/did-dev.net\/mineddte\/wp-json\/wp\/v2\/comments?post=4169"}],"version-history":[{"count":1,"href":"https:\/\/did-dev.net\/mineddte\/wp-json\/wp\/v2\/posts\/4169\/revisions"}],"predecessor-version":[{"id":4171,"href":"https:\/\/did-dev.net\/mineddte\/wp-json\/wp\/v2\/posts\/4169\/revisions\/4171"}],"wp:featuredmedia":[{"embeddable":true,"href":"https:\/\/did-dev.net\/mineddte\/wp-json\/wp\/v2\/media\/4170"}],"wp:attachment":[{"href":"https:\/\/did-dev.net\/mineddte\/wp-json\/wp\/v2\/media?parent=4169"}],"wp:term":[{"taxonomy":"category","embeddable":true,"href":"https:\/\/did-dev.net\/mineddte\/wp-json\/wp\/v2\/categories?post=4169"},{"taxonomy":"post_tag","embeddable":true,"href":"https:\/\/did-dev.net\/mineddte\/wp-json\/wp\/v2\/tags?post=4169"},{"taxonomy":"post_folder","embeddable":true,"href":"https:\/\/did-dev.net\/mineddte\/wp-json\/wp\/v2\/post_folder?post=4169"}],"curies":[{"name":"wp","href":"https:\/\/api.w.org\/{rel}","templated":true}]}}