{"id":4163,"date":"2022-06-10T11:12:00","date_gmt":"2022-06-10T11:12:00","guid":{"rendered":"https:\/\/did-dev.net\/mineddte\/?p=4163"},"modified":"2022-10-19T09:56:25","modified_gmt":"2022-10-19T09:56:25","slug":"jmo-menace-de-pollution-a-grand-lahou-monsieur-jean-luc-assi-lance-les-operations-du-plan-pollumar","status":"publish","type":"post","link":"https:\/\/did-dev.net\/mineddte\/jmo-menace-de-pollution-a-grand-lahou-monsieur-jean-luc-assi-lance-les-operations-du-plan-pollumar\/","title":{"rendered":"JMO\/MENACE DE POLLUTION A GRAND-LAHOU : MONSIEUR JEAN-LUC ASSI LANCE LES OPERATIONS DU PLAN POLLUMAR"},"content":{"rendered":"<p style=\"text-align: justify;\"><span style=\"font-family: verdana, geneva, sans-serif;\"><img decoding=\"async\" loading=\"lazy\" class=\"alignnone size-full wp-image-4164\" src=\"https:\/\/did-dev.net\/mineddte\/wp-content\/uploads\/2022\/10\/PLAN-POLLUMAR-scaled.jpg\" alt=\"\" width=\"2560\" height=\"1003\" srcset=\"https:\/\/did-dev.net\/mineddte\/wp-content\/uploads\/2022\/10\/PLAN-POLLUMAR-scaled.jpg 2560w, https:\/\/did-dev.net\/mineddte\/wp-content\/uploads\/2022\/10\/PLAN-POLLUMAR-262x103.jpg 262w, https:\/\/did-dev.net\/mineddte\/wp-content\/uploads\/2022\/10\/PLAN-POLLUMAR-847x332.jpg 847w, https:\/\/did-dev.net\/mineddte\/wp-content\/uploads\/2022\/10\/PLAN-POLLUMAR-100x39.jpg 100w, https:\/\/did-dev.net\/mineddte\/wp-content\/uploads\/2022\/10\/PLAN-POLLUMAR-1536x602.jpg 1536w, https:\/\/did-dev.net\/mineddte\/wp-content\/uploads\/2022\/10\/PLAN-POLLUMAR-2048x803.jpg 2048w\" sizes=\"(max-width: 2560px) 100vw, 2560px\" \/><\/span><\/p>\n<p style=\"text-align: justify;\"><span style=\"font-family: verdana, geneva, sans-serif;\"><em>\u00ab\u00a0Une Quinzaine Nationale de l\u2019Environnement et du D\u00e9veloppement Durable (QNEDD) de l\u2019<strong>engagement \u00e9cologique<\/strong>, qui soit le prolongement des recommandations de la COP15 sur la lutte contre la d\u00e9gradation des sols, qui soit proche des populations pour que celles-ci marquent leur implication dans les actions de sauvegarde de l\u2019environnement\u00a0\u00bb,<\/em> c\u2019est dans le cadre de cette vision du Ministre Jean-Luc ASSI que la Journ\u00e9e Mondiale des Oc\u00e9ans a \u00e9t\u00e9 c\u00e9l\u00e9br\u00e9e dans la ville de Grand-lahou, les 08 et 09 juin 2022.<\/span><\/p>\n<p style=\"text-align: justify;\"><span style=\"font-family: verdana, geneva, sans-serif;\">Il a proc\u00e9d\u00e9 au lancement du plan national d\u2019urgence de lutte contre la pollution accidentelle en mer, en lagune et dans les zones c\u00f4ti\u00e8res (Plan POLLUMAR). C\u2019\u00e9tait le 09 juin 2022.<\/span><\/p>\n<p style=\"text-align: justify;\"><span style=\"font-family: verdana, geneva, sans-serif;\">Le Plan POLLUMAR est un dispositif institu\u00e9 par d\u00e9cret n\u00b098-42 du 28 janvier 1998 pour faire face aux menaces r\u00e9elles de pollution des milieux marins, lagunaires et zones c\u00f4ti\u00e8res. Une fois encore, cet exercice de simulation dont le but est de tester et am\u00e9liorer l\u2019efficacit\u00e9 et la r\u00e9activit\u00e9 de ces acteurs face \u00e0 un cas de pollution, s\u2019est d\u00e9roul\u00e9 \u00e0 Grand-Lahou. Soulignons que le choix de cette ville est strat\u00e9gique. A en croire les experts du CIAPOL, Grand-Lahou serait fortement expos\u00e9e \u00e0 l\u2019exploitation et l\u2019exploration off-shore, au volume sans cesse croissant du trafic maritime, \u00e0 l\u2019installation de grandes firmes industrielles et agro-industrielles.\u00a0<\/span><\/p>\n<p style=\"text-align: justify;\"><span style=\"font-family: verdana, geneva, sans-serif;\">Pr\u00e9c\u00e9demment, le 08 juin 2022, le Directeur de Cabinet Adjoint a repr\u00e9sent\u00e9 le Ministre Jean-Luc ASSI, lors de l\u2019ouverture officielle de la c\u00e9l\u00e9bration de la JMO. Il a r\u00e9ceptionn\u00e9, \u00e0 cette occasion, le Plan d\u2019Am\u00e9nagement et de Gestion Int\u00e9gr\u00e9 du Littoral (PAGIL). Ce document lui a \u00e9t\u00e9 remis par le Professeur OCHOU Delphin, Coordonnateur du Projet d\u2019Investissement pour la R\u00e9silience des Zones C\u00f4ti\u00e8res Ouest-africaines (WACA).<\/span><\/p>\n<p style=\"text-align: justify;\"><span style=\"font-family: verdana, geneva, sans-serif;\">Le th\u00e8me de la JMO \u00e9tait <strong>\u00ab Oc\u00e9ans\u00a0: vie et moyens de subsistance\u00a0\u00bb<\/strong>. Sorties nombreuses pour manifester leur engagement \u00e0 la pr\u00e9servation des cours d\u2019eaux, des mangroves et du littoral qui traverse leur localit\u00e9, les populations de Grand-Lahou ont \u00e9t\u00e9 exhort\u00e9 \u00e0 la restauration des mangroves, y compris la bomme gestion du littoral.<\/span><\/p>\n<p style=\"text-align: justify;\"><span style=\"font-family: verdana, geneva, sans-serif;\">En effet, cette localit\u00e9 vit au quotidien l\u2019\u00e9rosion c\u00f4ti\u00e8re, la mont\u00e9e des eaux et les inondations. L\u2019insuffisance de ressources halieutiques li\u00e9e \u00e0 la mauvaise gestion des mangroves locales, la pollution de la lagune par divers d\u00e9chets plastiques et m\u00e9nag\u00e8res sont au nombre des probl\u00e8mes environnementaux de la ville.<\/span><\/p>\n<p style=\"text-align: justify;\"><span style=\"font-family: verdana, geneva, sans-serif;\">En vue de rendre durable les activit\u00e9s \u00e9conomiques, principalement li\u00e9es \u00e0 la p\u00eache et au tourisme et de garantir leur propre survie, les populations ont \u00e9t\u00e9 form\u00e9es au reboisement des mangroves et \u00e0 leur gestion. Cela gr\u00e2ce aux actions coordonn\u00e9es du Minist\u00e8re de l\u2019Environnement et du D\u00e9veloppement Durable, \u00e0 travers le projet WACA et les \u00e9lus locaux. Il est pr\u00e9vu la reconstitution de 25 hectares de champ de mangrove et la construction prochaine d\u2019un ouvrage destin\u00e9 \u00e0 stabiliser l\u2019embouchure du fleuve Bandama \u00e0 Grand-Lahou.<\/span><\/p>\n<p style=\"text-align: justify;\"><span style=\"font-family: verdana, geneva, sans-serif;\">\u00ab\u00a0<em>Aujourd\u2019hui j\u2019ai compris l\u2019importance et le besoin des mangroves car ce sont des zones de reproduction des poissons. Sans mangroves les poissons ne peuvent pas pondre et cela repr\u00e9sente un risque pour nous les activit\u00e9s de la p\u00eache<\/em>\u00a0\u00bb, a reconnu Richard SEGUI, un habitant de Brafedon, village de Grand-Lahou.<\/span><\/p>\n","protected":false},"excerpt":{"rendered":"<p>\u00ab\u00a0Une Quinzaine Nationale de l\u2019Environnement et du D\u00e9veloppement Durable (QNEDD) de l\u2019engagement \u00e9cologique, qui soit le prolongement des recommandations de la COP15 sur la lutte contre la d\u00e9gradation des sols, [&hellip;]<\/p>\n","protected":false},"author":1,"featured_media":4164,"comment_status":"closed","ping_status":"closed","sticky":false,"template":"","format":"standard","meta":{"_lmt_disableupdate":"no","_lmt_disable":"","pgc_sgb_lightbox_settings":""},"categories":[58],"tags":[],"post_folder":[59],"modified_by":"MINEDD","_links":{"self":[{"href":"https:\/\/did-dev.net\/mineddte\/wp-json\/wp\/v2\/posts\/4163"}],"collection":[{"href":"https:\/\/did-dev.net\/mineddte\/wp-json\/wp\/v2\/posts"}],"about":[{"href":"https:\/\/did-dev.net\/mineddte\/wp-json\/wp\/v2\/types\/post"}],"author":[{"embeddable":true,"href":"https:\/\/did-dev.net\/mineddte\/wp-json\/wp\/v2\/users\/1"}],"replies":[{"embeddable":true,"href":"https:\/\/did-dev.net\/mineddte\/wp-json\/wp\/v2\/comments?post=4163"}],"version-history":[{"count":2,"href":"https:\/\/did-dev.net\/mineddte\/wp-json\/wp\/v2\/posts\/4163\/revisions"}],"predecessor-version":[{"id":4218,"href":"https:\/\/did-dev.net\/mineddte\/wp-json\/wp\/v2\/posts\/4163\/revisions\/4218"}],"wp:featuredmedia":[{"embeddable":true,"href":"https:\/\/did-dev.net\/mineddte\/wp-json\/wp\/v2\/media\/4164"}],"wp:attachment":[{"href":"https:\/\/did-dev.net\/mineddte\/wp-json\/wp\/v2\/media?parent=4163"}],"wp:term":[{"taxonomy":"category","embeddable":true,"href":"https:\/\/did-dev.net\/mineddte\/wp-json\/wp\/v2\/categories?post=4163"},{"taxonomy":"post_tag","embeddable":true,"href":"https:\/\/did-dev.net\/mineddte\/wp-json\/wp\/v2\/tags?post=4163"},{"taxonomy":"post_folder","embeddable":true,"href":"https:\/\/did-dev.net\/mineddte\/wp-json\/wp\/v2\/post_folder?post=4163"}],"curies":[{"name":"wp","href":"https:\/\/api.w.org\/{rel}","templated":true}]}}