{"id":4158,"date":"2022-06-14T18:45:36","date_gmt":"2022-06-14T18:45:36","guid":{"rendered":"https:\/\/did-dev.net\/mineddte\/?p=4158"},"modified":"2022-10-18T10:54:12","modified_gmt":"2022-10-18T10:54:12","slug":"validation-du-rapport-detude-de-faisabilite-du-systeme-des-mrv-en-matiere-de-ladaptation-et-dattenuation-aux-changements-climatiques","status":"publish","type":"post","link":"https:\/\/did-dev.net\/mineddte\/validation-du-rapport-detude-de-faisabilite-du-systeme-des-mrv-en-matiere-de-ladaptation-et-dattenuation-aux-changements-climatiques\/","title":{"rendered":"VALIDATION DU RAPPORT D\u2019ETUDE DE FAISABILITE DU SYSTEME DES MRV EN MATIERE DE L\u2019ADAPTATION ET D\u2019ATTENUATION AUX CHANGEMENTS CLIMATIQUES"},"content":{"rendered":"<p style=\"text-align: justify;\"><span style=\"font-family: verdana, geneva, sans-serif;\"><strong><em><img decoding=\"async\" loading=\"lazy\" class=\"alignnone size-full wp-image-4161\" src=\"https:\/\/did-dev.net\/mineddte\/wp-content\/uploads\/2022\/10\/Sans-titre-MRV-scaled.jpg\" alt=\"\" width=\"2560\" height=\"1003\" srcset=\"https:\/\/did-dev.net\/mineddte\/wp-content\/uploads\/2022\/10\/Sans-titre-MRV-scaled.jpg 2560w, https:\/\/did-dev.net\/mineddte\/wp-content\/uploads\/2022\/10\/Sans-titre-MRV-262x103.jpg 262w, https:\/\/did-dev.net\/mineddte\/wp-content\/uploads\/2022\/10\/Sans-titre-MRV-847x332.jpg 847w, https:\/\/did-dev.net\/mineddte\/wp-content\/uploads\/2022\/10\/Sans-titre-MRV-100x39.jpg 100w, https:\/\/did-dev.net\/mineddte\/wp-content\/uploads\/2022\/10\/Sans-titre-MRV-1536x602.jpg 1536w, https:\/\/did-dev.net\/mineddte\/wp-content\/uploads\/2022\/10\/Sans-titre-MRV-2048x803.jpg 2048w\" sizes=\"(max-width: 2560px) 100vw, 2560px\" \/><\/em><\/strong><\/span><\/p>\n<p style=\"text-align: justify;\"><span style=\"font-family: verdana, geneva, sans-serif;\">La Convention-Cadre des Nations Unies sur les Changements Climatiques (CCNUCC) a introduit le syst\u00e8me MNV lors de la Conf\u00e9rence des Parties (COP 13) \u00e0 Bali. Le concept de syst\u00e8me MNV a \u00e9volu\u00e9 depuis le Plan d\u2019Actions de Bali jusqu\u2019\u00e0 l\u2019Accord de Paris. L\u2019Accord de Paris (Articles 13 et 14) mentionne un nouveau cadre de transparence \u00ab le cadre Mesure, Reportage et V\u00e9rification (MNV) \u00bb qui contribuera \u00e0 contr\u00f4ler les actions d\u2019att\u00e9nuation, d\u2019adaptation, et de financement. Ce nouveau cadre de transparence \u00e9clairera l\u2019inventaire mondial, qui sera utilis\u00e9 pour \u00e9valuer les progr\u00e8s par rapport aux objectifs visant \u00e0 limiter le r\u00e9chauffement \u00e0 2\u00baC ou au niveau plus ambitieux de 1,5\u00baC, et la situation des efforts d\u2019adaptation.<\/span><\/p>\n<p style=\"text-align: justify;\"><span style=\"font-family: verdana, geneva, sans-serif;\">Au travers ses Contributions D\u00e9termin\u00e9es au niveau National (CDN \/ NDC) r\u00e9vis\u00e9es, la C\u00f4te d\u2019Ivoire entend renforcer la r\u00e9silience du pays aux changements climatiques notamment\u00a0des ressources en eau, de l\u2019agriculture\/\u00e9levage\/p\u00eache, des for\u00eats et utilisation des terres, des zones c\u00f4ti\u00e8res, passive, de restauration et de la sant\u00e9 publique.<\/span><\/p>\n<p style=\"text-align: justify;\"><span style=\"font-family: verdana, geneva, sans-serif;\">Ainsi, dans un contexte d\u2019op\u00e9rationnalisation des Contributions D\u00e9termin\u00e9es Nationales (CDN) soutenues par l\u2019\u00e9laboration du Plan National d\u2019Adaptation aux changements climatiques (PNA) de la C\u00f4te d\u2019Ivoire, le Minist\u00e8re de l\u2019Environnement et du D\u00e9veloppement Durable (MINEDD), \u00e0 travers le Programme National Changements Climatiques (PNCC) et en \u00e9troite collaboration avec le PNUD b\u00e9n\u00e9ficie des appuis du Fonds Vert pour le Climat (FVC) et du Fonds pour l\u2019Environnement Mondial (FEM). Ces appuis servent \u00e0 la mise en \u0153uvre du\u00a0\u00ab\u00a0Projet de renforcement de l\u2019int\u00e9gration de l\u2019adaptation aux changements climatiques dans la planification du d\u00e9veloppement en C\u00f4te d\u2019Ivoire (NAP-GCF)\u00a0\u00bb et du projet \u00ab\u00a0Am\u00e9lioration du syst\u00e8me de transparence pour une action climatique renforc\u00e9e en C\u00f4te d\u2019Ivoire (CBIT-FEM).<\/span><\/p>\n<p style=\"text-align: justify;\"><span style=\"font-family: verdana, geneva, sans-serif;\">L\u2019un des objectifs sp\u00e9cifiques de ce projet pour le PNA est la mise en place d\u2019une m\u00e9thode normalis\u00e9e pour suivre les projets d\u2019adaptation et mesurer leurs progr\u00e8s, \u00e9tablir une m\u00e9thode op\u00e9rationnelle de mesure en d\u00e9finissant des indicateurs comparables pour \u00e9valuer les progr\u00e8s et \u00e9tablir un inventaire mesurable, communicable et v\u00e9rifiable \u00e0 travers un Syst\u00e8me National de Mesure, de Notification et de V\u00e9rification (MNV ou MRV en Anglais). Pour le CBIT, l\u2019un des objectifs sp\u00e9cifiques est la conception et la mise en place d&#8217;une plate-forme MRV en ligne pour le stockage et la notification des donn\u00e9es sur les Gaz \u00e0 Effet de Serre (GES).<\/span><\/p>\n<p style=\"text-align: justify;\"><span style=\"font-family: verdana, geneva, sans-serif;\">Ces deux objectifs sp\u00e9cifiques ont n\u00e9cessit\u00e9 le recrutement de deux \u00e9quipes de consultants (international et national), une \u00e9quipe pour le projet PNA et une \u00e9quipe pour le projet CBIT en charge d\u2019une \u00e9tude de faisabilit\u00e9 de la mise en place des deux syst\u00e8mes.<\/span><\/p>\n<p style=\"text-align: justify;\"><span style=\"font-family: verdana, geneva, sans-serif;\">Dans le cadre de la poursuite de leur activit\u00e9, un atelier de validation du syst\u00e8me MNV pour l\u2019adaptation et pour l\u2019att\u00e9nuation aux changements climatiques est organis\u00e9e avec les acteurs nationaux.<\/span><\/p>\n<p style=\"text-align: justify;\"><span style=\"font-family: verdana, geneva, sans-serif;\">Du mardi 14 au Vendredi 17 juin s\u2019est tenu \u00e0 Grand-Bassam \u00ab\u00a0l\u2019atelier de validation du rapport d\u2019\u00e9tude de faisabilit\u00e9 du syst\u00e8me des MRV en mati\u00e8re de l\u2019adaptation et d\u2019att\u00e9nuation aux changements climatiques\u00a0\u00bb.<\/span><\/p>\n<p style=\"text-align: justify;\"><span style=\"font-family: verdana, geneva, sans-serif;\">Cet atelier avait pour objectif de pr\u00e9senter et de valider aupr\u00e8s des acteurs nationaux les r\u00e9sultats des \u00e9tudes sur les syst\u00e8mes MNV.<\/span><\/p>\n<p style=\"text-align: justify;\"><span style=\"font-family: verdana, geneva, sans-serif;\">Il s\u2019agissait plus sp\u00e9cifiquement de :<\/span><\/p>\n<ul style=\"text-align: justify;\">\n<li><span style=\"font-family: verdana, geneva, sans-serif;\">Pr\u00e9senter les r\u00e9sultats finaux de l\u2019\u00e9tude de faisabilit\u00e9 d\u2019un syst\u00e8me MNV pour l\u2019adaptation dans le cadre du processus PNA ;<\/span><\/li>\n<li><span style=\"font-family: verdana, geneva, sans-serif;\">Pr\u00e9senter les r\u00e9sultats finaux de l\u2019\u00e9tude de conception d\u2019un syst\u00e8me national MNV pour le suivi de la mise en place de la CDN actualis\u00e9e ;<\/span><\/li>\n<li><span style=\"font-family: verdana, geneva, sans-serif;\">Pr\u00e9senter la proposition de dimensionnement des syst\u00e8mes MNV de l\u2019adaptation et de l\u2019att\u00e9nuation ;<\/span><\/li>\n<li><span style=\"font-family: verdana, geneva, sans-serif;\">Pr\u00e9senter la proposition des arrangements institutionnels de ses sous-syst\u00e8mes (information climatique, risques et vuln\u00e9rabilit\u00e9s, secteurs vuln\u00e9rables, secteurs \u00e9metteurs, prise en compte du genre) ;<\/span><\/li>\n<li><span style=\"font-family: verdana, geneva, sans-serif;\">Engager les structures cl\u00e9s dans les prochaines \u00e9tapes d\u2019impl\u00e9mentation du syst\u00e8me MNV de l\u2019adaptation et de l\u2019att\u00e9nuation.<\/span><\/li>\n<\/ul>\n<p style=\"text-align: justify;\"><span style=\"font-family: verdana, geneva, sans-serif;\">Cette s\u00e9ance de travail qui se voulait tr\u00e8s technique a enregistr\u00e9 la participation de soixante (60) participants issus de structures \u00e9tatiques, des universit\u00e9s et centres de recherches, du secteur priv\u00e9, des \u00e9tablissements sous-tutelle de coop\u00e9ratives agricoles et de la soci\u00e9t\u00e9 civile.<\/span><\/p>\n<p style=\"text-align: justify;\"><span style=\"font-family: verdana, geneva, sans-serif;\">Ladite s\u00e9ance s\u2019est d\u00e9roul\u00e9e en trois (03) phases \u00e0 savoir :<\/span><\/p>\n<ul style=\"text-align: justify;\">\n<li><span style=\"font-family: verdana, geneva, sans-serif;\">C\u00e9r\u00e9monie d\u2019ouverture\u00a0;<\/span><\/li>\n<li><span style=\"font-family: verdana, geneva, sans-serif;\">Pr\u00e9sentations, \u00e9changes et travaux de groupe\u00a0;<\/span><\/li>\n<li><span style=\"font-family: verdana, geneva, sans-serif;\">C\u00e9r\u00e9monie de cl\u00f4ture.<\/span><\/li>\n<\/ul>\n<p style=\"text-align: justify;\"><span style=\"font-family: verdana, geneva, sans-serif;\">La c\u00e9r\u00e9monie d\u2019ouverture a \u00e9t\u00e9 ponctu\u00e9e par deux (02) interventions, celle du Repr\u00e9sentant de la Repr\u00e9sentante R\u00e9sidente du PNUD et du Repr\u00e9sentant du Ministre de l\u2019Environnement.<\/span><\/p>\n<p style=\"text-align: justify;\"><span style=\"font-family: verdana, geneva, sans-serif;\">Le Colonel Jean Douglas ANAMAN, Coordonnateur du \u00ab\u00a0Projet de renforcement de l\u2019int\u00e9gration de l\u2019adaptation aux changements climatiques dans la planification du d\u00e9veloppement en C\u00f4te d\u2019Ivoire NAP-GCF\u00a0\u00bb,\u00a0repr\u00e9sentant la Repr\u00e9sentante R\u00e9sidente du Programme des Nations Unies pour le D\u00e9veloppement (PNUD) Mme Carol Flore-Smereczniak, a d\u2019abord, dans son allocution traduit les salutations et les remerciements de Madame la Repr\u00e9sentante R\u00e9sidente aux diff\u00e9rentes parties prenantes de l\u2019atelier. Tout en remerciant \u00e9galement, le Minist\u00e8re de l\u2019Environnement et du D\u00e9veloppement Durable (MINEDD) pour la confiance accord\u00e9e au PNUD dans la mise en \u0153uvre du projet NAP-GCF.<\/span><\/p>\n<p style=\"text-align: justify;\"><span style=\"font-family: verdana, geneva, sans-serif;\">Il a par la suite rappel\u00e9 le contexte de l\u2019atelier du jour et son objectif, pour finalement inviter chacune des parties prenantes \u00e0 s\u2019approprier cette validation et de participer activement aux diff\u00e9rents travaux pour la r\u00e9ussite de celui-ci.<\/span><\/p>\n<p style=\"text-align: justify;\"><span style=\"font-family: verdana, geneva, sans-serif;\">Le Colonel Marcel YAO, Directeur de la Coop\u00e9ration Internationale et de la Mobilisation des Financements Climatiques, repr\u00e9sentant le Ministre de l\u2019Environnement et du D\u00e9veloppement Durable (MINEDD),\u00a0a d\u2019abord au nom de Monsieur le Ministre souhait\u00e9 la bienvenue \u00e0 tous les participants, ensuite exprim\u00e9 sa gratitude au\u00a0PNUD\u00a0pour la collaboration et leur appui \u00e0 la tenue de cet atelier.<\/span><\/p>\n<p style=\"text-align: justify;\"><span style=\"font-family: verdana, geneva, sans-serif;\">Il a soulign\u00e9 le fait que cette activit\u00e9 s\u2019inscrit\u00a0l\u2019Environnement (QNA)\u00a0et repr\u00e9sente une \u00e9tape cruciale dans l\u2019\u00e9laboration du\u00a0Plan National d\u2019Adaptation (PNA)\u00a0de la Cote d\u2019Ivoire. Tout en rappelant le contexte de mise en \u0153uvre des CDN r\u00e9vis\u00e9s de la Cote d\u2019Ivoire, il a finalement f\u00e9licit\u00e9 le PNCC pour cette initiative et ses efforts sans cesse continus dans la lutte contre les changements climatiques. Aussi a-t-il remerci\u00e9 l\u2019ensemble des parties prenantes pour leur pr\u00e9sence effective et l\u2019int\u00e9r\u00eat qu\u2019ils portent \u00e0 la question au niveau national. Pour finir, il a d\u00e9clar\u00e9 ouvert l\u2019\u00ab\u00a0atelier de validation du rapport d\u2019\u00e9tude de faisabilit\u00e9 du syst\u00e8me des MRV en mati\u00e8re de l\u2019adaptation et d\u2019att\u00e9nuation aux changements climatiques\u00a0\u00bb<\/span><\/p>\n<p style=\"text-align: justify;\"><span style=\"font-family: verdana, geneva, sans-serif;\">L\u2019atelier a \u00e9t\u00e9 emmaill\u00e9 par plusieurs pr\u00e9sentations relatives aux deux projets organisateurs de l\u2019atelier\u00a0; aux r\u00e9sultats des \u00e9tudes diagnostiques\u00a0; \u00e0 l\u2019\u00e9tude de faisabilit\u00e9 du MRV adaptation (PNA)\u00a0; au projet de d\u00e9cret portant mis en place du cadre juridique et institutionnel du syst\u00e8me national de mesures, rapportages et v\u00e9rification op\u00e9rationnel en abr\u00e9g\u00e9 SN-MRV\u00a0; aux r\u00e9sultats de l\u2019\u00e9tude de d\u2019\u00e9laboration du syst\u00e8me MRV de l\u2019att\u00e9nuation (CDN).<\/span><\/p>\n","protected":false},"excerpt":{"rendered":"<p>La Convention-Cadre des Nations Unies sur les Changements Climatiques (CCNUCC) a introduit le syst\u00e8me MNV lors de la Conf\u00e9rence des Parties (COP 13) \u00e0 Bali. Le concept de syst\u00e8me MNV [&hellip;]<\/p>\n","protected":false},"author":1,"featured_media":4161,"comment_status":"closed","ping_status":"closed","sticky":false,"template":"","format":"standard","meta":{"_lmt_disableupdate":"no","_lmt_disable":"","pgc_sgb_lightbox_settings":""},"categories":[58],"tags":[],"post_folder":[59],"modified_by":"MINEDD","_links":{"self":[{"href":"https:\/\/did-dev.net\/mineddte\/wp-json\/wp\/v2\/posts\/4158"}],"collection":[{"href":"https:\/\/did-dev.net\/mineddte\/wp-json\/wp\/v2\/posts"}],"about":[{"href":"https:\/\/did-dev.net\/mineddte\/wp-json\/wp\/v2\/types\/post"}],"author":[{"embeddable":true,"href":"https:\/\/did-dev.net\/mineddte\/wp-json\/wp\/v2\/users\/1"}],"replies":[{"embeddable":true,"href":"https:\/\/did-dev.net\/mineddte\/wp-json\/wp\/v2\/comments?post=4158"}],"version-history":[{"count":1,"href":"https:\/\/did-dev.net\/mineddte\/wp-json\/wp\/v2\/posts\/4158\/revisions"}],"predecessor-version":[{"id":4162,"href":"https:\/\/did-dev.net\/mineddte\/wp-json\/wp\/v2\/posts\/4158\/revisions\/4162"}],"wp:featuredmedia":[{"embeddable":true,"href":"https:\/\/did-dev.net\/mineddte\/wp-json\/wp\/v2\/media\/4161"}],"wp:attachment":[{"href":"https:\/\/did-dev.net\/mineddte\/wp-json\/wp\/v2\/media?parent=4158"}],"wp:term":[{"taxonomy":"category","embeddable":true,"href":"https:\/\/did-dev.net\/mineddte\/wp-json\/wp\/v2\/categories?post=4158"},{"taxonomy":"post_tag","embeddable":true,"href":"https:\/\/did-dev.net\/mineddte\/wp-json\/wp\/v2\/tags?post=4158"},{"taxonomy":"post_folder","embeddable":true,"href":"https:\/\/did-dev.net\/mineddte\/wp-json\/wp\/v2\/post_folder?post=4158"}],"curies":[{"name":"wp","href":"https:\/\/api.w.org\/{rel}","templated":true}]}}