{"id":4153,"date":"2022-06-03T15:15:28","date_gmt":"2022-06-03T15:15:28","guid":{"rendered":"https:\/\/did-dev.net\/mineddte\/?p=4153"},"modified":"2022-10-18T10:22:30","modified_gmt":"2022-10-18T10:22:30","slug":"quinzaine-nationale-de-lenvironnement-et-du-developpement-durable-le-ministre-jean-luc-assi-lance-ledition-2022-sous-le-sceau-de-lengagement","status":"publish","type":"post","link":"https:\/\/did-dev.net\/mineddte\/quinzaine-nationale-de-lenvironnement-et-du-developpement-durable-le-ministre-jean-luc-assi-lance-ledition-2022-sous-le-sceau-de-lengagement\/","title":{"rendered":"QUINZAINE NATIONALE DE L\u2019ENVIRONNEMENT ET DU DEVELOPPEMENT DURABLE : LE MINISTRE JEAN-LUC ASSI LANCE L\u2019EDITION 2022 SOUS LE SCEAU DE L\u2019ENGAGEMENT"},"content":{"rendered":"<p style=\"text-align: justify;\"><span style=\"font-family: verdana, geneva, sans-serif;\"><em><img decoding=\"async\" loading=\"lazy\" class=\"alignnone size-full wp-image-4156\" src=\"https:\/\/did-dev.net\/mineddte\/wp-content\/uploads\/2022\/10\/Sans-titre-1-7-scaled.jpg\" alt=\"\" width=\"2560\" height=\"1003\" srcset=\"https:\/\/did-dev.net\/mineddte\/wp-content\/uploads\/2022\/10\/Sans-titre-1-7-scaled.jpg 2560w, https:\/\/did-dev.net\/mineddte\/wp-content\/uploads\/2022\/10\/Sans-titre-1-7-262x103.jpg 262w, https:\/\/did-dev.net\/mineddte\/wp-content\/uploads\/2022\/10\/Sans-titre-1-7-847x332.jpg 847w, https:\/\/did-dev.net\/mineddte\/wp-content\/uploads\/2022\/10\/Sans-titre-1-7-100x39.jpg 100w, https:\/\/did-dev.net\/mineddte\/wp-content\/uploads\/2022\/10\/Sans-titre-1-7-1536x602.jpg 1536w, https:\/\/did-dev.net\/mineddte\/wp-content\/uploads\/2022\/10\/Sans-titre-1-7-2048x803.jpg 2048w\" sizes=\"(max-width: 2560px) 100vw, 2560px\" \/><\/em><\/span><\/p>\n<p style=\"text-align: justify;\"><span style=\"font-family: verdana, geneva, sans-serif;\"><strong><em>\u00ab Je lance les activit\u00e9s de l\u2019\u00e9dition 2022 de la Quinzaine Nationale de l\u2019Environnement et du D\u00e9veloppement Durable (QNEDD 2022) sous le sceau de l\u2019engagement \u00bb<\/em><\/strong>, a d\u00e9clar\u00e9 le Ministre Jean-Luc ASSI au cours d\u2019une c\u00e9r\u00e9monie de pr\u00e9sentation des grandes articulations de cette activit\u00e9 \u00e0 la presse. C\u2019\u00e9tait le vendredi 03 juin 2022, \u00e0 son Cabinet minist\u00e9riel, sis au Plateau.<\/span><\/p>\n<p style=\"text-align: justify;\"><span style=\"font-family: verdana, geneva, sans-serif;\">Selon le Ministre, pr\u00f4ner un tel engagement dans le cadre de la QNEDD 2022, vise \u00e0 faire en sorte que les recommandations de la COP15 sur la lutte contre la d\u00e9gradation des sols, qui s\u2019est tenu \u00e0 Abidjan du 09 au 20 mai dernier, soient mieux connues des populations pour une enti\u00e8re appropriation et que les actions de sensibilisation se rapproche davantage de celles-ci pour plus d\u2019implication dans la sauvegarde de l\u2019environnement.<\/span><\/p>\n<p style=\"text-align: justify;\"><span style=\"font-family: verdana, geneva, sans-serif;\"><em>\u00ab la quinzaine sera tant \u00e0 Abidjan qu\u2019\u00e0 l\u2019int\u00e9rieur du pays pour sensibiliser les populations, y compris toutes les couches socioprofessionnelles, sur les enjeux socio\u00e9conomiques, sanitaires et s\u00e9curitaires li\u00e9s \u00e0 la protection de l\u2019environnement, pour inciter les acteurs du secteurs priv\u00e9 \u00e0 contribuer efficacement \u00e0 la protection des matrices environnementales, gage de la constance de leur activit\u00e9, enfin pour promouvoir les principes et vertus du D\u00e9veloppement Durable pour les g\u00e9n\u00e9rations futures \u00bb,<\/em> a-t-il indiqu\u00e9.<\/span><\/p>\n<p style=\"text-align: justify;\"><span style=\"font-family: verdana, geneva, sans-serif;\">Dans son annonce, il a cit\u00e9 les grandes activit\u00e9s \u00e9clat\u00e9es qui meubleront la QNEDD. On note ainsi, une c\u00e9r\u00e9monie de remise du rapport sur l\u2019\u00e9tat de l\u2019environnement de la C\u00f4te d\u2019Ivoire \u00e0 Abidjan le 07 juin, un exercice pratique de simulation du Plan POLLUMAR \u00e0 Grand-Lahou le 09 juin. Ce plan est une r\u00e9ponse du Gouvernement aux aspects juridiques, techniques et financiers en cas de pollution de grande envergure par les hydrocarbures en mer ou en lagune et dans les zones c\u00f4ti\u00e8re ; de m\u00eame, une caravane de sensibilisation \u00e0 Bonoua le 13 juin, , divers panels et des \u00e9missions radio et t\u00e9l\u00e9 pour r\u00e9fl\u00e9chir sur la probl\u00e9matique de la protection de la nature, sur les innovations et technologies vertes, des s\u00e9ances d\u2019informations et de communication sur les progr\u00e8s r\u00e9alis\u00e9s, les actions en cours et \u00e0 venir en mati\u00e8re de protection environnementale et de promotion du d\u00e9veloppement durable animeront la quinzaine.<\/span><\/p>\n<p style=\"text-align: justify;\"><span style=\"font-family: verdana, geneva, sans-serif;\">La r\u00e9alisation de toutes ces activit\u00e9s ne saura se faire indiff\u00e9remment des populations et de toutes les couches socioprofessionnelles. C\u2019est pourquoi le Ministre les a invit\u00e9s \u00e0 s\u2019inscrire dans \u00ab la volont\u00e9 du Chef de l\u2019Etat, Son Excellence Alassane OUATTARA, de faire de notre pays un fleuron o\u00f9 il fait bon vivre en optant pour un d\u00e9veloppement qui pr\u00e9serve les chances de nos enfants et petits-enfants \u00e0 h\u00e9riter de nous d\u2019une terre vivante, capable de produire un bien-\u00eatre \u00e0 tous selon la diversit\u00e9 de nos besoins \u00bb a-t-il conclu.<\/span><\/p>\n<p style=\"text-align: justify;\"><span style=\"font-family: verdana, geneva, sans-serif;\">Il faut retenir que la Quinzaine Nationale de l\u2019Environnement et du D\u00e9veloppement Durable (QNEDD 2022) se tiendra du 03 au 17 juin 2022, autour des de la comm\u00e9moration des quatre journ\u00e9es mondiales dont la Journ\u00e9e Mondiale de l\u2019Environnement (JME) c\u00e9l\u00e9br\u00e9e le 07 juin, la Journ\u00e9e Mondiale des Oc\u00e9ans (JMO) c\u00e9l\u00e9br\u00e9e le 08 juin, la Journ\u00e9e internationale de la Biodiversit\u00e9 c\u00e9l\u00e9br\u00e9e le 13 juin 2022, la Journ\u00e9e Mondiale de la Lutte contre la D\u00e9sertification et de la S\u00e9cheresse (JMLDS) c\u00e9l\u00e9br\u00e9e le 17 juin.<\/span><\/p>\n<p style=\"text-align: justify;\"><span style=\"font-family: verdana, geneva, sans-serif;\">Le th\u00e8me g\u00e9n\u00e9ral de l\u2019\u00e9dition 2022 est :<em> \u00ab Notre Terre, notre Future \u00bb.<\/em><\/span><\/p>\n","protected":false},"excerpt":{"rendered":"<p>\u00ab Je lance les activit\u00e9s de l\u2019\u00e9dition 2022 de la Quinzaine Nationale de l\u2019Environnement et du D\u00e9veloppement Durable (QNEDD 2022) sous le sceau de l\u2019engagement \u00bb, a d\u00e9clar\u00e9 le Ministre [&hellip;]<\/p>\n","protected":false},"author":1,"featured_media":4156,"comment_status":"closed","ping_status":"closed","sticky":false,"template":"","format":"standard","meta":{"_lmt_disableupdate":"no","_lmt_disable":"","pgc_sgb_lightbox_settings":""},"categories":[58],"tags":[],"post_folder":[59],"modified_by":"MINEDD","_links":{"self":[{"href":"https:\/\/did-dev.net\/mineddte\/wp-json\/wp\/v2\/posts\/4153"}],"collection":[{"href":"https:\/\/did-dev.net\/mineddte\/wp-json\/wp\/v2\/posts"}],"about":[{"href":"https:\/\/did-dev.net\/mineddte\/wp-json\/wp\/v2\/types\/post"}],"author":[{"embeddable":true,"href":"https:\/\/did-dev.net\/mineddte\/wp-json\/wp\/v2\/users\/1"}],"replies":[{"embeddable":true,"href":"https:\/\/did-dev.net\/mineddte\/wp-json\/wp\/v2\/comments?post=4153"}],"version-history":[{"count":1,"href":"https:\/\/did-dev.net\/mineddte\/wp-json\/wp\/v2\/posts\/4153\/revisions"}],"predecessor-version":[{"id":4157,"href":"https:\/\/did-dev.net\/mineddte\/wp-json\/wp\/v2\/posts\/4153\/revisions\/4157"}],"wp:featuredmedia":[{"embeddable":true,"href":"https:\/\/did-dev.net\/mineddte\/wp-json\/wp\/v2\/media\/4156"}],"wp:attachment":[{"href":"https:\/\/did-dev.net\/mineddte\/wp-json\/wp\/v2\/media?parent=4153"}],"wp:term":[{"taxonomy":"category","embeddable":true,"href":"https:\/\/did-dev.net\/mineddte\/wp-json\/wp\/v2\/categories?post=4153"},{"taxonomy":"post_tag","embeddable":true,"href":"https:\/\/did-dev.net\/mineddte\/wp-json\/wp\/v2\/tags?post=4153"},{"taxonomy":"post_folder","embeddable":true,"href":"https:\/\/did-dev.net\/mineddte\/wp-json\/wp\/v2\/post_folder?post=4153"}],"curies":[{"name":"wp","href":"https:\/\/api.w.org\/{rel}","templated":true}]}}