{"id":4152,"date":"2022-06-09T09:57:52","date_gmt":"2022-06-09T09:57:52","guid":{"rendered":"https:\/\/did-dev.net\/mineddte\/?p=4152"},"modified":"2022-10-18T10:07:55","modified_gmt":"2022-10-18T10:07:55","slug":"grand-lahou-les-populations-locales-ont-percu-les-enjeux-de-la-restauration-des-mangroves-lors-de-la-journee-mondiale-des-oceans","status":"publish","type":"post","link":"https:\/\/did-dev.net\/mineddte\/grand-lahou-les-populations-locales-ont-percu-les-enjeux-de-la-restauration-des-mangroves-lors-de-la-journee-mondiale-des-oceans\/","title":{"rendered":"GRAND-LAHOU : LES POPULATIONS LOCALES ONT PER\u00c7U LES ENJEUX DE LA RESTAURATION DES MANGROVES LORS DE LA JOURNEE MONDIALE DES OCEANS"},"content":{"rendered":"<p style=\"text-align: justify;\"><span style=\"font-family: verdana, geneva, sans-serif;\"><em><img decoding=\"async\" loading=\"lazy\" class=\"size-full wp-image-4154 aligncenter\" src=\"https:\/\/did-dev.net\/mineddte\/wp-content\/uploads\/2022\/10\/Sans-titre-1-6-scaled.jpg\" alt=\"\" width=\"2560\" height=\"1003\" srcset=\"https:\/\/did-dev.net\/mineddte\/wp-content\/uploads\/2022\/10\/Sans-titre-1-6-scaled.jpg 2560w, https:\/\/did-dev.net\/mineddte\/wp-content\/uploads\/2022\/10\/Sans-titre-1-6-262x103.jpg 262w, https:\/\/did-dev.net\/mineddte\/wp-content\/uploads\/2022\/10\/Sans-titre-1-6-847x332.jpg 847w, https:\/\/did-dev.net\/mineddte\/wp-content\/uploads\/2022\/10\/Sans-titre-1-6-100x39.jpg 100w, https:\/\/did-dev.net\/mineddte\/wp-content\/uploads\/2022\/10\/Sans-titre-1-6-1536x602.jpg 1536w, https:\/\/did-dev.net\/mineddte\/wp-content\/uploads\/2022\/10\/Sans-titre-1-6-2048x803.jpg 2048w\" sizes=\"(max-width: 2560px) 100vw, 2560px\" \/><\/em><\/span><\/p>\n<p style=\"text-align: justify;\"><span style=\"font-family: verdana, geneva, sans-serif;\"><em>\u00ab Une Quinzaine de l\u2019Environnement et du D\u00e9veloppement Durable (QNEDD) de l\u2019engagement \u00e9cologique, qui soit le prolongement des recommandations de la COP15 sur la lutte contre la d\u00e9gradation des sols, qui soit proche des populations pour que celles-ci marquent leur implication dans les actions de sauvegarde de l\u2019environnement \u00bb<\/em>, c\u2019est dans le cadre de la vision du Ministre Jean-Luc ASSI que la Journ\u00e9e Mondiale des Oc\u00e9ans a \u00e9t\u00e9 c\u00e9l\u00e9br\u00e9e dans la ville de Grand-lahou, le mercredi 08 juin 2022.<\/span><\/p>\n<p style=\"text-align: justify;\"><span style=\"font-family: verdana, geneva, sans-serif;\">En effet, les populations se sont retrouv\u00e9es \u00e0 Brafedon, un village de la ville, pour manifester cet engagement \u00e0 la pr\u00e9servation des cours d\u2019eaux, des mangroves et du littoral qui traverse leur localit\u00e9. Sur place le constat est amer. L\u2019\u00e9rosion c\u00f4ti\u00e8re qui menace les villages \u00e0 l\u2019image de Lahou-kpanda, les ressources halieutiques se font rares \u00e0 cause de la mauvaise gestion des mangroves locales, la lagune est pollu\u00e9e par divers d\u00e9chets plastiques, m\u00e9nag\u00e8res.<\/span><\/p>\n<p style=\"text-align: justify;\"><span style=\"font-family: verdana, geneva, sans-serif;\">En vue de rendre durable les activit\u00e9s \u00e9conomiques, principalement li\u00e9es \u00e0 la p\u00eache et au tourisme et de garantir leur propre survie, les populations ont \u00e9t\u00e9 form\u00e9es au reboisement des mangroves et \u00e0 leur gestion. Cela gr\u00e2ce aux actions coordonn\u00e9es du Minist\u00e8re de l\u2019Environnement et du D\u00e9veloppement Durable, \u00e0 travers le projet WACA. Aussi, il faut pr\u00e9ciser que ce projet pr\u00e9voit la restauration 25 hectares de champ de mangrove et la construction prochaine de l\u2019ouvrage destin\u00e9 \u00e0 stabiliser l\u2019embouchure du fleuve Bandama \u00e0 Grand-lahou.<\/span><\/p>\n<p style=\"text-align: justify;\"><span style=\"font-family: verdana, geneva, sans-serif;\"><em>\u00ab Aujourd\u2019hui j\u2019ai compris l\u2019importance et le besoin des mangroves car ce sont des zones de reproduction des poissons. Sans mangroves les poissons ne peuvent pas pondre et cela repr\u00e9sente un risque pour les activit\u00e9s de la p\u00eache \u00bb<\/em>, a reconnu Richard SEGUI, un habitant de Brafedon.<\/span><\/p>\n<p style=\"text-align: justify;\"><span style=\"font-family: verdana, geneva, sans-serif;\">L\u2019ouverture officielle de c\u00e9l\u00e9bration de la JMO a \u00e9t\u00e9 faite par le Directeur de Cabinet Adjoint, Monsieur KODEHI Gnahor\u00e9, qui repr\u00e9sentait le Ministre de l\u2019Environnement et du D\u00e9veloppement Durable. Il a r\u00e9ceptionn\u00e9, au nom du ministre, le Plan d\u2019Am\u00e9nagement et de Gestion Int\u00e9gr\u00e9 du Littoral (PAGIL). Ce document lui a \u00e9t\u00e9 remis par le Professeur OCHOU Delphin, Coordonnateur du Projet d\u2019Investissement pour la R\u00e9silience des Zones C\u00f4ti\u00e8res Ouest-africaines (WACA). Le th\u00e8me de la JMO \u00e9tait <em>\u00ab Oc\u00e9ans : vie et moyens de subsistance \u00bb.<\/em> En marge de cette c\u00e9l\u00e9bration, Monsieur KODEHI Gnahor\u00e9 a proc\u00e9d\u00e9 \u00e0 l\u2019ouverture de l\u2019atelier de formation sur le plan national d\u2019urgence de lutte contre la pollution accidentelle en mer, en lagune et dans les zones c\u00f4ti\u00e8res, d\u00e9nomm\u00e9 Plan POLLUMAR. Il s\u2019agit d\u2019un dispositif institu\u00e9 par d\u00e9cret n\u00b098-42 du 28 janvier 1998 pour faire face aux menaces r\u00e9elles de pollution des milieux marins, lagunaires et zones c\u00f4ti\u00e8res, fortement expos\u00e9s \u00e0 l\u2019exploitation et l\u2019exploration off-shore, au volume sans cesse croissant du trafic maritime, au d\u00e9veloppement du march\u00e9 potentiel industriel et agro-industriel dans nos agglom\u00e9rations. Dans le but de tester et am\u00e9liorer ce plan, une ville est choisie, chaque ann\u00e9e, pour faire un exercice de simulation. La ville de Grand-lahou a \u00e9t\u00e9 honor\u00e9e par ce choix qui se veut strat\u00e9gique et l\u2019exercice aura lieu le 09 juin 2022.<\/span><\/p>\n","protected":false},"excerpt":{"rendered":"<p>\u00ab Une Quinzaine de l\u2019Environnement et du D\u00e9veloppement Durable (QNEDD) de l\u2019engagement \u00e9cologique, qui soit le prolongement des recommandations de la COP15 sur la lutte contre la d\u00e9gradation des sols, [&hellip;]<\/p>\n","protected":false},"author":1,"featured_media":4154,"comment_status":"closed","ping_status":"closed","sticky":false,"template":"","format":"standard","meta":{"_lmt_disableupdate":"no","_lmt_disable":"","pgc_sgb_lightbox_settings":""},"categories":[58],"tags":[],"post_folder":[59],"modified_by":"MINEDD","_links":{"self":[{"href":"https:\/\/did-dev.net\/mineddte\/wp-json\/wp\/v2\/posts\/4152"}],"collection":[{"href":"https:\/\/did-dev.net\/mineddte\/wp-json\/wp\/v2\/posts"}],"about":[{"href":"https:\/\/did-dev.net\/mineddte\/wp-json\/wp\/v2\/types\/post"}],"author":[{"embeddable":true,"href":"https:\/\/did-dev.net\/mineddte\/wp-json\/wp\/v2\/users\/1"}],"replies":[{"embeddable":true,"href":"https:\/\/did-dev.net\/mineddte\/wp-json\/wp\/v2\/comments?post=4152"}],"version-history":[{"count":1,"href":"https:\/\/did-dev.net\/mineddte\/wp-json\/wp\/v2\/posts\/4152\/revisions"}],"predecessor-version":[{"id":4155,"href":"https:\/\/did-dev.net\/mineddte\/wp-json\/wp\/v2\/posts\/4152\/revisions\/4155"}],"wp:featuredmedia":[{"embeddable":true,"href":"https:\/\/did-dev.net\/mineddte\/wp-json\/wp\/v2\/media\/4154"}],"wp:attachment":[{"href":"https:\/\/did-dev.net\/mineddte\/wp-json\/wp\/v2\/media?parent=4152"}],"wp:term":[{"taxonomy":"category","embeddable":true,"href":"https:\/\/did-dev.net\/mineddte\/wp-json\/wp\/v2\/categories?post=4152"},{"taxonomy":"post_tag","embeddable":true,"href":"https:\/\/did-dev.net\/mineddte\/wp-json\/wp\/v2\/tags?post=4152"},{"taxonomy":"post_folder","embeddable":true,"href":"https:\/\/did-dev.net\/mineddte\/wp-json\/wp\/v2\/post_folder?post=4152"}],"curies":[{"name":"wp","href":"https:\/\/api.w.org\/{rel}","templated":true}]}}