{"id":4147,"date":"2022-06-14T09:36:00","date_gmt":"2022-06-14T09:36:00","guid":{"rendered":"https:\/\/did-dev.net\/mineddte\/?p=4147"},"modified":"2022-10-18T09:38:26","modified_gmt":"2022-10-18T09:38:26","slug":"journee-internationale-de-la-biodiversite-jib-parc-mploussoue-de-bonoua-le-ministre-jean-luc-assi-presente-les-enjeux-de-cette-initiative-locale","status":"publish","type":"post","link":"https:\/\/did-dev.net\/mineddte\/journee-internationale-de-la-biodiversite-jib-parc-mploussoue-de-bonoua-le-ministre-jean-luc-assi-presente-les-enjeux-de-cette-initiative-locale\/","title":{"rendered":"JOURNEE INTERNATIONALE DE LA BIODIVERSITE (JIB) \/ PARC M\u2019PLOUSSOUE DE BONOUA : LE MINISTRE JEAN-LUC ASSI PRESENTE LES ENJEUX DE CETTE INITIATIVE LOCALE"},"content":{"rendered":"<p style=\"text-align: justify;\"><span style=\"font-family: verdana, geneva, sans-serif;\"><img decoding=\"async\" loading=\"lazy\" class=\"size-full wp-image-4149 aligncenter\" src=\"https:\/\/did-dev.net\/mineddte\/wp-content\/uploads\/2022\/10\/Sans-titre-1-5-scaled.jpg\" alt=\"\" width=\"2560\" height=\"1003\" srcset=\"https:\/\/did-dev.net\/mineddte\/wp-content\/uploads\/2022\/10\/Sans-titre-1-5-scaled.jpg 2560w, https:\/\/did-dev.net\/mineddte\/wp-content\/uploads\/2022\/10\/Sans-titre-1-5-262x103.jpg 262w, https:\/\/did-dev.net\/mineddte\/wp-content\/uploads\/2022\/10\/Sans-titre-1-5-847x332.jpg 847w, https:\/\/did-dev.net\/mineddte\/wp-content\/uploads\/2022\/10\/Sans-titre-1-5-100x39.jpg 100w, https:\/\/did-dev.net\/mineddte\/wp-content\/uploads\/2022\/10\/Sans-titre-1-5-1536x602.jpg 1536w, https:\/\/did-dev.net\/mineddte\/wp-content\/uploads\/2022\/10\/Sans-titre-1-5-2048x803.jpg 2048w\" sizes=\"(max-width: 2560px) 100vw, 2560px\" \/><\/span><\/p>\n<p style=\"text-align: justify;\"><span style=\"font-family: verdana, geneva, sans-serif;\"><em>\u00ab Les parcs ont un impact positif sur l\u2019\u00e9conomie. En effet, les espaces verts, notamment ceux plant\u00e9s d\u2019arbres, rendent de nombreux services environnementaux et socio\u00e9conomiques. Ils am\u00e9liorent la qualit\u00e9 de l\u2019air, prot\u00e8gent des rayons UV et de la chaleur, facilitent la gestion des eaux pluviales, favorisent la biodiversit\u00e9 et permettent la captation du carbone pour lutter contre les gaz \u00e0 effet de serre \u00bb,<\/em> a d\u00e9clar\u00e9 le Ministre de l\u2019Environnement et du D\u00e9veloppement Durable lors de la c\u00e9r\u00e9monie de comm\u00e9moration de la Journ\u00e9e Internationale de la Biodiversit\u00e9 (JIB 2022). C\u2019\u00e9tait le 13 juin 2022, dans le poumon vert de la ville de Bonoua, le Parc M\u2019ploussou\u00e9.<\/span><\/p>\n<p style=\"text-align: justify;\"><span style=\"font-family: verdana, geneva, sans-serif;\">Jean-Luc ASSI a expliqu\u00e9 aux populations, fortement mobilis\u00e9es pour la circonstance, la teneur des avantages li\u00e9s aux parcs urbains. Au-del\u00e0 des aspects environnementaux qu\u2019il a cit\u00e9, ce sont surtout les acquis \u00e9conomiques pour lesquels, le Ministre a invit\u00e9 les populations \u00e0 valoriser.<\/span><\/p>\n<p style=\"text-align: justify;\"><span style=\"font-family: verdana, geneva, sans-serif;\"><em>\u00ab Tous ces services, offerts gratuitement, ou presque, par les espaces verts, aident la soci\u00e9t\u00e9 \u00e0 r\u00e9aliser des \u00e9conomies. Nous sommes donc invit\u00e9s \u00e0 adopter des solutions qui pr\u00e9servent nos ressources naturelles, \u00e0 changer notre fa\u00e7on de voir et de valoriser la nature en mettant en exergue les b\u00e9n\u00e9fices immenses qu\u2019elle nous offre \u00bb<\/em>, a pr\u00e9cis\u00e9 le Ministre en faisant r\u00e9f\u00e9rence au d\u00e9veloppement d\u2019activit\u00e9s \u00e9cotouristiques adapt\u00e9es \u00e0 la situation de chaque parc, la mise en valeur d\u2019espaces r\u00e9cr\u00e9atifs et de randonn\u00e9es, la mise en place d\u2019espaces socio-culturels.<\/span><\/p>\n<p style=\"text-align: justify;\"><span style=\"font-family: verdana, geneva, sans-serif;\">En pr\u00e9sentant le bel exemple du parc urbain M\u2019ploussou\u00e9 de Bonoua, c\u2019\u00e9tait aussi l\u2019occasion pour le premier responsable du MINEDD d\u2019exhorter toutes les collectivit\u00e9s, au niveau national, \u00e0 adopter des solutions qui pr\u00e9servent les ressources naturelles, \u00e0 voir l\u2019environnement comme une opportunit\u00e9 transversale pour la durabilit\u00e9 \u00e9conomique qui, si elle est mise en exergue, les b\u00e9n\u00e9fices immenses qu\u2019elle offre impacteront positivement le d\u00e9veloppement.<\/span><\/p>\n<p style=\"text-align: justify;\"><span style=\"font-family: verdana, geneva, sans-serif;\">Pour rappel, un parc urbain est un espace vert plus ou moins \u00e9tendu, pr\u00e9sent dans les zones urbaines ou \u00e0 leur p\u00e9riph\u00e9rie, qui remplit une importante fonction r\u00e9cr\u00e9ative, environnementale et culturelle. Il peut \u00eatre caract\u00e9ris\u00e9 par la division en zones ayant des fonctions diff\u00e9rentes (repos, jeux, activit\u00e9s sportives, services, centres culturels et r\u00e9cr\u00e9atifs) et, en g\u00e9n\u00e9ral, sont con\u00e7ues en utilisant des esp\u00e8ces indig\u00e8nes, en faisant un usage consid\u00e9rable de certains arbustes et arbres acclimat\u00e9s pour la zone d\u2019implantation. Le parc M\u2019ploussou\u00e9 de Bonoua est d\u2019une superficie de 16 hectares. Il est n\u00e9 en 1980 sous l\u2019initiative conjugu\u00e9e du premier magistrat de la ville, Feu Amethier Jean-Baptiste et de toute la chefferie aux affaires \u00e0 cette \u00e9poque.<\/span><\/p>\n<p style=\"text-align: justify;\"><span style=\"font-family: verdana, geneva, sans-serif;\">Les \u00e9lus locaux, le corps pr\u00e9fectoral, les guides religieux et chefs traditionnelles ont pris part \u00e0 la c\u00e9l\u00e9bration de la JIB 2022 dont le th\u00e8me est <em>\u00ab B\u00e2tir un avenir partag\u00e9 pour toutes les formes de vie \u00bb.<\/em><\/span><\/p>\n","protected":false},"excerpt":{"rendered":"<p>\u00ab Les parcs ont un impact positif sur l\u2019\u00e9conomie. En effet, les espaces verts, notamment ceux plant\u00e9s d\u2019arbres, rendent de nombreux services environnementaux et socio\u00e9conomiques. Ils am\u00e9liorent la qualit\u00e9 de [&hellip;]<\/p>\n","protected":false},"author":1,"featured_media":4149,"comment_status":"closed","ping_status":"closed","sticky":false,"template":"","format":"standard","meta":{"_lmt_disableupdate":"no","_lmt_disable":"","pgc_sgb_lightbox_settings":""},"categories":[58],"tags":[],"post_folder":[59],"modified_by":"MINEDD","_links":{"self":[{"href":"https:\/\/did-dev.net\/mineddte\/wp-json\/wp\/v2\/posts\/4147"}],"collection":[{"href":"https:\/\/did-dev.net\/mineddte\/wp-json\/wp\/v2\/posts"}],"about":[{"href":"https:\/\/did-dev.net\/mineddte\/wp-json\/wp\/v2\/types\/post"}],"author":[{"embeddable":true,"href":"https:\/\/did-dev.net\/mineddte\/wp-json\/wp\/v2\/users\/1"}],"replies":[{"embeddable":true,"href":"https:\/\/did-dev.net\/mineddte\/wp-json\/wp\/v2\/comments?post=4147"}],"version-history":[{"count":2,"href":"https:\/\/did-dev.net\/mineddte\/wp-json\/wp\/v2\/posts\/4147\/revisions"}],"predecessor-version":[{"id":4151,"href":"https:\/\/did-dev.net\/mineddte\/wp-json\/wp\/v2\/posts\/4147\/revisions\/4151"}],"wp:featuredmedia":[{"embeddable":true,"href":"https:\/\/did-dev.net\/mineddte\/wp-json\/wp\/v2\/media\/4149"}],"wp:attachment":[{"href":"https:\/\/did-dev.net\/mineddte\/wp-json\/wp\/v2\/media?parent=4147"}],"wp:term":[{"taxonomy":"category","embeddable":true,"href":"https:\/\/did-dev.net\/mineddte\/wp-json\/wp\/v2\/categories?post=4147"},{"taxonomy":"post_tag","embeddable":true,"href":"https:\/\/did-dev.net\/mineddte\/wp-json\/wp\/v2\/tags?post=4147"},{"taxonomy":"post_folder","embeddable":true,"href":"https:\/\/did-dev.net\/mineddte\/wp-json\/wp\/v2\/post_folder?post=4147"}],"curies":[{"name":"wp","href":"https:\/\/api.w.org\/{rel}","templated":true}]}}