{"id":4125,"date":"2022-09-06T14:53:01","date_gmt":"2022-09-06T14:53:01","guid":{"rendered":"https:\/\/did-dev.net\/mineddte\/?p=4125"},"modified":"2022-10-12T15:01:38","modified_gmt":"2022-10-12T15:01:38","slug":"accord-de-paris-sur-le-climat-un-dialogue-national-structure-sur-la-transparence-souvre-a-abidjan","status":"publish","type":"post","link":"https:\/\/did-dev.net\/mineddte\/accord-de-paris-sur-le-climat-un-dialogue-national-structure-sur-la-transparence-souvre-a-abidjan\/","title":{"rendered":"ACCORD DE PARIS SUR LE CLIMAT : UN DIALOGUE NATIONAL STRUCTURE SUR LA TRANSPARENCE S\u2019OUVRE A ABIDJAN"},"content":{"rendered":"<p style=\"text-align: justify;\"><span style=\"font-family: verdana, geneva, sans-serif;\"><img decoding=\"async\" loading=\"lazy\" class=\"size-full wp-image-4126 aligncenter\" src=\"https:\/\/did-dev.net\/mineddte\/wp-content\/uploads\/2022\/10\/Sans-titre-1-3-scaled.jpg\" alt=\"\" width=\"2560\" height=\"1003\" srcset=\"https:\/\/did-dev.net\/mineddte\/wp-content\/uploads\/2022\/10\/Sans-titre-1-3-scaled.jpg 2560w, https:\/\/did-dev.net\/mineddte\/wp-content\/uploads\/2022\/10\/Sans-titre-1-3-262x103.jpg 262w, https:\/\/did-dev.net\/mineddte\/wp-content\/uploads\/2022\/10\/Sans-titre-1-3-847x332.jpg 847w, https:\/\/did-dev.net\/mineddte\/wp-content\/uploads\/2022\/10\/Sans-titre-1-3-100x39.jpg 100w, https:\/\/did-dev.net\/mineddte\/wp-content\/uploads\/2022\/10\/Sans-titre-1-3-1536x602.jpg 1536w, https:\/\/did-dev.net\/mineddte\/wp-content\/uploads\/2022\/10\/Sans-titre-1-3-2048x803.jpg 2048w\" sizes=\"(max-width: 2560px) 100vw, 2560px\" \/><\/span><\/p>\n<p style=\"text-align: justify;\"><span style=\"font-family: verdana, geneva, sans-serif;\">Le Minist\u00e8re de l\u2019Environnement et du D\u00e9veloppement durable (MINEDD) \u00e0 travers le Programme national Changements climatiques (PNCC), et en collaboration avec le Programme des Nations unies pour le D\u00e9veloppement (PNUD), organise un dialogue national structur\u00e9 sur la transparence dans le cadre de l\u2019Accord de Paris sur le climat, du lundi 05 au mercredi 07 septembre 2022 \u00e0 Abidjan-Cocody. Ce, en vue de mettre en place un cadre de transparence renforc\u00e9 permettant de suivre les actions de lutte contre les changements climatiques en C\u00f4te d\u2019Ivoire.<\/span><\/p>\n<p style=\"text-align: justify;\"><span style=\"font-family: verdana, geneva, sans-serif;\">Cette rencontre de haut niveau qui s\u2019inscrit dans le cadre la mise en \u0153uvre de l\u2019Accord de Paris sur le climat voit la participation du Fonds pour l\u2019Environnement mondial (FEM) et de plusieurs experts nationaux et internationaux.<\/span><\/p>\n<p style=\"text-align: justify;\"><span style=\"font-family: verdana, geneva, sans-serif;\"><em>\u00ab La rencontre de ce jour se veut un cadre de r\u00e9flexion et d\u2019\u00e9changes permettant d\u2019identifier des pistes de solutions devant concourir \u00e0 un aboutissement id\u00e9al de ce cadre de transparence renforc\u00e9 sur l\u2019action climatique que nous envisageons \u00bb<\/em>, a d\u00e9clar\u00e9 Kod\u00e9hi Gnahor\u00e9, directeur de cabinet adjoint au MINEDD.<\/span><\/p>\n<p style=\"text-align: justify;\"><span style=\"font-family: verdana, geneva, sans-serif;\">Le repr\u00e9sentant du ministre Jean-Luc-Assi a invit\u00e9 les participants \u00e0 prendre une part active, durant ces trois jours de travail, aux diff\u00e9rentes discussions. <em>\u00ab J\u2019ai bon espoir qu\u2019au sortir de ces rencontres d\u2019\u00e9changes, nous r\u00e9ussirons \u00e0 engager toutes les parties prenantes nationales et internationales sur la probl\u00e9matique de la transparence climatique, \u00e0 partager nos exp\u00e9riences et nos bonnes pratiques en mati\u00e8re d\u2019initiatives pour l\u2019att\u00e9nuation des changements climatiques avec la contribution des comp\u00e9tences nationales et d\u2019ailleurs \u00bb<\/em>.<\/span><\/p>\n<p style=\"text-align: justify;\"><span style=\"font-family: verdana, geneva, sans-serif;\">Pour Bernard Brou, repr\u00e9sentant la Repr\u00e9sentante r\u00e9sidente du PNUD en C\u00f4te d\u2019Ivoire, la transparence est l\u2019\u00e9pine dorsale de l\u2019Accord de Paris, car elle permet d\u2019instaurer la confiance en rendant plus \u00ab transparents \u00bb les rapports relatifs au changement climatique. <em>\u00abIl s\u2019agira de relever les obstacles et proposer des solutions pour surmonter ceux-ci pour une v\u00e9ritable transparence sur le climat en C\u00f4te d\u2019Ivoire \u00bb<\/em>, a-t-il indiqu\u00e9.<\/span><\/p>\n<p style=\"text-align: justify;\"><span style=\"font-family: verdana, geneva, sans-serif;\">R\u00e9affirmant la disposition du PNUD \u00e0 accompagner la C\u00f4te d\u2019Ivoire dans la lutte contre les changements climatiques, Bernard Brou a salu\u00e9 les efforts d\u00e9j\u00e0 entrepris par le gouvernement ivoirien en disposant d\u00e9j\u00e0 des principaux documents et instruments de politique et strat\u00e9giques de lutte contre le changement climatique.<\/span><\/p>\n<p style=\"text-align: justify;\"><span style=\"font-family: verdana, geneva, sans-serif;\">La C\u00f4te d\u2019Ivoire a ratifi\u00e9 l\u2019Accord de Paris sur le climat en 2016.<\/span><\/p>\n<p style=\"text-align: justify;\"><span style=\"font-family: verdana, geneva, sans-serif;\">\u00a0<\/span><\/p>\n","protected":false},"excerpt":{"rendered":"<p>Le Minist\u00e8re de l\u2019Environnement et du D\u00e9veloppement durable (MINEDD) \u00e0 travers le Programme national Changements climatiques (PNCC), et en collaboration avec le Programme des Nations unies pour le D\u00e9veloppement (PNUD), [&hellip;]<\/p>\n","protected":false},"author":1,"featured_media":4126,"comment_status":"closed","ping_status":"closed","sticky":false,"template":"","format":"standard","meta":{"_lmt_disableupdate":"no","_lmt_disable":"","pgc_sgb_lightbox_settings":""},"categories":[58],"tags":[],"post_folder":[59],"modified_by":"MINEDD","_links":{"self":[{"href":"https:\/\/did-dev.net\/mineddte\/wp-json\/wp\/v2\/posts\/4125"}],"collection":[{"href":"https:\/\/did-dev.net\/mineddte\/wp-json\/wp\/v2\/posts"}],"about":[{"href":"https:\/\/did-dev.net\/mineddte\/wp-json\/wp\/v2\/types\/post"}],"author":[{"embeddable":true,"href":"https:\/\/did-dev.net\/mineddte\/wp-json\/wp\/v2\/users\/1"}],"replies":[{"embeddable":true,"href":"https:\/\/did-dev.net\/mineddte\/wp-json\/wp\/v2\/comments?post=4125"}],"version-history":[{"count":2,"href":"https:\/\/did-dev.net\/mineddte\/wp-json\/wp\/v2\/posts\/4125\/revisions"}],"predecessor-version":[{"id":4136,"href":"https:\/\/did-dev.net\/mineddte\/wp-json\/wp\/v2\/posts\/4125\/revisions\/4136"}],"wp:featuredmedia":[{"embeddable":true,"href":"https:\/\/did-dev.net\/mineddte\/wp-json\/wp\/v2\/media\/4126"}],"wp:attachment":[{"href":"https:\/\/did-dev.net\/mineddte\/wp-json\/wp\/v2\/media?parent=4125"}],"wp:term":[{"taxonomy":"category","embeddable":true,"href":"https:\/\/did-dev.net\/mineddte\/wp-json\/wp\/v2\/categories?post=4125"},{"taxonomy":"post_tag","embeddable":true,"href":"https:\/\/did-dev.net\/mineddte\/wp-json\/wp\/v2\/tags?post=4125"},{"taxonomy":"post_folder","embeddable":true,"href":"https:\/\/did-dev.net\/mineddte\/wp-json\/wp\/v2\/post_folder?post=4125"}],"curies":[{"name":"wp","href":"https:\/\/api.w.org\/{rel}","templated":true}]}}