{"id":4112,"date":"2022-10-07T15:17:57","date_gmt":"2022-10-07T15:17:57","guid":{"rendered":"https:\/\/did-dev.net\/mineddte\/?p=4112"},"modified":"2025-03-07T16:54:58","modified_gmt":"2025-03-07T16:54:58","slug":"seance-dinformation-parlementaire-au-senat-sur-le-theme-les-produits-biocides-et-autres-quelle-reglementation-pour-une-utilisation-controlee-en-cote-divoire","status":"publish","type":"post","link":"https:\/\/did-dev.net\/mineddte\/seance-dinformation-parlementaire-au-senat-sur-le-theme-les-produits-biocides-et-autres-quelle-reglementation-pour-une-utilisation-controlee-en-cote-divoire\/","title":{"rendered":"SEANCE D\u2019INFORMATION PARLEMENTAIRE AU SENAT SUR LE THEME \u201cLES PRODUITS BIOCIDES ET AUTRES : QUELLE REGLEMENTATION POUR UNE UTILISATION CONTROLEE EN COTE D\u2019IVOIRE ?\u201d"},"content":{"rendered":"<p style=\"text-align: justify;\"><span style=\"font-family: verdana, geneva, sans-serif;\"><strong><img decoding=\"async\" loading=\"lazy\" class=\"alignnone size-full wp-image-4106\" src=\"https:\/\/did-dev.net\/mineddte\/wp-content\/uploads\/2022\/10\/SENAT-IMAGE-scaled.jpg\" alt=\"\" width=\"2560\" height=\"1005\" srcset=\"https:\/\/did-dev.net\/mineddte\/wp-content\/uploads\/2022\/10\/SENAT-IMAGE-scaled.jpg 2560w, https:\/\/did-dev.net\/mineddte\/wp-content\/uploads\/2022\/10\/SENAT-IMAGE-262x103.jpg 262w, https:\/\/did-dev.net\/mineddte\/wp-content\/uploads\/2022\/10\/SENAT-IMAGE-847x332.jpg 847w, https:\/\/did-dev.net\/mineddte\/wp-content\/uploads\/2022\/10\/SENAT-IMAGE-100x39.jpg 100w, https:\/\/did-dev.net\/mineddte\/wp-content\/uploads\/2022\/10\/SENAT-IMAGE-1536x603.jpg 1536w, https:\/\/did-dev.net\/mineddte\/wp-content\/uploads\/2022\/10\/SENAT-IMAGE-2048x804.jpg 2048w\" sizes=\"(max-width: 2560px) 100vw, 2560px\" \/>Monsieur le Pr\u00e9sident du SENAT,<\/strong><\/span><\/p>\n<p style=\"text-align: justify;\"><span style=\"font-family: verdana, geneva, sans-serif;\"><strong>Monsieur le Ministre d\u2019Etat, Ministre de l\u2019Agriculture et du D\u00e9veloppement Rural,<\/strong><\/span><\/p>\n<p style=\"text-align: justify;\"><span style=\"font-family: verdana, geneva, sans-serif;\"><strong>Monsieur le Ministre du Commerce, de l\u2019Industrie et de la Promotion des PME,<\/strong><\/span><\/p>\n<p style=\"text-align: justify;\"><span style=\"font-family: verdana, geneva, sans-serif;\"><strong>V\u00e9n\u00e9rables S\u00e9nateurs,<\/strong><\/span><\/p>\n<p style=\"text-align: justify;\"><span style=\"font-family: verdana, geneva, sans-serif;\"><strong>Chers amis de la presse<\/strong><\/span><\/p>\n<p style=\"text-align: justify;\"><span style=\"font-family: verdana, geneva, sans-serif;\"><strong>Mesdames et Messieurs <\/strong><\/span><\/p>\n<p style=\"text-align: justify;\"><span style=\"font-family: verdana, geneva, sans-serif;\">Avant tout propos, je voudrais \u00e0 la suite de mes coll\u00e8gues, remercier Monsieur le Pr\u00e9sident du SENAT, de l\u2019invitation qui m\u2019a \u00e9t\u00e9 faite de venir ce jour \u00e0 l\u2019effet d\u2019informer les V\u00e9n\u00e9rables S\u00e9nateurs, sur le th\u00e8me\u00a0: <strong>Les produits biocides et autres\u00a0: quelle r\u00e9glementation pour une utilisation contr\u00f4l\u00e9e en C\u00f4te d\u2019Ivoire\u00a0?<\/strong><\/span><\/p>\n<p style=\"text-align: justify;\"><span style=\"font-family: verdana, geneva, sans-serif;\">A travers vous, V\u00e9n\u00e9rable Pr\u00e9sident, il me pla\u00eet d\u2019exprimer toute ma reconnaissance, aux V\u00e9n\u00e9rables S\u00e9nateurs pour les pr\u00e9occupations soulev\u00e9es en m\u2019adressant cette invitation que j\u2019ai accept\u00e9e avec beaucoup d\u2019enthousiasme afin d\u2019\u00e9changer avec vous. J\u2019en suis tr\u00e8s honor\u00e9.<\/span><\/p>\n<p style=\"text-align: justify;\"><span style=\"font-family: verdana, geneva, sans-serif;\"><strong>Monsieur le Pr\u00e9sident du SENAT,<\/strong><\/span><\/p>\n<p style=\"text-align: justify;\"><span style=\"font-family: verdana, geneva, sans-serif;\"><strong>V\u00e9n\u00e9rables S\u00e9nateurs,<\/strong><\/span><\/p>\n<p style=\"text-align: justify;\"><span style=\"font-family: verdana, geneva, sans-serif;\"><strong>Mesdames et Messieurs <\/strong><\/span><\/p>\n<p style=\"text-align: justify;\"><span style=\"font-family: verdana, geneva, sans-serif;\">Le th\u00e8me, objet de cette session d\u2019information parlementaire est \u00e0 plus d\u2019un titre une question pr\u00e9occupante pour le Gouvernement, pour le secteur priv\u00e9 et pour la soci\u00e9t\u00e9 civile. En d\u2019autres termes c\u2019est une pr\u00e9occupation nationale et \u00e0 cet \u00e9gard votre institution, ne saurait \u00eatre moins inform\u00e9e.<\/span><\/p>\n<p style=\"text-align: justify;\"><span style=\"font-family: verdana, geneva, sans-serif;\">Mon intervention suivra le plan suivant\u00a0:<\/span><\/p>\n<p style=\"text-align: justify;\"><span style=\"font-family: verdana, geneva, sans-serif;\"><strong>Introduction<\/strong><\/span><\/p>\n<ol style=\"text-align: justify;\">\n<li><span style=\"font-family: verdana, geneva, sans-serif;\"><strong>R\u00e9glementation en mati\u00e8re de gestion des produits chimiques\u00a0;<\/strong><\/span><\/li>\n<li><span style=\"font-family: verdana, geneva, sans-serif;\"><strong>Actions du <\/strong><strong>Minist\u00e8re de l\u2019Environnement et du D\u00e9veloppement Durable<\/strong><strong> en mati\u00e8re d\u2019application de la r\u00e9glementation relative \u00e0 la gestion des produits chimiques\u00a0;<\/strong><\/span><\/li>\n<\/ol>\n<ul style=\"text-align: justify;\">\n<li>\u00a0<\/li>\n<\/ul>\n<p style=\"text-align: justify;\"><span style=\"font-family: verdana, geneva, sans-serif;\"><strong>Conclusion<\/strong><\/span><\/p>\n<p style=\"text-align: justify;\"><span style=\"font-family: verdana, geneva, sans-serif;\"><strong>INTRODUCTION <\/strong><\/span><\/p>\n<p style=\"text-align: justify;\"><span style=\"font-family: verdana, geneva, sans-serif;\">La d\u00e9claration finale de la Conf\u00e9rence des Nations Unies sur l\u2019Environnement, r\u00e9unie \u00e0 Stockholm, en Su\u00e8de, du 5 au 16 juin 1972, stipule que \u00ab\u00a0la protection et l\u2019am\u00e9lioration de l\u2019environnement est une question d\u2019importance majeure qui affecte le bien-\u00eatre des populations et le d\u00e9veloppement dans le monde entier. Elle correspond au v\u0153u ardent des peuples du monde entier et constitue un devoir pour tous les Gouvernements\u00a0\u00bb.<\/span><\/p>\n<p style=\"text-align: justify;\"><span style=\"font-family: verdana, geneva, sans-serif;\">Notre pays, a inscrit dans la Loi n\u00b0 2000-513 du 1<sup>er<\/sup> ao\u00fbt 2000 portant Constitution, les pr\u00e9occupations environnementales en affirmant clairement dans son pr\u00e9ambule en ses termes\u00a0: \u00ab\u00a0Nous, Peuple de C\u00f4te d\u2019Ivoire\u00a0; Exprimons notre engagement \u00e0 contribuer \u00e0 la pr\u00e9servation du climat et d\u2019un environnement sain pour les g\u00e9n\u00e9rations futures\u00a0\u00bb.<\/span><\/p>\n<p style=\"text-align: justify;\"><span style=\"font-family: verdana, geneva, sans-serif;\">De plus, son article 27 stipule que\u00a0\u00ab le droit \u00e0 un environnement sain est reconnu \u00e0 tous sur l\u2019ensemble du territoire national\u00a0\u00bb et son article 40 dispose que \u00ab\u00a0la protection de l\u2019environnement et la promotion de la qualit\u00e9 de la vie sont un devoir pour la communaut\u00e9 et pour chaque personne physique ou morale\u00a0\u00bb.<\/span><\/p>\n<p style=\"text-align: justify;\"><span style=\"font-family: verdana, geneva, sans-serif;\">Cette prise de conscience \u00e9lev\u00e9e a guid\u00e9 au fil des ann\u00e9es la politique environnementale du Gouvernement.<\/span><\/p>\n<p style=\"text-align: justify;\"><span style=\"font-family: verdana, geneva, sans-serif;\">Ainsi, la C\u00f4te d\u2019Ivoire, en 1992, \u00e0 la Conf\u00e9rence des Nations Unies sur l\u2019Environnement\u00a0 \u00e0 Rio de Janeiro, au Br\u00e9sil, \u00e0 l\u2019instar de nombreux pays, a adopt\u00e9 l\u2019Agenda 21 ou Action 21<strong>.<\/strong> C\u2019est un programme d\u2019actions pour le 21<sup>\u00e8me<\/sup> si\u00e8cle, qui s\u2019inscrit dans une approche de d\u00e9veloppement durable et qui repose sur 27 principes.<\/span><\/p>\n<p style=\"text-align: justify;\"><span style=\"font-family: verdana, geneva, sans-serif;\"><strong>Le chapitre 19 de cet agenda est consacr\u00e9 \u00e0 la gestion \u00e9cologiquement rationnelle des substances chimiques toxiques, y compris la pr\u00e9vention du trafic international illicite des produits toxiques et dangereux. L\u2019objectif vis\u00e9 \u00e9tait de parvenir \u00e0 une gestion rationnelle des produits chimiques d\u2019ici 2020. <\/strong><\/span><\/p>\n<p style=\"text-align: justify;\"><span style=\"font-family: verdana, geneva, sans-serif;\">De Rio de Janeiro en 1992, \u00e0 Johannesburg, en Afrique du Sud, en 2020, plusieurs progr\u00e8s ont \u00e9t\u00e9 r\u00e9alis\u00e9s en vue de prot\u00e9ger la sant\u00e9 humaine et l\u2019environnement contre leurs effets n\u00e9fastes de l\u2019usage des produits chimiques et les d\u00e9chets en contenant.<\/span><\/p>\n<p style=\"text-align: justify;\"><span style=\"font-family: verdana, geneva, sans-serif;\">En effet, quatre ans apr\u00e8s la Conf\u00e9rence de Rio de Janeiro, en 1996, la C\u00f4te d\u2019Ivoire s\u2019est dot\u00e9e de la loi n\u00b0 96-766 du 3 octobre 1996 portant Code de l\u2019Environnement.<\/span><\/p>\n<p style=\"text-align: justify;\"><span style=\"font-family: verdana, geneva, sans-serif;\">En application du Code de l\u2019Environnement, le Gouvernement a pris les dispositions n\u00e9cessaires pour la cr\u00e9ation en 1997 de l\u2019Agence Nationale De l\u2019Environnement (ANDE) et le renforcement des missions du Centre Ivoirien AntiPollution (CIAPOL) cr\u00e9\u00e9 plus t\u00f4t en 1991.<\/span><\/p>\n<p style=\"text-align: justify;\"><span style=\"font-family: verdana, geneva, sans-serif;\">Ces deux Etablissements Publics nationaux<strong>,<\/strong> plac\u00e9s sous la tutelle du <strong>Minist\u00e8re de l\u2019Environnement et du D\u00e9veloppement Durable<\/strong>, ont pour mission d\u2019assurer respectivement les \u00e9valuations environnementales et la surveillance des matrices environnementales (air, eau et sol), en vue de prot\u00e9ger la sant\u00e9 humaine et l\u2019environnement.<\/span><\/p>\n<p style=\"text-align: justify;\"><span style=\"font-family: verdana, geneva, sans-serif;\">De 1992 \u00e0 ce jour, soit trente ann\u00e9es apr\u00e8s des progr\u00e8s significatifs ont \u00e9t\u00e9 r\u00e9alis\u00e9s, en mati\u00e8re de gestion des produits chimiques. Le renforcement continu du cadre juridique tant au niveau international, r\u00e9gional et national au travers des accords multilat\u00e9raux environnementaux ont permis d\u2019am\u00e9liorer la gestion des produits chimiques dans le monde.<\/span><\/p>\n<p style=\"text-align: justify;\"><span style=\"font-family: verdana, geneva, sans-serif;\">Notre pays, n\u2019a m\u00e9nag\u00e9 aucun effort pour prendre part aux diff\u00e9rentes rencontres internationales et r\u00e9gionales, en vue d\u2019apporter sa pierre \u00e0 l\u2019\u00e9difice de protection de la sant\u00e9 humaine et l\u2019environnement face aux effets n\u00e9fastes des produits chimiques.<\/span><\/p>\n<p style=\"text-align: justify;\"><span style=\"font-family: verdana, geneva, sans-serif;\">La transposition en droit national de la plupart des engagements internationaux et r\u00e9gionaux ont am\u00e9lior\u00e9 de mani\u00e8re substantielle la gestion des produits chimiques et d\u00e9chets en contenant en C\u00f4te d\u2019Ivoire.<\/span><\/p>\n<p style=\"text-align: justify;\"><span style=\"font-family: verdana, geneva, sans-serif;\">La C\u00f4te d\u2019Ivoire, au cours de la p\u00e9riode de cette derni\u00e8re d\u00e9cennie, au travers de ses trois Plans Nationaux de D\u00e9veloppement (PND) a inscrit au titre des actions prioritaires d\u2019intervention la gestion \u00e9cologiquement rationnelle des produits chimiques.<\/span><\/p>\n<p style=\"text-align: justify;\"><span style=\"font-family: verdana, geneva, sans-serif;\">Malgr\u00e9 les efforts accomplis, force est de reconna\u00eetre qu\u2019il reste encore beaucoup \u00e0 faire pour vivre dans un monde s\u00e9curis\u00e9 et sans dangers en mati\u00e8re d\u2019utilisation des produits chimiques.<\/span><\/p>\n<p style=\"text-align: justify;\"><span style=\"font-family: verdana, geneva, sans-serif;\">Car l\u2019usage des produits chimiques n\u00e9cessite un encadrement juridique ad\u00e9quat<span style=\"text-decoration: line-through;\">,<\/span> adaptatif, \u00e9volutif et une application effective de la r\u00e9glementation en vigueur avec des capacit\u00e9s humaines et techniques disponibles, pour lutter de mani\u00e8re continue et efficiente, contre leurs effets n\u00e9fastes.<\/span><\/p>\n<p style=\"text-align: justify;\"><span style=\"font-family: verdana, geneva, sans-serif;\">Le Gouvernement ivoirien est convaincu que les efforts en cours doivent se poursuivre et s\u2019acc\u00e9l\u00e9rer en vue de combler les lacunes existantes et relever les d\u00e9fis \u00e9mergents, dans un contexte marqu\u00e9 par le r\u00e9chauffement climatique, l\u2019\u00e9rosion de la biodiversit\u00e9, de nouvelles maladies (comme Ebola et la pand\u00e9mie actuelle de Coronavirus). Il est devenu imp\u00e9rieux de renforcer les efforts pour mieux faire face aux effets n\u00e9fastes li\u00e9s \u00e0 l\u2019utilisation des produits chimiques.<\/span><\/p>\n<p style=\"text-align: justify;\"><span style=\"font-family: verdana, geneva, sans-serif;\">C\u2019est dans ce contexte que le Minist\u00e8re de l\u2019Environnement et du D\u00e9veloppement Durable, par ses attributions, missions et son organisation, a, en charge de concevoir et mettre en \u0153uvre la strat\u00e9gie nationale de gestion des produits chimiques, avec la contribution de toutes les parties prenantes (minist\u00e8res, secteur priv\u00e9, soci\u00e9t\u00e9 civile, partenaires techniques et financiers).\u00a0<\/span><\/p>\n<p style=\"text-align: justify;\"><span style=\"font-family: verdana, geneva, sans-serif;\">La strat\u00e9gie nationale de gestion des produits chimiques repose sur les piliers cl\u00e9s <span style=\"text-decoration: line-through;\">\u00e0<\/span> suivants\u00a0: l\u2019\u2019int\u00e9gration, la pr\u00e9vention, l\u2019information, sensibilisation, l\u2019\u00e9ducation et la participation des parties prenantes.<\/span><\/p>\n<p style=\"text-align: justify;\"><span style=\"font-family: verdana, geneva, sans-serif;\">La strat\u00e9gie nationale \u00e9labor\u00e9e en 2014 et couvrant la p\u00e9riode 2015-2020, est assortie d\u2019un plan d\u2019actions mis en \u0153uvre par chaque partie prenante au travers de programmes et projets financ\u00e9s avec des ressources financi\u00e8res endog\u00e8nes et exog\u00e8nes, en vue de prot\u00e9ger la sant\u00e9 humaine et l\u2019environnement contre les effets n\u00e9fastes de l\u2019usage des produits chimiques.<\/span><\/p>\n<p style=\"text-align: justify;\"><span style=\"font-family: verdana, geneva, sans-serif;\">La mise en \u0153uvre de cette strat\u00e9gie nationale de gestion des produits chimiques, est intervenue dans un contexte o\u00f9 la C\u00f4te d\u2019Ivoire, a adopt\u00e9 l\u2019agenda 2030 sur les Objectifs du D\u00e9veloppement Durable et l\u2019agenda 2063 sur l\u2019Afrique que nous voulons.<\/span><\/p>\n<p style=\"text-align: justify;\"><span style=\"font-family: verdana, geneva, sans-serif;\">Ces deux agendas int\u00e8grent les pr\u00e9occupations li\u00e9es \u00e0 la gestion des produits chimiques.<\/span><\/p>\n<p style=\"text-align: justify;\"><span style=\"font-family: verdana, geneva, sans-serif;\">Le th\u00e8me, objet de notre intervention est \u00ab\u00a0<strong>les produits biocides et autres produits\u00a0: quelle r\u00e9glementation pour l\u2019utilisation contr\u00f4l\u00e9e en C\u00f4te d\u2019Ivoire<\/strong>\u00a0\u00bb. Il est utile pour une meilleure compr\u00e9hension de l\u2019orientation de mon intervention de faire ressortir les deux \u00e9l\u00e9ments cl\u00e9s de l\u2019analyse de ce th\u00e8me, \u00e0 savoir la d\u00e9finition d\u2019un biocide et la r\u00e9glementation.<\/span><\/p>\n<p style=\"text-align: justify;\"><span style=\"font-family: verdana, geneva, sans-serif;\"><strong>En termes de d\u00e9finition<\/strong>, il faut noter que <strong>les biocides<\/strong> sont des substances destin\u00e9es \u00e0 d\u00e9truire, repousser ou rendre inoffensifs les organismes nuisibles dans les secteurs non agricoles, par exemple dans les applications comme la conservation des bois, la d\u00e9sinfection ou certains usages domestiques.\u00a0 Un sous ensemble biocides est celui des pesticides. Il existe deux cat\u00e9gories de pesticides \u00e0 savoir\u00a0: les pesticides phytosanitaires ou pesticides phytopharmaceutiques et les pesticides biocides. Il existe une diff\u00e9rence entre les produits phytosanitaires et les biocides. D\u2019une mani\u00e8re g\u00e9n\u00e9rale les pesticides sont utilis\u00e9s pour lutter contre les organismes nuisibles.<\/span><\/p>\n<ul style=\"text-align: justify;\">\n<li><span style=\"font-family: verdana, geneva, sans-serif;\"><a href=\"https:\/\/fytoweb.be\/fr\/produits-phytopharmaceutiques\"><strong>Les produits phytosanitaires <\/strong><\/a>prot\u00e8gent les plantes contre les organismes nuisibles ou luttent contre les mauvaises herbes. Ils sont surtout utilis\u00e9s dans l&#8217;agriculture, mais aussi dans les jardins. Il s\u2019agit des herbicides, des fongicides et des insecticides.<\/span><\/li>\n<li><span style=\"font-family: verdana, geneva, sans-serif;\"><strong>Les biocides<\/strong> luttent aussi contre les organismes nuisibles, <strong>mais ne concernent pas les plantes vivantes.<\/strong> Ce sont en g\u00e9n\u00e9ral des produits d\u2019hygi\u00e8ne g\u00e9n\u00e9rale. Il existe 22 types de biocides<strong>. <\/strong>Ils sont class\u00e9s en 4 cat\u00e9gories \u00e0 savoir\u00a0: les d\u00e9sinfectants\u00a0; les produits de protection\u00a0; les produits de lutte contre les esp\u00e8ces dites \u00ab\u00a0nuisibles\u00a0\u00bb\u00a0; les autres produits biocides.<\/span><\/li>\n<\/ul>\n<p style=\"text-align: justify;\"><span style=\"font-family: verdana, geneva, sans-serif;\"><strong>\u00a0<\/strong><\/span><\/p>\n<p style=\"text-align: justify;\"><span style=\"font-family: verdana, geneva, sans-serif;\"><strong>En termes de r\u00e9glementation<\/strong>\u00a0: il faut d\u2019abord soulign\u00e9 que les deux cat\u00e9gories de pesticides dont il est question sont avant tout des produits chimiques. Leur gestion le long de leur cycle de vie ob\u00e9it quasiment aux m\u00eames r\u00e8gles de base.<\/span><\/p>\n<p style=\"text-align: justify;\"><span style=\"font-family: verdana, geneva, sans-serif;\">Selon leur sp\u00e9cificit\u00e9 et leur domaine d\u2019utilisation les textes r\u00e8glementaires qui les r\u00e9gissent sont initi\u00e9s par un minist\u00e8re donn\u00e9 en fonction de ses attributions.<\/span><\/p>\n<p style=\"text-align: justify;\"><span style=\"font-family: verdana, geneva, sans-serif;\">En g\u00e9n\u00e9ral, il est cr\u00e9\u00e9 au sein des minist\u00e8res concern\u00e9s au premier plan par l\u2019usage des produits chimiques cibl\u00e9s un Comit\u00e9 pour soit homologuer, soit autoriser l\u2019utilisation dudit produit chimique.<\/span><\/p>\n<p style=\"text-align: justify;\"><span style=\"font-family: verdana, geneva, sans-serif;\">Le Minist\u00e8re en charge de l\u2019Environnement en g\u00e9n\u00e9ral, fait partie desdits Comit\u00e9s. L\u2019application de la r\u00e9glementation fait aussi intervenir plusieurs minist\u00e8res avec un r\u00f4le pr\u00e9cis qui lui est d\u00e9volu selon ses attributions. Les actions li\u00e9es \u00e0 l\u2019application de la r\u00e9glementation sont en g\u00e9n\u00e9ral compl\u00e9mentaires mais il peut avoir dans certains cas des sp\u00e9cificit\u00e9s li\u00e9es \u00e0 la nature du produit chimique et de son domaine d\u2019utilisation.<\/span><\/p>\n<p style=\"text-align: justify;\"><span style=\"font-family: verdana, geneva, sans-serif;\">A titre d\u2019exemple l\u2019homologation des pesticides en C\u00f4te d\u2019Ivoire est du ressort du Minist\u00e8re d\u2019Etat, Minist\u00e8re de l\u2019Agriculture et du D\u00e9veloppement Rural tandis que la d\u00e9livrance d\u2019une autorisation pour l\u2019usage des biocides rel\u00e8ve du Minist\u00e8re du commerce, de l\u2019Industrie et de la Promotion des petites et moyennes entreprises.<\/span><\/p>\n<p style=\"text-align: justify;\"><span style=\"font-family: verdana, geneva, sans-serif;\">Mon d\u00e9partement minist\u00e9riel, concernant la r\u00e9glementation, h\u00e9berge la quasi-totalit\u00e9 des conventions internationales en mati\u00e8re de gestion des produits chimiques et d\u00e9chets, ratifi\u00e9es par la C\u00f4te d\u2019Ivoire. La mise en \u0153uvre desdites conventions rel\u00e8ve de nos attributions, \u00e9videment en associant tous les acteurs cl\u00e9s intervenant dans le cycle de vie des produits chimiques cibl\u00e9s, \u00e0 savoir les minist\u00e8res, le secteur priv\u00e9 et la soci\u00e9t\u00e9 civile.<\/span><\/p>\n<p style=\"text-align: justify;\"><span style=\"font-family: verdana, geneva, sans-serif;\">Les produits biocides sont avant tout des produits chimiques. Il n\u2019est de secret pour personne que les produits chimiques interviennent aujourd\u2019hui dans tous les secteurs d\u2019activit\u00e9 et dans notre vie quotidienne.<\/span><\/p>\n<p style=\"text-align: justify;\"><span style=\"font-family: verdana, geneva, sans-serif;\">Quand ils sont utilis\u00e9s en dehors des normes requises, ils deviennent un danger pour la sant\u00e9 et l\u2019environnement, avec parfois des cons\u00e9quences irr\u00e9versibles. \u00a0Les produits chimiques mal utilis\u00e9s sont \u00e0 l\u2019origine de plusieurs maladies telles (des allergies, de l&#8217;asphyxie, des intoxications aigu\u00ebs, cancers, perturbations endocriniennes, manque fertilit\u00e9, maladies de Parkinson, saturnisme, maladies respiratoires, maladies hydriques, etc\u2026) et de d\u00e9gradation de l\u2019environnement par la contamination de l\u2019air, l\u2019eau, le sol, le sous-sol et les nappes souterraines.\u00a0<\/span><\/p>\n<p style=\"text-align: justify;\"><span style=\"font-family: verdana, geneva, sans-serif;\">Cependant, utilis\u00e9s selon les normes requises, ils procurent \u00e0 l\u2019humanit\u00e9 ses bienfaits dans diff\u00e9rents secteurs de l\u2019\u00e9conomie et assure un bien-\u00eatre.<\/span><\/p>\n<p style=\"text-align: justify;\"><span style=\"font-family: verdana, geneva, sans-serif;\">C\u2019est pourquoi, il est vital de nous assurer que chaque acteur intervenant dans le cycle de vie d\u2019un produit chimique, c\u2019est-\u00e0-dire de sa fabrication \u00e0 sa destination ultime, doit rigoureusement jouer son r\u00f4le. Car il y va de la protection de la sant\u00e9 humaine et de l\u2019environnement, contre les effets n\u00e9fastes de l\u2019usage des produits chimiques.<\/span><\/p>\n<p style=\"text-align: justify;\"><span style=\"font-family: verdana, geneva, sans-serif;\">Mon intervention s\u2019inscrit dans un cadre g\u00e9n\u00e9ral qui est celui de la gestion \u00e9cologiquement rationnelle des produits chimiques en C\u00f4te d\u2019Ivoire, o\u00f9 chaque minist\u00e8re op\u00e8re en tenant compte de ses attributions et de son organisation, dans un esprit de solidarit\u00e9 et de coh\u00e9rence de l\u2019action gouvernementale.<\/span><\/p>\n<p style=\"text-align: justify;\"><span style=\"font-family: verdana, geneva, sans-serif;\">Ainsi, en ma qualit\u00e9 de Ministre de l\u2019Environnement et du D\u00e9veloppement Durable, de par le caract\u00e8re transversal de mon d\u00e9partement minist\u00e9riel, je vous informerai plus largement sur ce que fait ledit d\u00e9partement minist\u00e9riel en mati\u00e8re de gestion des produits chimiques en g\u00e9n\u00e9ral et en particulier sur les produits biocides.<\/span><\/p>\n<p style=\"text-align: justify;\"><span style=\"font-family: verdana, geneva, sans-serif;\"><strong>V\u00e9n\u00e9rables S\u00e9nateurs, Mesdames et Messieurs,<\/strong><\/span><\/p>\n<p style=\"text-align: justify;\"><span style=\"font-family: verdana, geneva, sans-serif;\">Apr\u00e8s cette introduction, j\u2019aborde maintenant la premi\u00e8re partie de mon intervention portant sur la r\u00e9glementation et son application en mati\u00e8re de gestion \u00e9cologiquement rationnelle des produits chimiques.<\/span><\/p>\n<ol style=\"text-align: justify;\">\n<li><span style=\"font-family: verdana, geneva, sans-serif;\"><strong> La r\u00e9glementation en mati\u00e8re de gestion des produits chimiques<\/strong><\/span><\/li>\n<\/ol>\n<p style=\"text-align: justify;\"><span style=\"font-family: verdana, geneva, sans-serif;\"><strong>\u00a0<\/strong><\/span><\/p>\n<p style=\"text-align: justify;\"><span style=\"font-family: verdana, geneva, sans-serif;\"><strong>V\u00e9n\u00e9rables S\u00e9nateurs, Mesdames et Messieurs,<\/strong><\/span><\/p>\n<p style=\"text-align: justify;\"><span style=\"font-family: verdana, geneva, sans-serif;\">Depuis sa cr\u00e9ation en 1981 \u00e0 ce jour, le Minist\u00e8re en charge de l\u2019Environnement a eu \u00e0 charge de concevoir la politique nationale de l\u2019environnement et de la mettre en \u0153uvre, avec la contribution des diff\u00e9rents minist\u00e8res, du secteur priv\u00e9, des partenaires techniques et financiers, et de la soci\u00e9t\u00e9 civile.<\/span><\/p>\n<p style=\"text-align: justify;\"><span style=\"font-family: verdana, geneva, sans-serif;\">La vision qui sous-tend cette politique environnementale a connu des variantes, mais elle a toujours conserv\u00e9 cette esp\u00e9rance d\u2019assurer \u00e0 chaque citoyen le droit de vivre dans un environ sain et que son devoir est de prot\u00e9ger l\u2019environnement.<\/span><\/p>\n<p style=\"text-align: justify;\"><span style=\"font-family: verdana, geneva, sans-serif;\">La gestion des produits chimiques constitue l\u2019un des axes prioritaires de la politique nationale de l\u2019environnement d\u00e9finie dans le programme de Gouvernement, du Pr\u00e9sident de la R\u00e9publique, Son Excellence Alassane OUATTARA. Cet axe a b\u00e9n\u00e9fici\u00e9 au fil des ann\u00e9es, d\u2019une attention particuli\u00e8re et pr\u00e9occupante en raison des effets n\u00e9fastes de certains produits chimiques sur la sant\u00e9 des populations et l\u2019environnement.\u00a0<\/span><\/p>\n<p style=\"text-align: justify;\"><span style=\"font-family: verdana, geneva, sans-serif;\">Il est bon de rappeler que le Chef de l\u2019Etat lors de sa visite en 2012 \u00e0 Washington, a rendu visite du PDG du Fonds pour l\u2019Environnement Mondial (FEM) pour \u00e9changer sur les opportunit\u00e9s offertes \u00e0 la C\u00f4te d\u2019Ivoire de mobiliser le financement li\u00e9 \u00e0 la mise en \u0153uvre des conventions internationales relatives aux produits chimiques et d\u00e9chets.\u00a0 Cette visite a donn\u00e9 une impulsion forte \u00e0 la gestion \u00e9cologiquement rationnelle des produits chimiques et d\u00e9chets. Durant la derni\u00e8re d\u00e9cennie 2011-2022, la gestion \u00e9cologiquement rationnelle des produits chimiques et d\u00e9chets a connu une am\u00e9lioration significative, au travers de la mise en \u0153uvre de plusieurs projets structurants dans le secteur.<\/span><\/p>\n<p style=\"text-align: justify;\"><span style=\"font-family: verdana, geneva, sans-serif;\">Le Minist\u00e8re de l\u2019Environnement et du D\u00e9veloppement Durable pour jouer son r\u00f4le transversal en mati\u00e8re de gestion \u00e9cologiquement rationnelle des produits, s\u2019appuie sur le cadre juridique et r\u00e9glementaire en vigueur.<\/span><\/p>\n<p style=\"text-align: justify;\"><span style=\"font-family: verdana, geneva, sans-serif;\">En effet, le cadre juridique et r\u00e9glementaire qui sous-tend la gestion \u00e9cologiquement rationnelle des produits chimiques et d\u00e9chets, fait r\u00e9f\u00e9rence \u00e0 diff\u00e9rents textes juridiques aux plans national, r\u00e9gional et international.<\/span><\/p>\n<p style=\"text-align: justify;\"><span style=\"font-family: verdana, geneva, sans-serif;\"><strong>Au plan national<\/strong> il convient de citer\u00a0:<\/span><\/p>\n<p style=\"text-align: justify;\"><span style=\"font-family: verdana, geneva, sans-serif;\"><strong><em>La constitution ivoirienne<\/em><\/strong><em>\u00a0: <\/em>dans son pr\u00e9ambule, elle proclame que\u00a0: \u00ab\u00a0Nous, Peuple de C\u00f4te d\u2019Ivoire\u00a0; Exprimons notre engagement \u00e0\u00a0contribuer \u00e0 la pr\u00e9servation du climat et d\u2019un environnement sain pour les g\u00e9n\u00e9rations futures\u00a0\u00bb. Son article 27 stipule que\u00a0\u00ab le droit \u00e0 un environnement sain est reconnu \u00e0 tous sur l\u2019ensemble du territoire national\u00a0\u00bb et son article 40 dispose que \u00ab\u00a0la protection de l\u2019environnement et la promotion de la qualit\u00e9 de la vie sont un devoir pour la communaut\u00e9 et pour chaque personne physique ou morale\u00a0\u00bb.<\/span><\/p>\n<p style=\"text-align: justify;\"><span style=\"font-family: verdana, geneva, sans-serif;\">Ces deux articles marquent la volont\u00e9 de l\u2019Etat de C\u00f4te d\u2019Ivoire \u00e0 prendre toutes les dispositions n\u00e9cessaires pour une gestion contr\u00f4l\u00e9e des produits chimiques au travers d\u2019un cadre juridique et r\u00e9glementaire ad\u00e9quat. \u00a0<\/span><\/p>\n<p style=\"text-align: justify;\"><span style=\"font-family: verdana, geneva, sans-serif;\"><strong>La Loi n\u00b096-766 du 3 octobre 1996 portant Code de l\u2019Environnement<\/strong> comporte une s\u00e9rie de textes juridiques n\u00e9cessaires \u00e0 une gestion \u00e9cologiquement rationnelle des produits chimiques. Je citerai le D\u00e9cret n\u00b02012-1047 du 24 octobre 2012 fixant les modalit\u00e9s d\u2019application du principe pollueur-payeur. Je fais aussi r\u00e9f\u00e9rence \u00e0 la loi n\u00b088-651 du 07 juillet 1988 portant protection de la sant\u00e9 publique et de l\u2019environnement contre les effets des d\u00e9chets industriels toxiques et nucl\u00e9aires et des substances nocives.<\/span><\/p>\n<p style=\"text-align: justify;\"><span style=\"font-family: verdana, geneva, sans-serif;\">Le champ d\u2019utilisation de certains produits chimiques est li\u00e9 de mani\u00e8re prioritaire aux\u00a0 attributions de certains d\u00e9partements minist\u00e9riels.\u00a0 Ainsi le\u00a0 Minist\u00e8re d\u2019Etat en charge de l\u2019Agriculture, assure la gestion des pesticides. Cette gestion repose principalement sur deux\u00a0 textes\u00a0 juridiques \u00e0 savoir la\u00a0Loi n\u00b0 2015-537 du 20 juillet 2015 d\u2019orientation agricole et le d\u00e9cret n\u00b0 89-02 du 4 janvier 1989 relatif \u00e0 l&#8217;agr\u00e9ment, la fabrication, la vente et l&#8217;utilisation des pesticides (Laisser le Minist\u00e8re de l\u2019agriculture en parler).<\/span><\/p>\n<p style=\"text-align: justify;\"><span style=\"font-family: verdana, geneva, sans-serif;\">Concernant le Minist\u00e8re du Commerce, de l\u2019Industrie et des Petites et Moyennes Entreprises, il a en charge la gestion des biocides. J\u2019ai relev\u00e9 principalement quatre textes juridiques sur lesquels reposent la gestion des biocides, \u00e0 savoir (i) <a href=\"https:\/\/www.codinorm.ci\/doc\/cadre_regl\/loi%20sur%20la%20normalisation%202013-866.pdf\">\u00a0Loi n\u00b0 2013-866 du 23 d\u00e9cembre 2013, relative \u00e0 la normalisation et \u00e0 la promotion de la qualit\u00e9, (ii) <\/a>D\u00e9cret n\u00b02014-460 du 06 ao\u00fbt 2014 portant attribution, organisation et fonctionnement de l\u2019organisme national de normalisation, d\u00e9nomm\u00e9 Comit\u00e9 Ivoirien de Normalisation en abr\u00e9g\u00e9 CIN et (iii) le D\u00e9cret 2016-1152 du 28 D\u00e9cembre 2016 rendant certaines normes d\u2019application obligatoires et le <a href=\"https:\/\/www.codinorm.ci\/doc\/cadre_regl\/2020-389.pdf\">D\u00e9cret n\u00b0 2020-389 du 15 avril 2020 portant modification des annexes au d\u00e9cret n\u00b0 2016-1152 du 28 d\u00e9cembre 2016 rendant certaines normes d&#8217;application obligatoire (propos du minist\u00e8re du commerce).<\/a><\/span><\/p>\n<p style=\"text-align: justify;\"><span style=\"font-family: verdana, geneva, sans-serif;\">Le champ d\u2019utilisation de certains produits chimiques est li\u00e9 de mani\u00e8re prioritaire aux attributions de certains d\u00e9partements minist\u00e9riels. Ainsi le Minist\u00e8re d\u2019Etat en charge de l\u2019Agriculture, assure la gestion des pesticides. Cette gestion repose principalement sur deux textes juridiques \u00e0 savoir la\u00a0Loi n\u00b0 2015-537 du 20 juillet 2015 d\u2019orientation agricole et le d\u00e9cret n\u00b0 89-02 du 4 janvier 1989 relatif \u00e0 l&#8217;agr\u00e9ment, la fabrication, la vente et l&#8217;utilisation des pesticides.<\/span><\/p>\n<p style=\"text-align: justify;\"><span style=\"font-family: verdana, geneva, sans-serif;\">Concernant le Minist\u00e8re du Commerce, de l\u2019Industrie et de la Promotion des Petites et Moyennes Entreprises, il a en charge la gestion des biocides.<\/span><\/p>\n<p style=\"text-align: justify;\"><span style=\"font-family: verdana, geneva, sans-serif;\">J\u2019ai relev\u00e9 principalement quatre textes juridiques sur lesquels reposent la gestion des biocides, \u00e0 savoir (i) <a href=\"https:\/\/www.codinorm.ci\/doc\/cadre_regl\/loi%20sur%20la%20normalisation%202013-866.pdf\">\u00a0Loi n\u00b0 2013-866 du 23 d\u00e9cembre 2013, relative \u00e0 la normalisation et \u00e0 la promotion de la qualit\u00e9, (ii) <\/a>D\u00e9cret n\u00b02014-460 du 06 ao\u00fbt 2014 portant attribution, organisation et fonctionnement de l\u2019organisme national de normalisation, d\u00e9nomm\u00e9 Comit\u00e9 Ivoirien de Normalisation en abr\u00e9g\u00e9 CIN et (iii) le D\u00e9cret 2016-1152 du 28 D\u00e9cembre 2016 rendant certaines normes d\u2019application obligatoires et le <a href=\"https:\/\/www.codinorm.ci\/doc\/cadre_regl\/2020-389.pdf\">D\u00e9cret n\u00b0 2020-389 du 15 avril 2020 portant modification des annexes au d\u00e9cret n\u00b0 2016-1152 du 28 d\u00e9cembre 2016 rendant certaines normes d&#8217;application obligatoire.<\/a><\/span><\/p>\n<p style=\"text-align: justify;\"><span style=\"font-family: verdana, geneva, sans-serif;\"><strong>Au plan r\u00e9gional<\/strong>, des efforts de coordination sont faits au niveau de la CEDEAO pour une gestion int\u00e9gr\u00e9e des produits chimiques. Ainsi\u00a0:<\/span><\/p>\n<ul style=\"text-align: justify;\">\n<li><span style=\"font-family: verdana, geneva, sans-serif;\">Une strat\u00e9gie r\u00e9gionale de la gestion int\u00e9gr\u00e9e des produits chimiques et d\u00e9chets dangereux a \u00e9t\u00e9 \u00e9labor\u00e9e,<\/span><\/li>\n<li><span style=\"font-family: verdana, geneva, sans-serif;\">Un cadre r\u00e9gional d\u2019homologation des pesticides d\u00e9nomm\u00e9 Comit\u00e9 R\u00e9gional d\u2019Harmonisation de l\u2019homologation des pesticides est en train d\u2019\u00eatre mis en place en application du r\u00e8glement REG. 05\/0\/2008 portant sur les r\u00e8gles d\u2019harmonisation<\/span><\/li>\n<\/ul>\n<p style=\"text-align: justify;\"><span style=\"font-family: verdana, geneva, sans-serif;\">Par ailleurs, il est \u00e0 noter que la r\u00e9gion Afrique a adopt\u00e9 la Convention de Bamako sur l\u2019interdiction d\u2019importer en Afrique des d\u00e9chets dangereux et sur le contr\u00f4le des mouvements transfronti\u00e8res et la gestion des d\u00e9chets dangereux produits en Afrique, Convention ratifi\u00e9e le 9 juin 1994 par notre pays.<\/span><\/p>\n<p style=\"text-align: justify;\"><span style=\"font-family: verdana, geneva, sans-serif;\"><strong>Au plan international, <\/strong>la C\u00f4te d\u2019Ivoire a ratifi\u00e9 une s\u00e9rie de conventions internationales li\u00e9es \u00e0 la gestion des produits chimiques. Il s\u2019agit notamment de\u00a0:<\/span><\/p>\n<ul style=\"text-align: justify;\">\n<li><span style=\"font-family: verdana, geneva, sans-serif;\">la Convention de Rotterdam sur la proc\u00e9dure de consentement pr\u00e9alable en connaissance de cause applicable \u00e0 certains produits chimiques et pesticides dangereux qui font l\u2019objet d\u2019un commerce international (ratifi\u00e9e le 23 juillet 2003),<\/span><\/li>\n<li><span style=\"font-family: verdana, geneva, sans-serif;\">la Convention de Stockholm sur les polluants organiques persistants (ratifi\u00e9e le 23 juillet 2003),<\/span><\/li>\n<li><span style=\"font-family: verdana, geneva, sans-serif;\">la Convention de Minamata sur le mercure (ratifi\u00e9e le 01 octobre 2019),<\/span><\/li>\n<li><span style=\"font-family: verdana, geneva, sans-serif;\">la Convention de B\u00e2le sur le contr\u00f4le des mouvements transfrontaliers des d\u00e9chets dangereux et de leur \u00e9limination (ratifi\u00e9e le 9 juin 1994);<\/span><\/li>\n<li><span style=\"font-family: verdana, geneva, sans-serif;\">l\u2019Approche Strat\u00e9gique de la Gestion Internationale des Produits Chimiques (adopt\u00e9e en 2006)<\/span><\/li>\n<\/ul>\n<p style=\"text-align: justify;\"><span style=\"font-family: verdana, geneva, sans-serif;\">L\u2019ensemble de ces Conventions visent la gestion \u00e9cologiquement rationnelle des produits chimiques c\u2019est-\u00e0-dire \u00a0\u00e0 prot\u00e9ger la sant\u00e9 humaine et l\u2019environnement. Il s\u2019agit de mani\u00e8re sp\u00e9cifique (i) d\u2019\u00e9viter les stocks de produis obsol\u00e8tes\u00a0; (ii) de d\u00e9velopper des produits les moins dangereux possible\u00a0; (iii) de produire le moins possible de d\u00e9chets de produits chimiques; (iv) contr\u00f4ler et traiter ces d\u00e9chets pour \u00e9viter qu\u2019ils d\u00e9truisent la sant\u00e9 et l\u2019environnement\u00a0; (v) pr\u00e9venir le trafic illicite, (vi) r\u00e9duire au maximum les risques li\u00e9s aux produits chimiques et leurs d\u00e9chets.<\/span><\/p>\n<ol style=\"text-align: justify;\">\n<li><span style=\"font-family: verdana, geneva, sans-serif;\"><strong> Mise en \u0153uvre du cadre r\u00e9glementaire en mati\u00e8re de gestion des produits chimiques<\/strong><\/span><\/li>\n<\/ol>\n<p style=\"text-align: justify;\"><span style=\"font-family: verdana, geneva, sans-serif;\"><strong><u>Les Structures de mise en \u0153uvre de la r\u00e9glementation <\/u><\/strong><\/span><\/p>\n<p style=\"text-align: justify;\"><span style=\"font-family: verdana, geneva, sans-serif;\"><strong>V\u00e9n\u00e9rables S\u00e9nateurs, Mesdames et Messieurs,<\/strong><\/span><\/p>\n<p style=\"text-align: justify;\"><span style=\"font-family: verdana, geneva, sans-serif;\">La gestion des produits chimiques en C\u00f4te d\u2019Ivoire, de par son caract\u00e8re transversal, fait intervenir plusieurs Minist\u00e8res. Toutefois, chaque minist\u00e8re intervient selon ses attributions et son organisation.<\/span><\/p>\n<p style=\"text-align: justify;\"><span style=\"font-family: verdana, geneva, sans-serif;\">Ainsi, conform\u00e9ment au d\u00e9cret n\u00b0 2022-301 du 04 mai 2022, portant attributions des membres du Gouvernement, en son article 33, le Ministre de l\u2019Environnement et du D\u00e9veloppement durable est charg\u00e9 de la mise en \u0153uvre et du suivi de la politique du Gouvernement en mati\u00e8re de Protection de l\u2019Environnement et du D\u00e9veloppement Durable.<\/span><\/p>\n<p style=\"text-align: justify;\"><span style=\"font-family: verdana, geneva, sans-serif;\">Pour mener \u00e0 bien ses missions, le Minist\u00e8re de l\u2019Environnement et du D\u00e9veloppement durable est organis\u00e9 en divers Services selon le d\u00e9cret n\u00b02021-471 du 08 septembre 2021.<\/span><\/p>\n<p style=\"text-align: justify;\"><span style=\"font-family: verdana, geneva, sans-serif;\">Ainsi, la composante gestion \u00e9cologiquement rationnelle des produits chimiques va prendre appui essentiellement sur les entit\u00e9s administratives suivantes\u00a0:<\/span><\/p>\n<ul style=\"text-align: justify;\">\n<li><span style=\"font-family: verdana, geneva, sans-serif;\">La Direction des D\u00e9chets Industriels et des Substances Chimiques (rattach\u00e9e \u00e0 la Direction G\u00e9n\u00e9rale de l\u2019Environnement),<\/span><\/li>\n<li><span style=\"font-family: verdana, geneva, sans-serif;\">La Direction de la Pr\u00e9vention des Risques et de la Qualit\u00e9 de la vie (rattach\u00e9e \u00e0 la Direction G\u00e9n\u00e9rale de l\u2019Environnement),<\/span><\/li>\n<li><span style=\"font-family: verdana, geneva, sans-serif;\">Le Programme National de la Gestion des Produits Chimiques (au sein de la Coordination G\u00e9n\u00e9rale des Programmes et Projets, rattach\u00e9 au Cabinet),<\/span><\/li>\n<li><span style=\"font-family: verdana, geneva, sans-serif;\">La Direction du contr\u00f4le et de la s\u00e9curit\u00e9 environnementale (rattach\u00e9 au Cabinet)<\/span><\/li>\n<li><span style=\"font-family: verdana, geneva, sans-serif;\">La Direction de la Coop\u00e9ration Internationale et de la Mobilisation du Financement (rattach\u00e9e au cabinet).<\/span><\/li>\n<\/ul>\n<p style=\"text-align: justify;\"><span style=\"font-family: verdana, geneva, sans-serif;\">Deux structures sous tutelle du MINEDD, interviennent elles aussi dans la gestion des produits chimiques. Elles travaillent en collaboration \u00e9troite avec les autres structures du MINEDD cit\u00e9es ci-dessous afin de s\u2019assurer que l\u2019utilisation des produits chimiques, durant leur cycle de vie n\u2019induisent pas d\u2019effets n\u00e9fastes sur la sant\u00e9 des populations et l\u2019environnement.<\/span><\/p>\n<p style=\"text-align: justify;\"><span style=\"font-family: verdana, geneva, sans-serif;\">L\u2019ANDE, guichet unique des \u00e9valuations environnementales, s\u2019assure qu\u2019en amont de tout projet susceptible d\u2019avoir un impact sur l\u2019environnement qu\u2019une Etude d\u2019Impact Environnemental et Social est r\u00e9alis\u00e9e en vue de pr\u00e9voir les mesures correctives n\u00e9cessaires permettant de pr\u00e9server au maximum l\u2019int\u00e9grit\u00e9 de l\u2019environnement. Elle met en \u0153uvre la proc\u00e9dure d\u2019audit environnemental et s\u2019assure que les entreprises n\u2019ayant pas en leur sein un Syst\u00e8me de Management Environnemental dispose d\u2019un Plan de Gestion Environnemental- Audit.<\/span><\/p>\n<p style=\"text-align: justify;\"><span style=\"font-family: verdana, geneva, sans-serif;\">Le CIAPOL est en charge de la gestion de d\u00e9chets, la surveillance de la qualit\u00e9 de l\u2019air, du sol et des eaux, la supervision et la r\u00e9alisation de bilan de pollution. Il veille sur les matrices environnementales et effectue p\u00e9riodiquement des contr\u00f4les dans les installations class\u00e9es avec des agents asserment\u00e9s. Le CIAPOL intervient en cas de pollution av\u00e9r\u00e9e provoqu\u00e9e par une entreprise avec l\u2019appui des minist\u00e8res concern\u00e9s par les activit\u00e9s de ladite entreprise pour amener l\u2019op\u00e9rateur \u00e0 se mettre aux normes et en cas de r\u00e9cidive, l\u2019entreprise s\u2019expose aux sanctions pr\u00e9vues par la loi.<\/span><\/p>\n<p style=\"text-align: justify;\"><span style=\"font-family: verdana, geneva, sans-serif;\">Les deux derni\u00e8res directions de cr\u00e9ation r\u00e9cente, permettront aussi de renforcer le dispositif institutionnel de la mise en \u0153uvre acc\u00e9l\u00e9r\u00e9e des actions coordonn\u00e9es au sein du Minist\u00e8re en vue d\u2019atteindre les objectifs vis\u00e9s.\u00a0<\/span><\/p>\n<p style=\"text-align: justify;\"><span style=\"font-family: verdana, geneva, sans-serif;\"><strong>Ce sont au total 7 entit\u00e9s administratives r\u00e9gies par les textes en vigueur et forte de leurs attributions, missions et organisations, qui collaborent \u00e9troitement avec les autres structures au sein du Minist\u00e8re et au sein des d\u2019autres minist\u00e8res pour assurer de mani\u00e8re efficiente la gestion \u00e9cologiquement rationnelle des produits chimiques.<\/strong><\/span><\/p>\n<p style=\"text-align: justify;\"><span style=\"font-family: verdana, geneva, sans-serif;\">La synergie d\u2019actions entre les diff\u00e9rentes structures, les innovations apport\u00e9es, ainsi que l\u2019engagement du Gouvernement \u00e0 assurer un cadre de vie sain \u00e0 la population et prot\u00e9ger de mani\u00e8re durable l\u2019environnement ont impuls\u00e9 la conception, l\u2019\u00e9laboration de projets structurants, avec le soutien des partenaires techniques et financiers.<\/span><\/p>\n<p style=\"text-align: justify;\"><span style=\"font-family: verdana, geneva, sans-serif;\">Dans cette partie de mon intervention, je mets en exergue les principaux projets ex\u00e9cut\u00e9s en cours, ayant permis d\u2019insuffler une nouvelle dynamique au sein du MINEDD et des structures partenaires avec des r\u00e9sultats pr\u00e9liminaires de plus en plus encourageants. \u00a0Ces projets couvrent la p\u00e9riode 2011-2022.<\/span><\/p>\n<p style=\"text-align: justify;\"><span style=\"font-family: verdana, geneva, sans-serif;\"><strong><u>Actions Prioritaires r\u00e9alis\u00e9es au travers de la mise en \u0153uvre des projets <\/u><\/strong><\/span><\/p>\n<p style=\"text-align: justify;\"><span style=\"font-family: verdana, geneva, sans-serif;\">Les projets identifi\u00e9s sont class\u00e9s par p\u00e9riode en lien avec le PND.<\/span><\/p>\n<p style=\"text-align: justify;\"><span style=\"font-family: verdana, geneva, sans-serif;\">Pour la p\u00e9riode 2011-2015<\/span><\/p>\n<ul style=\"text-align: justify;\">\n<li><span style=\"font-family: verdana, geneva, sans-serif;\">Le Projet de r\u00e9duction des risques li\u00e9s au mercure dans l\u2019exploitation mini\u00e8re artisanale et \u00e0 petite \u00e9chelle de l\u2019or en C\u00f4te d\u2019Ivoire(Orpaillage),<\/span><\/li>\n<li><span style=\"font-family: verdana, geneva, sans-serif;\">Le Projet R\u00e9gional de gestion de PolyChloroBiph\u00e9nyles (PCB),<\/span><\/li>\n<\/ul>\n<p style=\"text-align: justify;\"><span style=\"font-family: verdana, geneva, sans-serif;\">Pour la p\u00e9riode 2016-2020<\/span><\/p>\n<ul style=\"text-align: justify;\">\n<li><span style=\"font-family: verdana, geneva, sans-serif;\">Le Projet de Gestion des Pesticides Obsol\u00e8tes et d\u00e9chets associ\u00e9s (PROGEPCI)\u00a0(2016-2021),<\/span><\/li>\n<li><span style=\"font-family: verdana, geneva, sans-serif;\">Le projet d\u2019\u00e9laboration de la strat\u00e9gie nationale de gestion de polluants climatiques \u00e0 courte dur\u00e9e de vie dans le secteur des d\u00e9chets (2016-2019).<\/span><\/li>\n<\/ul>\n<p style=\"text-align: justify;\"><span style=\"font-family: verdana, geneva, sans-serif;\">Pour la p\u00e9riode 2021- 2025<\/span><\/p>\n<ul style=\"text-align: justify;\">\n<li><span style=\"font-family: verdana, geneva, sans-serif;\">Le Projet de gestion des produits chimiques obsol\u00e8tes et autres d\u00e9chets chimiques dans les Etablissements secondaires du District d\u2019Abidjan (2021),<\/span><\/li>\n<li><span style=\"font-family: verdana, geneva, sans-serif;\">Le Projet de r\u00e9duction des \u00e9missions involontaires des polluants organiques et des PolyBromoDiphenylEthers dans les d\u00e9chets d\u2019\u00e9quipements industriels (uPOPCI),<\/span><\/li>\n<li><span style=\"font-family: verdana, geneva, sans-serif;\">Le Projet de renforcement des capacit\u00e9s techniques pour la surveillance et le contr\u00f4le des pollutions et de maitrise des risques chimiques,<\/span><\/li>\n<li><span style=\"font-family: verdana, geneva, sans-serif;\">Projet ozone.<\/span><\/li>\n<\/ul>\n<p style=\"text-align: justify;\"><span style=\"font-family: verdana, geneva, sans-serif;\"><strong><u>\u00a0<\/u><\/strong><\/span><\/p>\n<p style=\"text-align: justify;\"><span style=\"font-family: verdana, geneva, sans-serif;\"><strong><u>Effets des actions prioritaires en lien avec les r\u00e9sultats obtenus <\/u><\/strong><\/span><\/p>\n<p style=\"text-align: justify;\"><span style=\"font-family: verdana, geneva, sans-serif;\">L\u2019ensemble de ses projets ex\u00e9cut\u00e9s durant la p\u00e9riode 2011- 2020 ont permis par les r\u00e9sultats obtenus, d\u2019att\u00e9nuer, de r\u00e9duire et d\u2019\u00e9liminer les effets n\u00e9fastes de l\u2019usage des produits chimiques sur la sant\u00e9 humaine et l\u2019environnement.<\/span><\/p>\n<p style=\"text-align: justify;\"><span style=\"font-family: verdana, geneva, sans-serif;\">En effet (i) le cadre juridique de la gestion des produits chimiques a \u00e9t\u00e9 am\u00e9lior\u00e9 au moins une dizaine de textes juridiques ont \u00e9t\u00e9 produits dont deux lois, (ii) des d\u00e9chets contenant des produits chimiques dangereux ont \u00e9t\u00e9 \u00e9limin\u00e9s (320 tonnes de pesticides obsol\u00e8tes \u00e9limin\u00e9s, ), (iii) des syst\u00e8mes de gestion des pesticides ont \u00e9t\u00e9 d\u00e9velopp\u00e9s et rendus op\u00e9rationnels, (iv) des acteurs du cycle de vie des produits chimiques ont \u00e9t\u00e9 form\u00e9s, (v) des campagnes de sensibilisation et la production de films de sensibilisation ont \u00e9t\u00e9 r\u00e9alis\u00e9s.<\/span><\/p>\n<p style=\"text-align: justify;\"><span style=\"font-family: verdana, geneva, sans-serif;\">La capitalisation des acquis de ses projets ont permis de tirer les le\u00e7ons pour une gestion am\u00e9lior\u00e9e des produits chimiques dont les indicateurs pertinents d\u00e9finis contribueront \u00e0 l\u2019atteinte des ODD cibl\u00e9s de l\u2019agenda 2030 et des objectifs de l\u2019agenda 2063.<\/span><\/p>\n<p style=\"text-align: justify;\"><span style=\"font-family: verdana, geneva, sans-serif;\">Cependant, il y a lieu de souligner que la mise en \u0153uvre desdits projets, ne s\u2019est pas faite sans contraintes et des d\u00e9fis sont \u00e0 relever.<\/span><\/p>\n<p style=\"text-align: justify;\"><span style=\"font-family: verdana, geneva, sans-serif;\">Ainsi, dans cette partie de mon intervention, j\u2019en viens \u00e0 vous pr\u00e9senter quelques des contraintes et d\u00e9fis auxquels nous faisons face.<\/span><\/p>\n<p style=\"text-align: justify;\"><span style=\"font-family: verdana, geneva, sans-serif;\"><strong><u>Les contraintes et d\u00e9fis <\/u><\/strong><\/span><\/p>\n<p style=\"text-align: justify;\"><span style=\"font-family: verdana, geneva, sans-serif;\"><strong>V\u00e9n\u00e9rables S\u00e9nateurs, Mesdames et Messieurs,<\/strong><\/span><\/p>\n<p style=\"text-align: justify;\"><span style=\"font-family: verdana, geneva, sans-serif;\"><strong>Au niveau des contraintes, <\/strong>il faut mentionner :<\/span><\/p>\n<ul style=\"text-align: justify;\">\n<li><span style=\"font-family: verdana, geneva, sans-serif;\">La faible synergie d\u2019actions entre les acteurs impliqu\u00e9s dans la gestion des produits chimiques le long son cycle de vie\u00a0;<\/span><\/li>\n<li><span style=\"font-family: verdana, geneva, sans-serif;\">La faible capacit\u00e9 des acteurs \u00e0 d\u00e9velopper des projets structurants \u00e9ligibles aux m\u00e9canismes de financement existants\u00a0;<\/span><\/li>\n<li><span style=\"font-family: verdana, geneva, sans-serif;\">La faible mobilisation des financements endoss\u00e9s \u00e0 la mise en \u0153uvre des conventions ratifi\u00e9es\u00a0;<\/span><\/li>\n<li><span style=\"font-family: verdana, geneva, sans-serif;\">Le faible niveau de ma\u00eetrise des risques li\u00e9s aux usages de produits chimiques,<\/span><\/li>\n<li><span style=\"font-family: verdana, geneva, sans-serif;\">La mise en \u0153uvre de la responsabilit\u00e9 soci\u00e9tale des entreprises est insuffisante,<\/span><\/li>\n<li><span style=\"font-family: verdana, geneva, sans-serif;\">Le faible niveau de vie des populations expos\u00e9es aux risques li\u00e9es aux usages des produits chimiques,<\/span><\/li>\n<li><span style=\"font-family: verdana, geneva, sans-serif;\">L\u2019information chimique n\u2019est pas toujours accessible aux populations,<\/span><\/li>\n<\/ul>\n<p style=\"text-align: justify;\"><span style=\"font-family: verdana, geneva, sans-serif;\"><strong><u>\u00a0<\/u><\/strong><\/span><\/p>\n<p style=\"text-align: justify;\"><span style=\"font-family: verdana, geneva, sans-serif;\"><strong>Au niveau des d\u00e9fis \u00e0 relever<\/strong>, il faut\u00a0:<\/span><\/p>\n<ul style=\"text-align: justify;\">\n<li><span style=\"font-family: verdana, geneva, sans-serif;\">Renforcer de mani\u00e8re continue le cadre juridique et r\u00e9glementaire en prenant en compte les nouveaux d\u00e9fis \u00e9mergents,<\/span><\/li>\n<li><span style=\"font-family: verdana, geneva, sans-serif;\">Renforcer les capacit\u00e9s des acteurs intervenants dans le cycle de vie des pesticides,<\/span><\/li>\n<li><span style=\"font-family: verdana, geneva, sans-serif;\">Impliquer davantage le secteur priv\u00e9 pour la mise en \u0153uvre de la responsabilit\u00e9 soci\u00e9tale au sein des entreprises, l\u2019application du principe de pr\u00e9caution et du principe pollueur-payeur<\/span><\/li>\n<li><span style=\"font-family: verdana, geneva, sans-serif;\">Elaborer des projets structurants pour l\u2019atteinte des engagements pris de mise en \u0153uvre des conventions,<\/span><\/li>\n<li><span style=\"font-family: verdana, geneva, sans-serif;\">Rehausser le niveau de financement des actions prioritaires en mati\u00e8re de gestion des produits chimiques,<\/span><\/li>\n<li><span style=\"font-family: verdana, geneva, sans-serif;\">Am\u00e9liorer l\u2019efficacit\u00e9 de l\u2019application des textes r\u00e9glementaires en mati\u00e8re de gestion des produits chimiques,<\/span><\/li>\n<li><span style=\"font-family: verdana, geneva, sans-serif;\">Prendre en compte les liens existants entre l\u2019atteinte des Objectifs du D\u00e9veloppement Durable, de l\u2019agenda 2063 et la gestion \u00e9cologiquement rationnelle des produits chimiques,<\/span><\/li>\n<li><span style=\"font-family: verdana, geneva, sans-serif;\">Renforcer la surveillance et le suivi de l\u2019\u00e9tat de pollution des matrices environnementales (air, eau et sol),<\/span><\/li>\n<\/ul>\n<p style=\"text-align: justify;\"><span style=\"font-family: verdana, geneva, sans-serif;\">Apr\u00e8s avoir pr\u00e9sent\u00e9 l\u2019encadrement juridique et r\u00e9glementaire, les capacit\u00e9s op\u00e9rationnelles dont nous disposons en vertu du cadre institutionnel, nous permettant de conduire nos missions en mati\u00e8re de gestion \u00e9cologiquement rationnelle des produits chimiques, j\u2019en viens maintenant \u00e0 la troisi\u00e8me partie de mon intervention relative aux perspectives.<\/span><\/p>\n<p style=\"text-align: justify;\"><span style=\"font-family: verdana, geneva, sans-serif;\"><strong>III. Perspectives <\/strong><\/span><\/p>\n<p style=\"text-align: justify;\"><span style=\"font-family: verdana, geneva, sans-serif;\">Comme soulign\u00e9 dans mon propos pr\u00e9liminaire, la C\u00f4te d\u2019Ivoire a \u00e9lev\u00e9 au rang de ses priorit\u00e9s le bien-\u00eatre de sa population et la pr\u00e9servation de l\u2019environnement. Mon d\u00e9partement minist\u00e9riel ne m\u00e9nage aucun effort pour que chaque jour le citoyen nouveau, celui qui est soucieux de son environnement, constate que les produits chimiques qui sont utilis\u00e9s le sont dans un cadre juridique, r\u00e9glementaire et institutionnel qui garantisse sa sant\u00e9 et la non d\u00e9gradation de son environnement.<\/span><\/p>\n<p style=\"text-align: justify;\"><span style=\"font-family: verdana, geneva, sans-serif;\">Les efforts entrepris par tous, ne permettent aujourd\u2019hui d\u2019affirmer que nous avons atteint les objectifs vis\u00e9s, notamment le respect de nos engagements pris au travers des accords multilat\u00e9raux, de leur d\u00e9clination en droit national et de la mise en \u0153uvre d\u2019actions \u00e0 fort impact positif sur le bien-\u00eatre des populations.<\/span><\/p>\n<p style=\"text-align: justify;\"><span style=\"font-family: verdana, geneva, sans-serif;\">Depuis que ce d\u00e9partement minist\u00e9riel, m\u2019a \u00e9t\u00e9 confi\u00e9, il y a deux ans r\u00e9volus, mes collaborateurs et moi, sommes \u00e0 pied d\u2019\u0153uvre pour insuffler une nouvelle dynamique \u00e0 la probl\u00e9matique de la gestion des produits chimiques en C\u00f4te d\u2019Ivoire. Pour ce faire, il faut qu\u2019en termes de perspectives\u00a0:<\/span><\/p>\n<p style=\"text-align: justify;\"><span style=\"font-family: verdana, geneva, sans-serif;\"><strong>Au plan juridique\u00a0:<\/strong><\/span><\/p>\n<ul style=\"text-align: justify;\">\n<li><span style=\"font-family: verdana, geneva, sans-serif;\">La r\u00e9vision du Code de l\u2019Environnement adopt\u00e9e Conseil des Ministres du mercredi 28 septembre 2022\u00a0;<\/span><\/li>\n<li><span style=\"font-family: verdana, geneva, sans-serif;\">La r\u00e9vision de la fiscalit\u00e9 environnementale<\/span><\/li>\n<li><span style=\"font-family: verdana, geneva, sans-serif;\">Le projet de d\u00e9cret relatif au changement du statut de l\u2019ANDE et du CIAPOL,<\/span><\/li>\n<li><span style=\"font-family: verdana, geneva, sans-serif;\">Le projet de loi relative aux fraudes en mati\u00e8re de gestion des pesticides,<\/span><\/li>\n<li><span style=\"font-family: verdana, geneva, sans-serif;\">Le projet de loi portant cr\u00e9ation de la Commission Nationale de Gestion des Produits Chimiques\u00a0;<\/span><\/li>\n<\/ul>\n<p style=\"text-align: justify;\"><span style=\"font-family: verdana, geneva, sans-serif;\"><strong>Au plan institutionnel\u00a0:<\/strong><\/span><\/p>\n<ul style=\"text-align: justify;\">\n<li><span style=\"font-family: verdana, geneva, sans-serif;\">Mettre en place de la Commission Nationale de Gestion des Produits Chimiques,<\/span><\/li>\n<li><span style=\"font-family: verdana, geneva, sans-serif;\">Renforcer la synergie d\u2019actions entre les structures intervenant dans la gestion des produits chimiques cibl\u00e9s (biocides, pesticides et autres),<\/span><\/li>\n<li><span style=\"font-family: verdana, geneva, sans-serif;\">Elaborer la nouvelle strat\u00e9gie nationale de gestion des produits chimiques,<\/span><\/li>\n<\/ul>\n<p style=\"text-align: justify;\"><span style=\"font-family: verdana, geneva, sans-serif;\"><strong>Au plan des moyens humains et techniques\u00a0:<\/strong><\/span><\/p>\n<ul style=\"text-align: justify;\">\n<li><span style=\"font-family: verdana, geneva, sans-serif;\">Renforcer les capacit\u00e9s du personnel du CIAPOL et de l\u2019ANDE en vue de les doter des outils r\u00e9cents pour accomplir leurs missions,<\/span><\/li>\n<li><span style=\"font-family: verdana, geneva, sans-serif;\">Augmenter le rapport nombre d\u2019\u00e9valuations environnementales \/ nombre d\u2019agents asserment\u00e9s, pour une mise aux normes de l\u2019ensemble des entreprises,<\/span><\/li>\n<li><span style=\"font-family: verdana, geneva, sans-serif;\">Augmenter le rapport nombre de visites des installations class\u00e9es sur le nombre d\u2019agents asserment\u00e9s, en vue d\u2019inspecter un nombre plus \u00e9lev\u00e9 d\u2019entreprises,<\/span><\/li>\n<li><span style=\"font-family: verdana, geneva, sans-serif;\">Am\u00e9liorer le syst\u00e8me d\u2019information environnementale en d\u00e9diant un module sp\u00e9cifique \u00e0 la gestion \u00e9cologiquement rationnelle des produits chimiques,<\/span><\/li>\n<\/ul>\n<p style=\"text-align: justify;\"><span style=\"font-family: verdana, geneva, sans-serif;\"><strong>Au plan de la mobilisation des ressources financi\u00e8res<\/strong><\/span><\/p>\n<ul style=\"text-align: justify;\">\n<li><span style=\"font-family: verdana, geneva, sans-serif;\">Etablir des partenariats public\u2013priv\u00e9 (gagnant-gagnant) pour acc\u00e9l\u00e9rer les actions prioritaires,<\/span><\/li>\n<li><span style=\"font-family: verdana, geneva, sans-serif;\">Collaborer davantage avec les Partenaires Techniques et Financiers pour rendre \u00e9ligibles les projets structurants\u00a0;<\/span><\/li>\n<li><span style=\"font-family: verdana, geneva, sans-serif;\">Inscrire dans le budget national de lignes budg\u00e9taires d\u00e9di\u00e9es aux actions prioritaires pour l\u2019atteinte des ODD li\u00e9s \u00e0 la gestion des produits chimiques.<\/span><\/li>\n<li><span style=\"font-family: verdana, geneva, sans-serif;\">Maitriser les m\u00e9canismes de financement des projets structurants en vue d\u2019une forte mobilisation des ressources financi\u00e8res li\u00e9es \u00e0 la finance climatique,<\/span><\/li>\n<\/ul>\n<p style=\"text-align: justify;\"><span style=\"font-family: verdana, geneva, sans-serif;\"><strong>Au plan des projets structurants\u00a0:<\/strong><\/span><\/p>\n<ul style=\"text-align: justify;\">\n<li><span style=\"font-family: verdana, geneva, sans-serif;\">Pr\u00e9paration d\u2019une deuxi\u00e8me phase du Projet de Gestion des Pesticides Obsol\u00e8tes et d\u00e9chets associ\u00e9s visant la pr\u00e9vention des risques et la gestion des emballages,<\/span><\/li>\n<li><span style=\"font-family: verdana, geneva, sans-serif;\">Pr\u00e9paration d\u2019un projet national PCB visant l\u2019ex\u00e9cution du plan de gestion des PCB d\u2019ici \u00e0 2028 pour leur \u00e9limination compl\u00e8te,<\/span><\/li>\n<li><span style=\"font-family: verdana, geneva, sans-serif;\">R\u00e9activer le Projet sur la gestion des d\u00e9chets d\u2019\u00e9quipements \u00e9lectriques et \u00e9lectroniques,<\/span><\/li>\n<li><span style=\"font-family: verdana, geneva, sans-serif;\">Pr\u00e9paration du projet d\u2019\u00e9valuation de la pollution de l\u2019air dans les grandes villes de la C\u00f4te d\u2019Ivoire,<\/span><\/li>\n<li><span style=\"font-family: verdana, geneva, sans-serif;\">Lancement du projet sur la mise en \u0153uvre en C\u00f4te d\u2019Ivoire du Syst\u00e8me G\u00e9n\u00e9ral Harmonis\u00e9 de classification et d\u2019\u00e9tiquetage des produits chimiques<\/span><\/li>\n<\/ul>\n<p style=\"text-align: justify;\"><span style=\"font-family: verdana, geneva, sans-serif;\"><strong><u>CONCLUSION <\/u><\/strong><\/span><\/p>\n<p style=\"text-align: justify;\"><span style=\"font-family: verdana, geneva, sans-serif;\"><strong>V\u00e9n\u00e9rables S\u00e9nateurs, Mesdames et Messieurs, <\/strong><\/span><\/p>\n<p style=\"text-align: justify;\"><span style=\"font-family: verdana, geneva, sans-serif;\">En guise de conclusion, il est important de noter que l\u2019opportunit\u00e9 qui m\u2019est offerte de vous informer sur les produits biocides et autres, m\u2019a permis de mettre l\u2019accent sur le r\u00f4le que joue mon d\u00e9partement minist\u00e9riel en mati\u00e8re de gestion \u00e9cologiquement rationnelle des produits chimiques le long de leur cycle de vie.<\/span><\/p>\n<p style=\"text-align: justify;\"><span style=\"font-family: verdana, geneva, sans-serif;\">Le Minist\u00e8re en charge de l\u2019Environnement de par ses attributions est l\u2019h\u00f4te de la majorit\u00e9 des accords multilat\u00e9raux environnementaux en lien avec la gestion des produits chimiques. Les engagements internationaux pris nous conduisent \u00e0 \u0153uvrer avec les acteurs du cycle de vie du produit chimique, de mani\u00e8re \u00e0 atteindre l\u2019objectif vis\u00e9, celui de prot\u00e9ger la sant\u00e9 humaine et l\u2019environnement contre les effets n\u00e9fastes de substances chimiques dangereuses.<\/span><\/p>\n<p style=\"text-align: justify;\"><span style=\"font-family: verdana, geneva, sans-serif;\">Durant la d\u00e9cennie qui vient de s\u2019\u00e9couler 2011-2021, sous l\u2019impulsion du Pr\u00e9sident de la R\u00e9publique, Son Excellence Alassane Ouattara, de gros efforts ont \u00e9t\u00e9 consentis pour acc\u00e9l\u00e9rer la gestion \u00e9cologiquement rationnelle des produits chimiques le long de leur cycle de vie. Cependant, il nous faut relever le niveau de notre ambition pour apporter la plus-value n\u00e9cessaire qui garantisse \u00e0 chaque citoyen de vivre dans un environnement sain.<\/span><\/p>\n<p style=\"text-align: justify;\"><span style=\"font-family: verdana, geneva, sans-serif;\">Plusieurs acteurs interviennent dans le cycle de vie du produit chimique. Chacun doit jouer dans le respect de la l\u00e9gislation en vigueur sa partition, avec plus de rigueur et de solidarit\u00e9 dans le sens de la coh\u00e9rence de l\u2019action gouvernementale.<\/span><\/p>\n<p style=\"text-align: justify;\"><span style=\"font-family: verdana, geneva, sans-serif;\">Les d\u00e9fis \u00e0 relever ne sont pas insurmontables. Cependant pour y arriver, il nous faut acc\u00e9l\u00e9rer les actions int\u00e9gr\u00e9es, les hisser au niveau des grandes priorit\u00e9s nationales.<\/span><\/p>\n<p style=\"text-align: justify;\"><span style=\"font-family: verdana, geneva, sans-serif;\">La mobilisation des ressources financi\u00e8res endog\u00e8nes en termes d\u2019investissement dans l\u2019application effective de la r\u00e9glementation, dans le capital humain, dans les infrastructures techniques, dans la recherche scientifique, dans l\u2019\u00e9ducation, l\u2019information et la sensibilisation, nous permettront d\u2019atteindre dans le secteur de la gestion des produits chimiques les objectifs du d\u00e9veloppement durable et de l\u2019agenda 2030.<\/span><\/p>\n<p style=\"text-align: justify;\"><span style=\"font-family: verdana, geneva, sans-serif;\">Au plan juridique, le Gouvernement vient r\u00e9cemment d\u2019adopter en Conseil des Ministres, le nouveau code de l\u2019environnement, qui prend en compte les pr\u00e9occupations li\u00e9es \u00e0 la gestion des produits chimiques. Une s\u00e9rie de lois et de d\u00e9crets seront pris pour renforcer le dispositif juridique.<\/span><\/p>\n<p style=\"text-align: justify;\"><span style=\"font-family: verdana, geneva, sans-serif;\">Au plan institutionnel, la cr\u00e9ation de deux derni\u00e8res directions \u00e0 savoir la direction du contr\u00f4le et de la s\u00e9curit\u00e9 environnementale, le changement de statut de l\u2019ANDE et du CIAPOL en cours, en plus de l\u2019am\u00e9lioration de la fiscalit\u00e9 environnementale, devraient permettre de renforcer le dispositif institutionnel de la mise en \u0153uvre acc\u00e9l\u00e9r\u00e9e des actions coordonn\u00e9es du Minist\u00e8re avec les autres structures, en vue d\u2019atteindre les objectifs vis\u00e9s. \u00a0<\/span><\/p>\n<p style=\"text-align: justify;\"><span style=\"font-family: verdana, geneva, sans-serif;\">Les produits chimiques \u00e0 usage contr\u00f4l\u00e9 avec un faible niveau d\u2019impact sur la sant\u00e9 des populations et l\u2019environnement, seront encore longtemps utilis\u00e9s au profit de l\u2019humanit\u00e9.<\/span><\/p>\n<p style=\"text-align: justify;\"><span style=\"font-family: verdana, geneva, sans-serif;\">Dans un contexte de r\u00e9chauffement climatique, de perte de la biodiversit\u00e9, d\u2019usage massif des produits chimiques, il est temps de favoriser \u00ab\u00a0la chimie verte\u00a0\u00bb pour un d\u00e9veloppement \u00e9conomique et social garantissant l\u2019avenir des g\u00e9n\u00e9rations futures.\u00a0<\/span><\/p>\n<p style=\"text-align: justify;\"><span style=\"font-family: verdana, geneva, sans-serif;\">La gestion \u00e9cologiquement rationnelle des produits chimiques et des d\u00e9chets dangereux est au c\u0153ur du d\u00e9veloppement durable et de l\u2019\u00e9radication de la pauvret\u00e9 et il permet aux collectivit\u00e9s de prosp\u00e9rer.<\/span><\/p>\n<p style=\"text-align: justify;\"><span style=\"font-family: verdana, geneva, sans-serif;\">La mobilisation des ressources financi\u00e8res reste le d\u00e9fi majeur a relever avec l\u2019implication de tous les acteurs, notamment le secteur priv\u00e9.<\/span><\/p>\n<p style=\"text-align: justify;\"><span style=\"font-family: verdana, geneva, sans-serif;\">Pour clore mon propos, permettez-moi, V\u00e9n\u00e9rable Pr\u00e9sident du S\u00e9nat, de vous r\u00e9it\u00e9rer vous et aux V\u00e9n\u00e9rables S\u00e9nateurs, mes sinc\u00e8res remerciements pour cette aimable \u00e9coute.<\/span><\/p>\n<p style=\"text-align: justify;\"><span style=\"font-family: verdana, geneva, sans-serif;\">Je reste tout naturellement \u00e0 votre enti\u00e8re disposition pour les \u00e9changes que nous esp\u00e9rons fructueux pour le b\u00e9n\u00e9fice de tous afin de garantir \u00e0 tous, avec les enseignements qui en seront issus, de vivre dans environnement sain.<\/span><\/p>\n<p style=\"text-align: justify;\"><span style=\"font-family: verdana, geneva, sans-serif;\">Je vous remercie de votre aimable attention.<\/span><\/p>\n","protected":false},"excerpt":{"rendered":"<p>Monsieur le Pr\u00e9sident du SENAT, Monsieur le Ministre d\u2019Etat, Ministre de l\u2019Agriculture et du D\u00e9veloppement Rural, Monsieur le Ministre du Commerce, de l\u2019Industrie et de la Promotion des PME, V\u00e9n\u00e9rables [&hellip;]<\/p>\n","protected":false},"author":1,"featured_media":4106,"comment_status":"closed","ping_status":"closed","sticky":false,"template":"","format":"standard","meta":{"_lmt_disableupdate":"no","_lmt_disable":"","pgc_sgb_lightbox_settings":""},"categories":[58,1],"tags":[],"post_folder":[],"modified_by":"MINEDD","_links":{"self":[{"href":"https:\/\/did-dev.net\/mineddte\/wp-json\/wp\/v2\/posts\/4112"}],"collection":[{"href":"https:\/\/did-dev.net\/mineddte\/wp-json\/wp\/v2\/posts"}],"about":[{"href":"https:\/\/did-dev.net\/mineddte\/wp-json\/wp\/v2\/types\/post"}],"author":[{"embeddable":true,"href":"https:\/\/did-dev.net\/mineddte\/wp-json\/wp\/v2\/users\/1"}],"replies":[{"embeddable":true,"href":"https:\/\/did-dev.net\/mineddte\/wp-json\/wp\/v2\/comments?post=4112"}],"version-history":[{"count":3,"href":"https:\/\/did-dev.net\/mineddte\/wp-json\/wp\/v2\/posts\/4112\/revisions"}],"predecessor-version":[{"id":4116,"href":"https:\/\/did-dev.net\/mineddte\/wp-json\/wp\/v2\/posts\/4112\/revisions\/4116"}],"wp:featuredmedia":[{"embeddable":true,"href":"https:\/\/did-dev.net\/mineddte\/wp-json\/wp\/v2\/media\/4106"}],"wp:attachment":[{"href":"https:\/\/did-dev.net\/mineddte\/wp-json\/wp\/v2\/media?parent=4112"}],"wp:term":[{"taxonomy":"category","embeddable":true,"href":"https:\/\/did-dev.net\/mineddte\/wp-json\/wp\/v2\/categories?post=4112"},{"taxonomy":"post_tag","embeddable":true,"href":"https:\/\/did-dev.net\/mineddte\/wp-json\/wp\/v2\/tags?post=4112"},{"taxonomy":"post_folder","embeddable":true,"href":"https:\/\/did-dev.net\/mineddte\/wp-json\/wp\/v2\/post_folder?post=4112"}],"curies":[{"name":"wp","href":"https:\/\/api.w.org\/{rel}","templated":true}]}}